{"id":22110,"date":"2019-03-13T15:17:29","date_gmt":"2019-03-13T15:17:29","guid":{"rendered":"https:\/\/www.achimbrueckner.de\/dxradio\/php\/wordpress\/?p=22110"},"modified":"2019-03-13T15:17:29","modified_gmt":"2019-03-13T15:17:29","slug":"national-voa-museum-of-broadcasting-director-to-address-history-of-bethany-station","status":"publish","type":"post","link":"https:\/\/www.achimbrueckner.de\/dxradio\/php\/wordpress\/?p=22110","title":{"rendered":"National VOA Museum of Broadcasting director to address history of Bethany Station"},"content":{"rendered":"<p><a href=\"https:\/\/eu.cincinnati.com\/story\/news\/local\/share\/2019\/03\/12\/national-voa-museum-broadcasting-director-address-history-bethany-station\/3129146002\/\" rel=\"noopener noreferrer\" target=\"_blank\">https:\/\/eu.cincinnati.com\/story\/news\/local\/share\/2019\/03\/12\/national-voa-museum-broadcasting-director-address-history-bethany-station\/3129146002\/<\/a><\/p>\n","protected":false},"excerpt":{"rendered":"<p>https:\/\/eu.cincinnati.com\/story\/news\/local\/share\/2019\/03\/12\/national-voa-museum-broadcasting-director-address-history-bethany-station\/3129146002\/<\/p>\n","protected":false},"author":1,"featured_media":0,"comment_status":"closed","ping_status":"open","sticky":false,"template":"","format":"standard","meta":{"_jetpack_memberships_contains_paid_content":false,"footnotes":"","jetpack_publicize_message":"","jetpack_publicize_feature_enabled":true,"jetpack_social_post_already_shared":true,"jetpack_social_options":{"image_generator_settings":{"template":"highway","default_image_id":0,"font":"","enabled":false},"version":2}},"categories":[2],"tags":[],"class_list":["post-22110","post","type-post","status-publish","format-standard","hentry","category-english"],"jetpack_publicize_connections":[],"jetpack_featured_media_url":"","jetpack_sharing_enabled":true,"jetpack_shortlink":"https:\/\/wp.me\/p5CDmr-5KC","jetpack-related-posts":[{"id":1722,"url":"https:\/\/www.achimbrueckner.de\/dxradio\/php\/wordpress\/?p=1722","url_meta":{"origin":22110,"position":0},"title":"VOA Museum","author":"Administrator","date":"August 2, 2011","format":false,"excerpt":"mit einem gut 17 Minuten langen Video informiert das National Voice of America Museum of Broadcasting \u00fcber die Geschichte der Voice of America im allgemeinen und \u00fcber die Geschichte der Sendeanlage in Bethany, Ohio (n\u00f6rdlich von Cincinnati) im besonderen. Man findet das Youtube-Video mit dem Titel: \"America's Voice\" eingebettet auf\u2026","rel":"","context":"In &quot;Deutsch&quot;","block_context":{"text":"Deutsch","link":"https:\/\/www.achimbrueckner.de\/dxradio\/php\/wordpress\/?cat=1"},"img":{"alt_text":"","src":"","width":0,"height":0},"classes":[]},{"id":4656,"url":"https:\/\/www.achimbrueckner.de\/dxradio\/php\/wordpress\/?p=4656","url_meta":{"origin":22110,"position":1},"title":"Photos from the VOA Bethany Museum","author":"Administrator","date":"May 18, 2015","format":false,"excerpt":"http:\/\/swling.com\/blog\/2015\/05\/photos-from-the-voa-bethany-museum\/","rel":"","context":"In &quot;English&quot;","block_context":{"text":"English","link":"https:\/\/www.achimbrueckner.de\/dxradio\/php\/wordpress\/?cat=2"},"img":{"alt_text":"","src":"","width":0,"height":0},"classes":[]},{"id":24793,"url":"https:\/\/www.achimbrueckner.de\/dxradio\/php\/wordpress\/?p=24793","url_meta":{"origin":22110,"position":2},"title":"National VOA Museum of Broadcasting Plans Anniversary Party","author":"Administrator","date":"September 14, 2019","format":false,"excerpt":"https:\/\/www.radioworld.com\/news-and-business\/headlines\/national-voa-museum-of-broadcasting-plans-anniversary-party","rel":"","context":"In &quot;English&quot;","block_context":{"text":"English","link":"https:\/\/www.achimbrueckner.de\/dxradio\/php\/wordpress\/?cat=2"},"img":{"alt_text":"","src":"","width":0,"height":0},"classes":[]},{"id":15154,"url":"https:\/\/www.achimbrueckner.de\/dxradio\/php\/wordpress\/?p=15154","url_meta":{"origin":22110,"position":3},"title":"Crosley biographer to speak at National VOA Museum of Broadcasting","author":"Administrator","date":"October 26, 2017","format":false,"excerpt":"https:\/\/swling.com\/blog\/2017\/10\/crosley-biographer-to-speak-at-national-voa-museum-of-broadcasting\/","rel":"","context":"In &quot;English&quot;","block_context":{"text":"English","link":"https:\/\/www.achimbrueckner.de\/dxradio\/php\/wordpress\/?cat=2"},"img":{"alt_text":"","src":"","width":0,"height":0},"classes":[]},{"id":42285,"url":"https:\/\/www.achimbrueckner.de\/dxradio\/php\/wordpress\/?p=42285","url_meta":{"origin":22110,"position":4},"title":"VOA Museum of Broadcasting History reopened after 7-month renovation","author":"Administrator","date":"March 1, 2025","format":false,"excerpt":"https:\/\/www.journal-news.com\/news\/voa-museum-of-broadcasting-history-reopened-after-7-month-renovation\/CIH5XGLZXBFQLBI2AQ6G6PQ5RU\/","rel":"","context":"In &quot;English&quot;","block_context":{"text":"English","link":"https:\/\/www.achimbrueckner.de\/dxradio\/php\/wordpress\/?cat=2"},"img":{"alt_text":"","src":"","width":0,"height":0},"classes":[]},{"id":13233,"url":"https:\/\/www.achimbrueckner.de\/dxradio\/php\/wordpress\/?p=13233","url_meta":{"origin":22110,"position":5},"title":"National VOA Museum of Broadcasting kicks off Docent Program to expand opening hours","author":"Administrator","date":"May 21, 2017","format":false,"excerpt":"http:\/\/www.southgatearc.org\/news\/2017\/may\/voa-museum-kicks-off-docent-program.htm#.WSGOtmjyiUk","rel":"","context":"In &quot;English&quot;","block_context":{"text":"English","link":"https:\/\/www.achimbrueckner.de\/dxradio\/php\/wordpress\/?cat=2"},"img":{"alt_text":"","src":"","width":0,"height":0},"classes":[]}],"_links":{"self":[{"href":"https:\/\/www.achimbrueckner.de\/dxradio\/php\/wordpress\/index.php?rest_route=\/wp\/v2\/posts\/22110","targetHints":{"allow":["GET"]}}],"collection":[{"href":"https:\/\/www.achimbrueckner.de\/dxradio\/php\/wordpress\/index.php?rest_route=\/wp\/v2\/posts"}],"about":[{"href":"https:\/\/www.achimbrueckner.de\/dxradio\/php\/wordpress\/index.php?rest_route=\/wp\/v2\/types\/post"}],"author":[{"embeddable":true,"href":"https:\/\/www.achimbrueckner.de\/dxradio\/php\/wordpress\/index.php?rest_route=\/wp\/v2\/users\/1"}],"replies":[{"embeddable":true,"href":"https:\/\/www.achimbrueckner.de\/dxradio\/php\/wordpress\/index.php?rest_route=%2Fwp%2Fv2%2Fcomments&post=22110"}],"version-history":[{"count":0,"href":"https:\/\/www.achimbrueckner.de\/dxradio\/php\/wordpress\/index.php?rest_route=\/wp\/v2\/posts\/22110\/revisions"}],"wp:attachment":[{"href":"https:\/\/www.achimbrueckner.de\/dxradio\/php\/wordpress\/index.php?rest_route=%2Fwp%2Fv2%2Fmedia&parent=22110"}],"wp:term":[{"taxonomy":"category","embeddable":true,"href":"https:\/\/www.achimbrueckner.de\/dxradio\/php\/wordpress\/index.php?rest_route=%2Fwp%2Fv2%2Fcategories&post=22110"},{"taxonomy":"post_tag","embeddable":true,"href":"https:\/\/www.achimbrueckner.de\/dxradio\/php\/wordpress\/index.php?rest_route=%2Fwp%2Fv2%2Ftags&post=22110"}],"curies":[{"name":"wp","href":"https:\/\/api.w.org\/{rel}","templated":true}]}}