{"id":22114,"date":"2019-03-13T15:24:50","date_gmt":"2019-03-13T15:24:50","guid":{"rendered":"https:\/\/www.achimbrueckner.de\/dxradio\/php\/wordpress\/?p=22114"},"modified":"2019-03-13T15:24:50","modified_gmt":"2019-03-13T15:24:50","slug":"wir-horen-dich-gemeinsame-sendung-auf-allen-sechs-hr-radioprogrammen","status":"publish","type":"post","link":"https:\/\/www.achimbrueckner.de\/dxradio\/php\/wordpress\/?p=22114","title":{"rendered":"\u201cWir h\u00f6ren Dich\u201d: Gemeinsame Sendung auf allen sechs hr-Radioprogrammen"},"content":{"rendered":"<p><a href=\"http:\/\/www.radiowoche.de\/wir-hoeren-dich-gemeinsame-sendung-auf-allen-sechs-hr-radioprogrammen\/\" rel=\"noopener noreferrer\" target=\"_blank\">http:\/\/www.radiowoche.de\/wir-hoeren-dich-gemeinsame-sendung-auf-allen-sechs-hr-radioprogrammen\/<\/a><\/p>\n","protected":false},"excerpt":{"rendered":"<p>http:\/\/www.radiowoche.de\/wir-hoeren-dich-gemeinsame-sendung-auf-allen-sechs-hr-radioprogrammen\/<\/p>\n","protected":false},"author":1,"featured_media":0,"comment_status":"closed","ping_status":"open","sticky":false,"template":"","format":"standard","meta":{"_jetpack_memberships_contains_paid_content":false,"footnotes":"","jetpack_publicize_message":"","jetpack_publicize_feature_enabled":true,"jetpack_social_post_already_shared":true,"jetpack_social_options":{"image_generator_settings":{"template":"highway","default_image_id":0,"font":"","enabled":false},"version":2}},"categories":[1],"tags":[24],"class_list":["post-22114","post","type-post","status-publish","format-standard","hentry","category-deutsch","tag-am"],"jetpack_publicize_connections":[],"jetpack_featured_media_url":"","jetpack_sharing_enabled":true,"jetpack_shortlink":"https:\/\/wp.me\/p5CDmr-5KG","jetpack-related-posts":[{"id":28168,"url":"https:\/\/www.achimbrueckner.de\/dxradio\/php\/wordpress\/?p=28168","url_meta":{"origin":22114,"position":0},"title":"Gemeinsame Sendung von SWR3 und Radio S\u00fcdtirol 1","author":"Administrator","date":"April 16, 2020","format":false,"excerpt":"https:\/\/www.radioszene.de\/143017\/gemeinsame-sendung-von-swr3-und-radio-suedtirol-1.html","rel":"","context":"In &quot;Deutsch&quot;","block_context":{"text":"Deutsch","link":"https:\/\/www.achimbrueckner.de\/dxradio\/php\/wordpress\/?cat=1"},"img":{"alt_text":"","src":"","width":0,"height":0},"classes":[]},{"id":38627,"url":"https:\/\/www.achimbrueckner.de\/dxradio\/php\/wordpress\/?p=38627","url_meta":{"origin":22114,"position":1},"title":"LRA 36 RADIO NACIONAL ARCANGEL SAN GABRIEL 21 Januar 2023","author":"Administrator","date":"January 18, 2023","format":false,"excerpt":"Die Antarktis ruft! LRA 36 RADIO NACIONAL ARCANGEL SAN GABRIEL pr\u00e4sentiert \"UNIENDO Voces\" (\"Gemeinsame Stimmen\"). Es handelt sich um eine Sondersendung, die in Zusammenarbeit mit RAE (Radiodifusi\u00f3n Argentina al Exterior) produziert wird und sich an Kurzwellenh\u00f6rer, DXer und Funkamateure aus der ganzen Welt richtet. Die Sendung findet am SAMSTAG, 21.\u2026","rel":"","context":"In &quot;Deutsch&quot;","block_context":{"text":"Deutsch","link":"https:\/\/www.achimbrueckner.de\/dxradio\/php\/wordpress\/?cat=1"},"img":{"alt_text":"","src":"","width":0,"height":0},"classes":[]},{"id":11257,"url":"https:\/\/www.achimbrueckner.de\/dxradio\/php\/wordpress\/?p=11257","url_meta":{"origin":22114,"position":2},"title":"Medienmagazin Ende","author":"Administrator","date":"December 4, 2016","format":false,"excerpt":"Hallo liebe Medienmagazin Fans, Rebroadcaster und Radiofreunde, heute m\u00f6chten wir Euch \u00fcber eine Endscheidung unsererseits berichten.Wir werden unser Magazin zum 31.12.2016 beenden und die Sendung komplett auf allen Empfangswegen einstellen. Die letzte Sendung wird auf Kurzwelle am 25.12.2016 zu h\u00f6ren sein. Ab n\u00e4chste Woche (11.12.2016) gibt es im Medienmagazin f\u00fcr\u2026","rel":"","context":"In &quot;Deutsch&quot;","block_context":{"text":"Deutsch","link":"https:\/\/www.achimbrueckner.de\/dxradio\/php\/wordpress\/?cat=1"},"img":{"alt_text":"","src":"","width":0,"height":0},"classes":[]},{"id":38246,"url":"https:\/\/www.achimbrueckner.de\/dxradio\/php\/wordpress\/?p=38246","url_meta":{"origin":22114,"position":3},"title":"Classic Hits Radio Silvester 2022","author":"Administrator","date":"December 18, 2022","format":false,"excerpt":"Classic Hits Radio w\u00fcnscht allen H\u00f6rern einen sch\u00f6nen vierten Advent. Wir begleiten Euch mit Pop und Rock aus 60 Jahren Musikgeschichte durch die Adventszeit. An Silvester sind wir wieder live f\u00fcr Euch auf Sendung. Details zum Programm \u00fcber den Jahreswechsel gibt es demn\u00e4chst hier auf Facebook und Instagram. Ihr h\u00f6rt\u2026","rel":"","context":"In &quot;Deutsch&quot;","block_context":{"text":"Deutsch","link":"https:\/\/www.achimbrueckner.de\/dxradio\/php\/wordpress\/?cat=1"},"img":{"alt_text":"","src":"","width":0,"height":0},"classes":[]},{"id":38247,"url":"https:\/\/www.achimbrueckner.de\/dxradio\/php\/wordpress\/?p=38247","url_meta":{"origin":22114,"position":4},"title":"Telstar Radio Weihnachten 2022","author":"Administrator","date":"December 18, 2022","format":false,"excerpt":"Telstar Rock w\u00fcnscht allen H\u00f6rern einen sch\u00f6nen vierten Advent. Am ersten und zweiten Weihnachtsfeiertag sind wir jeweils ab 20 Uhr wieder live f\u00fcr Euch auf Sendung. Ihr h\u00f6rt unser Programm auf www.telstarrock.de, \u00fcber TuneIn Radio und Radio.de sowie mit fast allen WLAN-Radios. Stay tuned!","rel":"","context":"In &quot;Deutsch&quot;","block_context":{"text":"Deutsch","link":"https:\/\/www.achimbrueckner.de\/dxradio\/php\/wordpress\/?cat=1"},"img":{"alt_text":"","src":"","width":0,"height":0},"classes":[]},{"id":21422,"url":"https:\/\/www.achimbrueckner.de\/dxradio\/php\/wordpress\/?p=21422","url_meta":{"origin":22114,"position":5},"title":"hr info in Bad Orb wieder auf Sendung","author":"Administrator","date":"February 9, 2019","format":false,"excerpt":"https:\/\/www.smartphonefan.de\/2019\/02\/09\/hr-info-in-bad-orb-wieder-auf-sendung\/","rel":"","context":"In &quot;Deutsch&quot;","block_context":{"text":"Deutsch","link":"https:\/\/www.achimbrueckner.de\/dxradio\/php\/wordpress\/?cat=1"},"img":{"alt_text":"","src":"","width":0,"height":0},"classes":[]}],"_links":{"self":[{"href":"https:\/\/www.achimbrueckner.de\/dxradio\/php\/wordpress\/index.php?rest_route=\/wp\/v2\/posts\/22114","targetHints":{"allow":["GET"]}}],"collection":[{"href":"https:\/\/www.achimbrueckner.de\/dxradio\/php\/wordpress\/index.php?rest_route=\/wp\/v2\/posts"}],"about":[{"href":"https:\/\/www.achimbrueckner.de\/dxradio\/php\/wordpress\/index.php?rest_route=\/wp\/v2\/types\/post"}],"author":[{"embeddable":true,"href":"https:\/\/www.achimbrueckner.de\/dxradio\/php\/wordpress\/index.php?rest_route=\/wp\/v2\/users\/1"}],"replies":[{"embeddable":true,"href":"https:\/\/www.achimbrueckner.de\/dxradio\/php\/wordpress\/index.php?rest_route=%2Fwp%2Fv2%2Fcomments&post=22114"}],"version-history":[{"count":0,"href":"https:\/\/www.achimbrueckner.de\/dxradio\/php\/wordpress\/index.php?rest_route=\/wp\/v2\/posts\/22114\/revisions"}],"wp:attachment":[{"href":"https:\/\/www.achimbrueckner.de\/dxradio\/php\/wordpress\/index.php?rest_route=%2Fwp%2Fv2%2Fmedia&parent=22114"}],"wp:term":[{"taxonomy":"category","embeddable":true,"href":"https:\/\/www.achimbrueckner.de\/dxradio\/php\/wordpress\/index.php?rest_route=%2Fwp%2Fv2%2Fcategories&post=22114"},{"taxonomy":"post_tag","embeddable":true,"href":"https:\/\/www.achimbrueckner.de\/dxradio\/php\/wordpress\/index.php?rest_route=%2Fwp%2Fv2%2Ftags&post=22114"}],"curies":[{"name":"wp","href":"https:\/\/api.w.org\/{rel}","templated":true}]}}