{"id":22141,"date":"2019-03-15T15:02:05","date_gmt":"2019-03-15T15:02:05","guid":{"rendered":"https:\/\/www.achimbrueckner.de\/dxradio\/php\/wordpress\/?p=22141"},"modified":"2019-03-15T15:02:05","modified_gmt":"2019-03-15T15:02:05","slug":"30-jahre-dauert-der-moment","status":"publish","type":"post","link":"https:\/\/www.achimbrueckner.de\/dxradio\/php\/wordpress\/?p=22141","title":{"rendered":"\u201e30 Jahre dauert der Moment\u201c"},"content":{"rendered":"<p><a href=\"http:\/\/www.e-pages.dk\/horizont\/361\/article\/869733\/26\/2\/render\/?token=781d0e38f884cbeb10b2d8da79f82c24\" rel=\"noopener noreferrer\" target=\"_blank\">http:\/\/www.e-pages.dk\/horizont\/361\/article\/869733\/26\/2\/render\/?token=781d0e38f884cbeb10b2d8da79f82c24<\/a><\/p>\n","protected":false},"excerpt":{"rendered":"<p>http:\/\/www.e-pages.dk\/horizont\/361\/article\/869733\/26\/2\/render\/?token=781d0e38f884cbeb10b2d8da79f82c24<\/p>\n","protected":false},"author":1,"featured_media":0,"comment_status":"closed","ping_status":"open","sticky":false,"template":"","format":"standard","meta":{"_jetpack_memberships_contains_paid_content":false,"footnotes":"","jetpack_publicize_message":"","jetpack_publicize_feature_enabled":true,"jetpack_social_post_already_shared":true,"jetpack_social_options":{"image_generator_settings":{"template":"highway","default_image_id":0,"font":"","enabled":false},"version":2}},"categories":[1],"tags":[],"class_list":["post-22141","post","type-post","status-publish","format-standard","hentry","category-deutsch"],"jetpack_publicize_connections":[],"jetpack_featured_media_url":"","jetpack_sharing_enabled":true,"jetpack_shortlink":"https:\/\/wp.me\/p5CDmr-5L7","jetpack-related-posts":[{"id":3927,"url":"https:\/\/www.achimbrueckner.de\/dxradio\/php\/wordpress\/?p=3927","url_meta":{"origin":22141,"position":0},"title":"RIAS ARD Ring-Sendung 40 Jahre Rundfunk vom 28.10.1963","author":"Administrator","date":"January 4, 2015","format":false,"excerpt":"http:\/\/www.rias1.de\/sound4\/rias_\/riashistory\/631028_20_uhr_ard_ring_sdg_40_jahre_rundfunk.html \"RIAS ARD Ring-Sendung 40 Jahre Rundfunk vom 28.10.1963 (01:56:43) Die zw\u00f6lf in der Arbeitsgemeinschaft der Rundfunkanstalten (ARD) zusammengeschlossenen Rundfunkanstalten gedenken in einer gemeinsamen Sendung des 40j\u00e4hrigen Rundfunkjubil\u00e4ums.\" Alleine die Nennung der angeschlossenen Anstalten dauert \u00fcber zwei Minuten. Schlie\u00dflich spielt jede ihr Pausenzeichen. Info via A-DX","rel":"","context":"In &quot;Deutsch&quot;","block_context":{"text":"Deutsch","link":"https:\/\/www.achimbrueckner.de\/dxradio\/php\/wordpress\/?cat=1"},"img":{"alt_text":"","src":"","width":0,"height":0},"classes":[]},{"id":10145,"url":"https:\/\/www.achimbrueckner.de\/dxradio\/php\/wordpress\/?p=10145","url_meta":{"origin":22141,"position":1},"title":"Umstieg auf digitales Radio dauert zehn Jahre","author":"Administrator","date":"August 30, 2016","format":false,"excerpt":"http:\/\/www.horizont.net\/medien\/nachrichten\/NDR-Hoerfunkchef-Umstieg-auf-digitales-Radio-dauert-zehn-Jahre-142375","rel":"","context":"In &quot;Deutsch&quot;","block_context":{"text":"Deutsch","link":"https:\/\/www.achimbrueckner.de\/dxradio\/php\/wordpress\/?cat=1"},"img":{"alt_text":"","src":"","width":0,"height":0},"classes":[]},{"id":11812,"url":"https:\/\/www.achimbrueckner.de\/dxradio\/php\/wordpress\/?p=11812","url_meta":{"origin":22141,"position":2},"title":"Der ffn-Neujahrsempfang 2017: 30 Jahre ffn \u2013 willkommen im Schwimmbad!","author":"Administrator","date":"January 20, 2017","format":false,"excerpt":"http:\/\/www.radiowoche.de\/der-ffn-neujahrsempfang-2017-30-jahre-ffn-willkommen-im-schwimmbad\/","rel":"","context":"In &quot;Deutsch&quot;","block_context":{"text":"Deutsch","link":"https:\/\/www.achimbrueckner.de\/dxradio\/php\/wordpress\/?cat=1"},"img":{"alt_text":"","src":"","width":0,"height":0},"classes":[]},{"id":2842,"url":"https:\/\/www.achimbrueckner.de\/dxradio\/php\/wordpress\/?p=2842","url_meta":{"origin":22141,"position":3},"title":"30 Jahre Kommerzfernsehen \u2013 Der Niedergang des wirkm\u00e4chtigsten Mediums","author":"Administrator","date":"January 7, 2014","format":false,"excerpt":"http:\/\/www.nachdenkseiten.de\/?p=19807 Info via A-DX","rel":"","context":"In &quot;Deutsch&quot;","block_context":{"text":"Deutsch","link":"https:\/\/www.achimbrueckner.de\/dxradio\/php\/wordpress\/?cat=1"},"img":{"alt_text":"","src":"","width":0,"height":0},"classes":[]},{"id":8079,"url":"https:\/\/www.achimbrueckner.de\/dxradio\/php\/wordpress\/?p=8079","url_meta":{"origin":22141,"position":4},"title":"RPR1. wird 30: Eine Reise in das Radio der 80er-Jahre","author":"Administrator","date":"April 20, 2016","format":false,"excerpt":"http:\/\/www.radioszene.de\/90207\/rpr1-30jahre-jubilaeum.html","rel":"","context":"In &quot;Deutsch&quot;","block_context":{"text":"Deutsch","link":"https:\/\/www.achimbrueckner.de\/dxradio\/php\/wordpress\/?cat=1"},"img":{"alt_text":"","src":"","width":0,"height":0},"classes":[]},{"id":1912,"url":"https:\/\/www.achimbrueckner.de\/dxradio\/php\/wordpress\/?p=1912","url_meta":{"origin":22141,"position":5},"title":"Der Mittelwellensender M\u00fchlacker","author":"Administrator","date":"November 12, 2011","format":false,"excerpt":"08:30 MEZ 12. Dezember 2011 SWR2 Wissen Der Mittelwellensender M\u00fchlacker 81 Jahre lebendige Rundfunkgeschichte Von J\u00f6rg Hucklenbroich und Ralf Kr\u00f6ner http:\/\/www.swr.de\/swr2\/programm\/sendungen\/wissen\/-\/id=660374\/nid=660374\/did=8837808\/829jxr\/ Info via A-DX","rel":"","context":"In &quot;Deutsch&quot;","block_context":{"text":"Deutsch","link":"https:\/\/www.achimbrueckner.de\/dxradio\/php\/wordpress\/?cat=1"},"img":{"alt_text":"","src":"","width":0,"height":0},"classes":[]}],"_links":{"self":[{"href":"https:\/\/www.achimbrueckner.de\/dxradio\/php\/wordpress\/index.php?rest_route=\/wp\/v2\/posts\/22141","targetHints":{"allow":["GET"]}}],"collection":[{"href":"https:\/\/www.achimbrueckner.de\/dxradio\/php\/wordpress\/index.php?rest_route=\/wp\/v2\/posts"}],"about":[{"href":"https:\/\/www.achimbrueckner.de\/dxradio\/php\/wordpress\/index.php?rest_route=\/wp\/v2\/types\/post"}],"author":[{"embeddable":true,"href":"https:\/\/www.achimbrueckner.de\/dxradio\/php\/wordpress\/index.php?rest_route=\/wp\/v2\/users\/1"}],"replies":[{"embeddable":true,"href":"https:\/\/www.achimbrueckner.de\/dxradio\/php\/wordpress\/index.php?rest_route=%2Fwp%2Fv2%2Fcomments&post=22141"}],"version-history":[{"count":0,"href":"https:\/\/www.achimbrueckner.de\/dxradio\/php\/wordpress\/index.php?rest_route=\/wp\/v2\/posts\/22141\/revisions"}],"wp:attachment":[{"href":"https:\/\/www.achimbrueckner.de\/dxradio\/php\/wordpress\/index.php?rest_route=%2Fwp%2Fv2%2Fmedia&parent=22141"}],"wp:term":[{"taxonomy":"category","embeddable":true,"href":"https:\/\/www.achimbrueckner.de\/dxradio\/php\/wordpress\/index.php?rest_route=%2Fwp%2Fv2%2Fcategories&post=22141"},{"taxonomy":"post_tag","embeddable":true,"href":"https:\/\/www.achimbrueckner.de\/dxradio\/php\/wordpress\/index.php?rest_route=%2Fwp%2Fv2%2Ftags&post=22141"}],"curies":[{"name":"wp","href":"https:\/\/api.w.org\/{rel}","templated":true}]}}