{"id":22155,"date":"2019-03-15T21:41:02","date_gmt":"2019-03-15T21:41:02","guid":{"rendered":"https:\/\/www.achimbrueckner.de\/dxradio\/php\/wordpress\/?p=22155"},"modified":"2019-03-15T21:41:02","modified_gmt":"2019-03-15T21:41:02","slug":"dab-dab-autobauer-drucken-sich-vor-pflicht-von-digitalem-radio","status":"publish","type":"post","link":"https:\/\/www.achimbrueckner.de\/dxradio\/php\/wordpress\/?p=22155","title":{"rendered":"DAB\/DAB+: Autobauer dr\u00fccken sich vor Pflicht von digitalem Radio"},"content":{"rendered":"<p><a href=\"https:\/\/www.computerbase.de\/2019-03\/dab-pflicht-audi-ford\/\" rel=\"noopener noreferrer\" target=\"_blank\">https:\/\/www.computerbase.de\/2019-03\/dab-pflicht-audi-ford\/<\/a><\/p>\n","protected":false},"excerpt":{"rendered":"<p>https:\/\/www.computerbase.de\/2019-03\/dab-pflicht-audi-ford\/<\/p>\n","protected":false},"author":1,"featured_media":0,"comment_status":"closed","ping_status":"open","sticky":false,"template":"","format":"standard","meta":{"_jetpack_memberships_contains_paid_content":false,"footnotes":"","jetpack_publicize_message":"","jetpack_publicize_feature_enabled":true,"jetpack_social_post_already_shared":true,"jetpack_social_options":{"image_generator_settings":{"template":"highway","default_image_id":0,"font":"","enabled":false},"version":2}},"categories":[1],"tags":[31],"class_list":["post-22155","post","type-post","status-publish","format-standard","hentry","category-deutsch","tag-dab"],"jetpack_publicize_connections":[],"jetpack_featured_media_url":"","jetpack_sharing_enabled":true,"jetpack_shortlink":"https:\/\/wp.me\/p5CDmr-5Ll","jetpack-related-posts":[{"id":22441,"url":"https:\/\/www.achimbrueckner.de\/dxradio\/php\/wordpress\/?p=22441","url_meta":{"origin":22155,"position":0},"title":"DAB\/DAB+: Bei Audi ist digitales Radio ab Ende 2020 serienm\u00e4\u00dfig","author":"Administrator","date":"March 28, 2019","format":false,"excerpt":"https:\/\/www.computerbase.de\/2019-03\/audi-dab-pflicht-2020\/","rel":"","context":"In &quot;Deutsch&quot;","block_context":{"text":"Deutsch","link":"https:\/\/www.achimbrueckner.de\/dxradio\/php\/wordpress\/?cat=1"},"img":{"alt_text":"","src":"","width":0,"height":0},"classes":[]},{"id":21034,"url":"https:\/\/www.achimbrueckner.de\/dxradio\/php\/wordpress\/?p=21034","url_meta":{"origin":22155,"position":1},"title":"DAB+ im Auto: Hersteller vor Umsetzung der Digitalradio-Pflicht","author":"Administrator","date":"January 21, 2019","format":false,"excerpt":"https:\/\/www.dabplus.de\/2019\/01\/21\/dab-im-auto-hersteller-vor-umsetzung-der-digitalradio-pflicht\/","rel":"","context":"In &quot;Deutsch&quot;","block_context":{"text":"Deutsch","link":"https:\/\/www.achimbrueckner.de\/dxradio\/php\/wordpress\/?cat=1"},"img":{"alt_text":"","src":"","width":0,"height":0},"classes":[]},{"id":1423,"url":"https:\/\/www.achimbrueckner.de\/dxradio\/php\/wordpress\/?p=1423","url_meta":{"origin":22155,"position":2},"title":"TKG-Novelle: Keine DAB-Pflicht f\u00fcr Radio-Empf\u00e4nger","author":"Administrator","date":"March 24, 2011","format":false,"excerpt":"TKG-Novelle: Keine DAB-Pflicht f\u00fcr Radio-Empf\u00e4nger http:\/\/www.teltarif.de\/tkg-novelle-radio-keine-dab-pflicht\/news\/42127.html","rel":"","context":"In &quot;Deutsch&quot;","block_context":{"text":"Deutsch","link":"https:\/\/www.achimbrueckner.de\/dxradio\/php\/wordpress\/?cat=1"},"img":{"alt_text":"","src":"","width":0,"height":0},"classes":[]},{"id":25440,"url":"https:\/\/www.achimbrueckner.de\/dxradio\/php\/wordpress\/?p=25440","url_meta":{"origin":22155,"position":3},"title":"Was bedeutet die DAB+-Pflicht in Radios f\u00fcr Verbraucher?","author":"Administrator","date":"October 22, 2019","format":false,"excerpt":"https:\/\/www.teltarif.de\/radio-digitalradio-dab-plus-pflicht-digitalradio\/news\/78407.html","rel":"","context":"In &quot;Deutsch&quot;","block_context":{"text":"Deutsch","link":"https:\/\/www.achimbrueckner.de\/dxradio\/php\/wordpress\/?cat=1"},"img":{"alt_text":"","src":"","width":0,"height":0},"classes":[]},{"id":22148,"url":"https:\/\/www.achimbrueckner.de\/dxradio\/php\/wordpress\/?p=22148","url_meta":{"origin":22155,"position":4},"title":"Bund und L\u00e4nder zu DAB+: Neufassung des TKG mit nationaler Digitalradio-Pflicht \/ Deutschlandradio stellt in drei weiteren Regionen auf digitalen Empfang um","author":"Administrator","date":"March 15, 2019","format":false,"excerpt":"https:\/\/www.dabplus.de\/2019\/03\/15\/bund-und-laender-zu-dab-neufassung-des-tkg-mit-nationaler-digitalradio-pflicht-deutschlandradio-stellt-in-drei-weiteren-regionen-auf-digitalen-empfang-um\/","rel":"","context":"In &quot;Deutsch&quot;","block_context":{"text":"Deutsch","link":"https:\/\/www.achimbrueckner.de\/dxradio\/php\/wordpress\/?cat=1"},"img":{"alt_text":"","src":"","width":0,"height":0},"classes":[]},{"id":21183,"url":"https:\/\/www.achimbrueckner.de\/dxradio\/php\/wordpress\/?p=21183","url_meta":{"origin":22155,"position":5},"title":"Frankreich f\u00fchrt DAB+-Pflicht f\u00fcr Radiomodelle ein","author":"Administrator","date":"January 28, 2019","format":false,"excerpt":"https:\/\/www.teltarif.de\/radio-dab-plus-frankreich\/news\/75432.html","rel":"","context":"In &quot;Deutsch&quot;","block_context":{"text":"Deutsch","link":"https:\/\/www.achimbrueckner.de\/dxradio\/php\/wordpress\/?cat=1"},"img":{"alt_text":"","src":"","width":0,"height":0},"classes":[]}],"_links":{"self":[{"href":"https:\/\/www.achimbrueckner.de\/dxradio\/php\/wordpress\/index.php?rest_route=\/wp\/v2\/posts\/22155","targetHints":{"allow":["GET"]}}],"collection":[{"href":"https:\/\/www.achimbrueckner.de\/dxradio\/php\/wordpress\/index.php?rest_route=\/wp\/v2\/posts"}],"about":[{"href":"https:\/\/www.achimbrueckner.de\/dxradio\/php\/wordpress\/index.php?rest_route=\/wp\/v2\/types\/post"}],"author":[{"embeddable":true,"href":"https:\/\/www.achimbrueckner.de\/dxradio\/php\/wordpress\/index.php?rest_route=\/wp\/v2\/users\/1"}],"replies":[{"embeddable":true,"href":"https:\/\/www.achimbrueckner.de\/dxradio\/php\/wordpress\/index.php?rest_route=%2Fwp%2Fv2%2Fcomments&post=22155"}],"version-history":[{"count":0,"href":"https:\/\/www.achimbrueckner.de\/dxradio\/php\/wordpress\/index.php?rest_route=\/wp\/v2\/posts\/22155\/revisions"}],"wp:attachment":[{"href":"https:\/\/www.achimbrueckner.de\/dxradio\/php\/wordpress\/index.php?rest_route=%2Fwp%2Fv2%2Fmedia&parent=22155"}],"wp:term":[{"taxonomy":"category","embeddable":true,"href":"https:\/\/www.achimbrueckner.de\/dxradio\/php\/wordpress\/index.php?rest_route=%2Fwp%2Fv2%2Fcategories&post=22155"},{"taxonomy":"post_tag","embeddable":true,"href":"https:\/\/www.achimbrueckner.de\/dxradio\/php\/wordpress\/index.php?rest_route=%2Fwp%2Fv2%2Ftags&post=22155"}],"curies":[{"name":"wp","href":"https:\/\/api.w.org\/{rel}","templated":true}]}}