{"id":22197,"date":"2019-03-17T09:36:27","date_gmt":"2019-03-17T09:36:27","guid":{"rendered":"https:\/\/www.achimbrueckner.de\/dxradio\/php\/wordpress\/?p=22197"},"modified":"2019-03-17T09:36:27","modified_gmt":"2019-03-17T09:36:27","slug":"ubersicht-deutschsprachiges-radio-auf-den-kanarischen-inseln","status":"publish","type":"post","link":"https:\/\/www.achimbrueckner.de\/dxradio\/php\/wordpress\/?p=22197","title":{"rendered":"\u00dcbersicht: Deutschsprachiges Radio auf den Kanarischen Inseln"},"content":{"rendered":"<p><a href=\"https:\/\/www.smartphonefan.de\/2019\/03\/17\/uebersicht-deutschsprachiges-radio-auf-den-kanarischen-inseln\/\" rel=\"noopener noreferrer\" target=\"_blank\">https:\/\/www.smartphonefan.de\/2019\/03\/17\/uebersicht-deutschsprachiges-radio-auf-den-kanarischen-inseln\/<\/a><\/p>\n","protected":false},"excerpt":{"rendered":"<p>https:\/\/www.smartphonefan.de\/2019\/03\/17\/uebersicht-deutschsprachiges-radio-auf-den-kanarischen-inseln\/<\/p>\n","protected":false},"author":1,"featured_media":0,"comment_status":"closed","ping_status":"open","sticky":false,"template":"","format":"standard","meta":{"_jetpack_memberships_contains_paid_content":false,"footnotes":"","jetpack_publicize_message":"","jetpack_publicize_feature_enabled":true,"jetpack_social_post_already_shared":true,"jetpack_social_options":{"image_generator_settings":{"template":"highway","default_image_id":0,"font":"","enabled":false},"version":2}},"categories":[1],"tags":[],"class_list":["post-22197","post","type-post","status-publish","format-standard","hentry","category-deutsch"],"jetpack_publicize_connections":[],"jetpack_featured_media_url":"","jetpack_sharing_enabled":true,"jetpack_shortlink":"https:\/\/wp.me\/p5CDmr-5M1","jetpack-related-posts":[{"id":31311,"url":"https:\/\/www.achimbrueckner.de\/dxradio\/php\/wordpress\/?p=31311","url_meta":{"origin":22197,"position":0},"title":"Radio Calima und Italiana FM: Italienische Programme auf den Kanarischen Inseln","author":"Administrator","date":"December 23, 2020","format":false,"excerpt":"https:\/\/www.smartphonefan.de\/2020\/12\/22\/radio-calima-und-italiana-fm-italienische-programme-auf-den-kanarischen-inseln\/","rel":"","context":"In &quot;Deutsch&quot;","block_context":{"text":"Deutsch","link":"https:\/\/www.achimbrueckner.de\/dxradio\/php\/wordpress\/?cat=1"},"img":{"alt_text":"","src":"","width":0,"height":0},"classes":[]},{"id":30068,"url":"https:\/\/www.achimbrueckner.de\/dxradio\/php\/wordpress\/?p=30068","url_meta":{"origin":22197,"position":1},"title":"Radiokrieg auf den Kanarischen Inseln","author":"Administrator","date":"September 14, 2020","format":false,"excerpt":"https:\/\/www.smartphonefan.de\/2020\/09\/14\/radiokrieg-auf-den-kanarischen-inseln\/","rel":"","context":"In &quot;Deutsch&quot;","block_context":{"text":"Deutsch","link":"https:\/\/www.achimbrueckner.de\/dxradio\/php\/wordpress\/?cat=1"},"img":{"alt_text":"","src":"","width":0,"height":0},"classes":[]},{"id":22628,"url":"https:\/\/www.achimbrueckner.de\/dxradio\/php\/wordpress\/?p=22628","url_meta":{"origin":22197,"position":2},"title":"Can and More: Neues deutschsprachiges Radio auf Fuerteventura","author":"Administrator","date":"April 9, 2019","format":false,"excerpt":"https:\/\/www.smartphonefan.de\/2019\/04\/09\/can-and-more-neues-deutschsprachiges-radio-auf-fuerteventura\/","rel":"","context":"In &quot;Deutsch&quot;","block_context":{"text":"Deutsch","link":"https:\/\/www.achimbrueckner.de\/dxradio\/php\/wordpress\/?cat=1"},"img":{"alt_text":"","src":"","width":0,"height":0},"classes":[]},{"id":40108,"url":"https:\/\/www.achimbrueckner.de\/dxradio\/php\/wordpress\/?p=40108","url_meta":{"origin":22197,"position":3},"title":"Peter Graf: \u201eRadio Europa ist \u00e4ltestes deutschsprachiges Radio auf den Kanaren\u201c","author":"Administrator","date":"September 6, 2023","format":false,"excerpt":"https:\/\/www.radioszene.de\/179211\/radio-europa-peter-graf-interview.html","rel":"","context":"In &quot;Deutsch&quot;","block_context":{"text":"Deutsch","link":"https:\/\/www.achimbrueckner.de\/dxradio\/php\/wordpress\/?cat=1"},"img":{"alt_text":"","src":"","width":0,"height":0},"classes":[]},{"id":26112,"url":"https:\/\/www.achimbrueckner.de\/dxradio\/php\/wordpress\/?p=26112","url_meta":{"origin":22197,"position":4},"title":"Jubil\u00e4um: 30 Jahre deutschsprachiges Satellitenfernsehen auf Astra 19,2\u00b0 Ost","author":"Administrator","date":"December 9, 2019","format":false,"excerpt":"https:\/\/www.infosat.de\/digital-tv\/jubil-um-30-jahre-deutschsprachiges-satellitenfernsehen-auf-astra-192-ost","rel":"","context":"In &quot;Deutsch&quot;","block_context":{"text":"Deutsch","link":"https:\/\/www.achimbrueckner.de\/dxradio\/php\/wordpress\/?cat=1"},"img":{"alt_text":"","src":"","width":0,"height":0},"classes":[]},{"id":33024,"url":"https:\/\/www.achimbrueckner.de\/dxradio\/php\/wordpress\/?p=33024","url_meta":{"origin":22197,"position":5},"title":"Polnische Rundfunk 225 kHz 0700 Utc Deutsch","author":"Administrator","date":"July 8, 2021","format":false,"excerpt":"Der Polnische Rundfunk ist im Sommer \u00fcber den Sender in Sender Raszyn nahe dem Dorfs \u0141azy in Polen auf Langwelle 225 kHz zu h\u00f6ren. Um 07.00 UT wird ein deutschsprachiges Programm \"Der Sommer im Radio\" ausgestrahlt. Info via Facebook A-DX","rel":"","context":"In &quot;Deutsch&quot;","block_context":{"text":"Deutsch","link":"https:\/\/www.achimbrueckner.de\/dxradio\/php\/wordpress\/?cat=1"},"img":{"alt_text":"","src":"","width":0,"height":0},"classes":[]}],"_links":{"self":[{"href":"https:\/\/www.achimbrueckner.de\/dxradio\/php\/wordpress\/index.php?rest_route=\/wp\/v2\/posts\/22197","targetHints":{"allow":["GET"]}}],"collection":[{"href":"https:\/\/www.achimbrueckner.de\/dxradio\/php\/wordpress\/index.php?rest_route=\/wp\/v2\/posts"}],"about":[{"href":"https:\/\/www.achimbrueckner.de\/dxradio\/php\/wordpress\/index.php?rest_route=\/wp\/v2\/types\/post"}],"author":[{"embeddable":true,"href":"https:\/\/www.achimbrueckner.de\/dxradio\/php\/wordpress\/index.php?rest_route=\/wp\/v2\/users\/1"}],"replies":[{"embeddable":true,"href":"https:\/\/www.achimbrueckner.de\/dxradio\/php\/wordpress\/index.php?rest_route=%2Fwp%2Fv2%2Fcomments&post=22197"}],"version-history":[{"count":0,"href":"https:\/\/www.achimbrueckner.de\/dxradio\/php\/wordpress\/index.php?rest_route=\/wp\/v2\/posts\/22197\/revisions"}],"wp:attachment":[{"href":"https:\/\/www.achimbrueckner.de\/dxradio\/php\/wordpress\/index.php?rest_route=%2Fwp%2Fv2%2Fmedia&parent=22197"}],"wp:term":[{"taxonomy":"category","embeddable":true,"href":"https:\/\/www.achimbrueckner.de\/dxradio\/php\/wordpress\/index.php?rest_route=%2Fwp%2Fv2%2Fcategories&post=22197"},{"taxonomy":"post_tag","embeddable":true,"href":"https:\/\/www.achimbrueckner.de\/dxradio\/php\/wordpress\/index.php?rest_route=%2Fwp%2Fv2%2Ftags&post=22197"}],"curies":[{"name":"wp","href":"https:\/\/api.w.org\/{rel}","templated":true}]}}