{"id":22215,"date":"2019-03-18T15:02:22","date_gmt":"2019-03-18T15:02:22","guid":{"rendered":"https:\/\/www.achimbrueckner.de\/dxradio\/php\/wordpress\/?p=22215"},"modified":"2019-03-18T15:02:22","modified_gmt":"2019-03-18T15:02:22","slug":"fpo-drangt-auf-gis-ende-spo-rustet","status":"publish","type":"post","link":"https:\/\/www.achimbrueckner.de\/dxradio\/php\/wordpress\/?p=22215","title":{"rendered":"FP\u00d6 dr\u00e4ngt auf GIS-Ende, SP\u00d6 r\u00fcstet"},"content":{"rendered":"<p><a href=\"https:\/\/derstandard.at\/2000099692341\/FPOe-draengt-auf-GIS-Ende-SPOe-ruestet\" rel=\"noopener noreferrer\" target=\"_blank\">https:\/\/derstandard.at\/2000099692341\/FPOe-draengt-auf-GIS-Ende-SPOe-ruestet<\/a><\/p>\n","protected":false},"excerpt":{"rendered":"<p>https:\/\/derstandard.at\/2000099692341\/FPOe-draengt-auf-GIS-Ende-SPOe-ruestet<\/p>\n","protected":false},"author":1,"featured_media":0,"comment_status":"closed","ping_status":"open","sticky":false,"template":"","format":"standard","meta":{"_jetpack_memberships_contains_paid_content":false,"footnotes":"","jetpack_publicize_message":"","jetpack_publicize_feature_enabled":true,"jetpack_social_post_already_shared":true,"jetpack_social_options":{"image_generator_settings":{"template":"highway","default_image_id":0,"font":"","enabled":false},"version":2}},"categories":[1],"tags":[],"class_list":["post-22215","post","type-post","status-publish","format-standard","hentry","category-deutsch"],"jetpack_publicize_connections":[],"jetpack_featured_media_url":"","jetpack_sharing_enabled":true,"jetpack_shortlink":"https:\/\/wp.me\/p5CDmr-5Mj","jetpack-related-posts":[{"id":22217,"url":"https:\/\/www.achimbrueckner.de\/dxradio\/php\/wordpress\/?p=22217","url_meta":{"origin":22215,"position":0},"title":"Staatssekret\u00e4r: FP\u00d6 will GIS-Geb\u00fchren abschaffen","author":"Administrator","date":"March 18, 2019","format":false,"excerpt":"https:\/\/www.vienna.at\/staatssekretaer-fpoe-will-gis-gebuehren-abschaffen\/6133139","rel":"","context":"In &quot;Deutsch&quot;","block_context":{"text":"Deutsch","link":"https:\/\/www.achimbrueckner.de\/dxradio\/php\/wordpress\/?cat=1"},"img":{"alt_text":"","src":"","width":0,"height":0},"classes":[]},{"id":39776,"url":"https:\/\/www.achimbrueckner.de\/dxradio\/php\/wordpress\/?p=39776","url_meta":{"origin":22215,"position":1},"title":"BLM sieht DAB vorn und dr\u00e4ngt auf UKW-Ende","author":"Administrator","date":"July 4, 2023","format":false,"excerpt":"https:\/\/www.privatfunk.de\/r23\/10117.html","rel":"","context":"In &quot;Deutsch&quot;","block_context":{"text":"Deutsch","link":"https:\/\/www.achimbrueckner.de\/dxradio\/php\/wordpress\/?cat=1"},"img":{"alt_text":"","src":"","width":0,"height":0},"classes":[]},{"id":32899,"url":"https:\/\/www.achimbrueckner.de\/dxradio\/php\/wordpress\/?p=32899","url_meta":{"origin":22215,"position":2},"title":"Hype um Audioangebote Facebook dr\u00e4ngt auf den Podcast-Markt","author":"Administrator","date":"June 17, 2021","format":false,"excerpt":"https:\/\/www.spiegel.de\/netzwelt\/apps\/facebook-draengt-auf-den-podcast-markt-a-ffcd772d-9c0c-42e2-a007-94944fe5514d","rel":"","context":"In &quot;audio&quot;","block_context":{"text":"audio","link":"https:\/\/www.achimbrueckner.de\/dxradio\/php\/wordpress\/?cat=47"},"img":{"alt_text":"","src":"","width":0,"height":0},"classes":[]},{"id":45074,"url":"https:\/\/www.achimbrueckner.de\/dxradio\/php\/wordpress\/?p=45074","url_meta":{"origin":22215,"position":3},"title":"UKW-Abschaltung: KEF dr\u00e4ngt auf schnelleres Ende","author":"Administrator","date":"February 18, 2026","format":false,"excerpt":"https:\/\/www.teltarif.de\/radio-ukw-abschaltung-dab-hoerfunk\/news\/101979.html","rel":"","context":"In &quot;Deutsch&quot;","block_context":{"text":"Deutsch","link":"https:\/\/www.achimbrueckner.de\/dxradio\/php\/wordpress\/?cat=1"},"img":{"alt_text":"","src":"","width":0,"height":0},"classes":[]},{"id":22216,"url":"https:\/\/www.achimbrueckner.de\/dxradio\/php\/wordpress\/?p=22216","url_meta":{"origin":22215,"position":4},"title":"Abschaffung der GIS-Geb\u00fchren nimmt Fahrt auf","author":"Administrator","date":"March 18, 2019","format":false,"excerpt":"https:\/\/www.oe24.at\/oesterreich\/politik\/Abschaffung-der-GIS-Gebuehren-nimmt-Fahrt-auf\/372247481","rel":"","context":"In &quot;Deutsch&quot;","block_context":{"text":"Deutsch","link":"https:\/\/www.achimbrueckner.de\/dxradio\/php\/wordpress\/?cat=1"},"img":{"alt_text":"","src":"","width":0,"height":0},"classes":[]},{"id":21327,"url":"https:\/\/www.achimbrueckner.de\/dxradio\/php\/wordpress\/?p=21327","url_meta":{"origin":22215,"position":5},"title":"Die Medienf\u00f6rderungen \u2013 von GIS bis Krone.tv","author":"Administrator","date":"February 5, 2019","format":false,"excerpt":"https:\/\/derstandard.at\/2000097517425\/Die-Medienfoerderungen-von-GIS-bis-Kronetv","rel":"","context":"In &quot;Deutsch&quot;","block_context":{"text":"Deutsch","link":"https:\/\/www.achimbrueckner.de\/dxradio\/php\/wordpress\/?cat=1"},"img":{"alt_text":"","src":"","width":0,"height":0},"classes":[]}],"_links":{"self":[{"href":"https:\/\/www.achimbrueckner.de\/dxradio\/php\/wordpress\/index.php?rest_route=\/wp\/v2\/posts\/22215","targetHints":{"allow":["GET"]}}],"collection":[{"href":"https:\/\/www.achimbrueckner.de\/dxradio\/php\/wordpress\/index.php?rest_route=\/wp\/v2\/posts"}],"about":[{"href":"https:\/\/www.achimbrueckner.de\/dxradio\/php\/wordpress\/index.php?rest_route=\/wp\/v2\/types\/post"}],"author":[{"embeddable":true,"href":"https:\/\/www.achimbrueckner.de\/dxradio\/php\/wordpress\/index.php?rest_route=\/wp\/v2\/users\/1"}],"replies":[{"embeddable":true,"href":"https:\/\/www.achimbrueckner.de\/dxradio\/php\/wordpress\/index.php?rest_route=%2Fwp%2Fv2%2Fcomments&post=22215"}],"version-history":[{"count":0,"href":"https:\/\/www.achimbrueckner.de\/dxradio\/php\/wordpress\/index.php?rest_route=\/wp\/v2\/posts\/22215\/revisions"}],"wp:attachment":[{"href":"https:\/\/www.achimbrueckner.de\/dxradio\/php\/wordpress\/index.php?rest_route=%2Fwp%2Fv2%2Fmedia&parent=22215"}],"wp:term":[{"taxonomy":"category","embeddable":true,"href":"https:\/\/www.achimbrueckner.de\/dxradio\/php\/wordpress\/index.php?rest_route=%2Fwp%2Fv2%2Fcategories&post=22215"},{"taxonomy":"post_tag","embeddable":true,"href":"https:\/\/www.achimbrueckner.de\/dxradio\/php\/wordpress\/index.php?rest_route=%2Fwp%2Fv2%2Ftags&post=22215"}],"curies":[{"name":"wp","href":"https:\/\/api.w.org\/{rel}","templated":true}]}}