{"id":22231,"date":"2019-03-18T16:28:57","date_gmt":"2019-03-18T16:28:57","guid":{"rendered":"https:\/\/www.achimbrueckner.de\/dxradio\/php\/wordpress\/?p=22231"},"modified":"2019-03-18T16:28:57","modified_gmt":"2019-03-18T16:28:57","slug":"felix-kovac-als-vorsitzender-der-apr-wiedergewahlt","status":"publish","type":"post","link":"https:\/\/www.achimbrueckner.de\/dxradio\/php\/wordpress\/?p=22231","title":{"rendered":"Felix Kovac als Vorsitzender der APR wiedergew\u00e4hlt"},"content":{"rendered":"<p><a href=\"http:\/\/www.radiowoche.de\/felix-kovac-als-vorsitzender-der-apr-wiedergewaehlt\/\" rel=\"noopener noreferrer\" target=\"_blank\">http:\/\/www.radiowoche.de\/felix-kovac-als-vorsitzender-der-apr-wiedergewaehlt\/<\/a><\/p>\n","protected":false},"excerpt":{"rendered":"<p>http:\/\/www.radiowoche.de\/felix-kovac-als-vorsitzender-der-apr-wiedergewaehlt\/<\/p>\n","protected":false},"author":1,"featured_media":0,"comment_status":"closed","ping_status":"open","sticky":false,"template":"","format":"standard","meta":{"_jetpack_memberships_contains_paid_content":false,"footnotes":"","jetpack_publicize_message":"","jetpack_publicize_feature_enabled":true,"jetpack_social_post_already_shared":true,"jetpack_social_options":{"image_generator_settings":{"template":"highway","default_image_id":0,"font":"","enabled":false},"version":2}},"categories":[1],"tags":[],"class_list":["post-22231","post","type-post","status-publish","format-standard","hentry","category-deutsch"],"jetpack_publicize_connections":[],"jetpack_featured_media_url":"","jetpack_sharing_enabled":true,"jetpack_shortlink":"https:\/\/wp.me\/p5CDmr-5Mz","jetpack-related-posts":[{"id":23859,"url":"https:\/\/www.achimbrueckner.de\/dxradio\/php\/wordpress\/?p=23859","url_meta":{"origin":22231,"position":0},"title":"Nach 14 Jahren: Antenne Bayern-Chef Felix Kovac will den Privatradioverband APR verlassen","author":"Administrator","date":"July 17, 2019","format":false,"excerpt":"https:\/\/meedia.de\/2019\/07\/17\/nach-14-jahren-antenne-bayern-chef-felix-kovac-will-den-privatradioverband-apr-verlassen\/","rel":"","context":"In &quot;Deutsch&quot;","block_context":{"text":"Deutsch","link":"https:\/\/www.achimbrueckner.de\/dxradio\/php\/wordpress\/?cat=1"},"img":{"alt_text":"","src":"","width":0,"height":0},"classes":[]},{"id":44366,"url":"https:\/\/www.achimbrueckner.de\/dxradio\/php\/wordpress\/?p=44366","url_meta":{"origin":22231,"position":1},"title":"Felix Kovac wird Gesch\u00e4ftsf\u00fchrer der Regio TV-Sendergruppe","author":"Administrator","date":"November 24, 2025","format":false,"excerpt":"https:\/\/www.radioszene.de\/208157\/felix-kovac-regio-tv-sendergruppe.html","rel":"","context":"In &quot;Deutsch&quot;","block_context":{"text":"Deutsch","link":"https:\/\/www.achimbrueckner.de\/dxradio\/php\/wordpress\/?cat=1"},"img":{"alt_text":"","src":"","width":0,"height":0},"classes":[]},{"id":28022,"url":"https:\/\/www.achimbrueckner.de\/dxradio\/php\/wordpress\/?p=28022","url_meta":{"origin":22231,"position":2},"title":"Hart getroffen: Wie Antenne-Bayern-Gesch\u00e4ftsf\u00fchrer Felix Kovac die MA-Ergebnisse erkl\u00e4rt","author":"Administrator","date":"April 7, 2020","format":false,"excerpt":"http:\/\/www.quotenmeter.de\/n\/117301\/hart-getroffen-wie-antenne-bayern-geschaeftsfuehrer-felix-kovac-die-ma-ergebnisse-erklaert","rel":"","context":"In &quot;Deutsch&quot;","block_context":{"text":"Deutsch","link":"https:\/\/www.achimbrueckner.de\/dxradio\/php\/wordpress\/?cat=1"},"img":{"alt_text":"","src":"","width":0,"height":0},"classes":[]},{"id":24518,"url":"https:\/\/www.achimbrueckner.de\/dxradio\/php\/wordpress\/?p=24518","url_meta":{"origin":22231,"position":3},"title":"Webtalk #1 der FM Online Factory mit Felix Kovac, Gesch\u00e4ftsf\u00fchrer von Antenne Bayern","author":"Administrator","date":"August 29, 2019","format":false,"excerpt":"https:\/\/www.youtube.com\/watch?v=8nMipNjxMt0","rel":"","context":"In &quot;Deutsch&quot;","block_context":{"text":"Deutsch","link":"https:\/\/www.achimbrueckner.de\/dxradio\/php\/wordpress\/?cat=1"},"img":{"alt_text":"","src":"","width":0,"height":0},"classes":[]},{"id":28631,"url":"https:\/\/www.achimbrueckner.de\/dxradio\/php\/wordpress\/?p=28631","url_meta":{"origin":22231,"position":4},"title":"Felix Kovac: \u201cANTENNE BAYERN ist in der Corona-Krise Leitmedium f\u00fcr den Freistaat\u201d","author":"Administrator","date":"May 12, 2020","format":false,"excerpt":"https:\/\/www.radioszene.de\/143639\/antenne-bayern-coronakrise-leitmedium.html","rel":"","context":"In &quot;Deutsch&quot;","block_context":{"text":"Deutsch","link":"https:\/\/www.achimbrueckner.de\/dxradio\/php\/wordpress\/?cat=1"},"img":{"alt_text":"","src":"","width":0,"height":0},"classes":[]},{"id":22388,"url":"https:\/\/www.achimbrueckner.de\/dxradio\/php\/wordpress\/?p=22388","url_meta":{"origin":22231,"position":5},"title":"Jahreshauptversammlung der Freiburger Funkamateure &#8211; Alexander Br\u00fcske (DL1AFA) mit gro\u00dfer Mehrheit neu gew\u00e4hlt als 1. Vorsitzender","author":"Administrator","date":"March 25, 2019","format":false,"excerpt":"https:\/\/www.regiotrends.de\/de\/aus-vereinen-gruppen\/index.news.399605.jahreshauptversammlung-der-freiburger-funkamateure---alexander-brueske-dl1afa-mit-grosser-mehrheit-neu-gewaehlt-als-1.-vorsitzender-.html","rel":"","context":"In &quot;Deutsch&quot;","block_context":{"text":"Deutsch","link":"https:\/\/www.achimbrueckner.de\/dxradio\/php\/wordpress\/?cat=1"},"img":{"alt_text":"","src":"","width":0,"height":0},"classes":[]}],"_links":{"self":[{"href":"https:\/\/www.achimbrueckner.de\/dxradio\/php\/wordpress\/index.php?rest_route=\/wp\/v2\/posts\/22231","targetHints":{"allow":["GET"]}}],"collection":[{"href":"https:\/\/www.achimbrueckner.de\/dxradio\/php\/wordpress\/index.php?rest_route=\/wp\/v2\/posts"}],"about":[{"href":"https:\/\/www.achimbrueckner.de\/dxradio\/php\/wordpress\/index.php?rest_route=\/wp\/v2\/types\/post"}],"author":[{"embeddable":true,"href":"https:\/\/www.achimbrueckner.de\/dxradio\/php\/wordpress\/index.php?rest_route=\/wp\/v2\/users\/1"}],"replies":[{"embeddable":true,"href":"https:\/\/www.achimbrueckner.de\/dxradio\/php\/wordpress\/index.php?rest_route=%2Fwp%2Fv2%2Fcomments&post=22231"}],"version-history":[{"count":0,"href":"https:\/\/www.achimbrueckner.de\/dxradio\/php\/wordpress\/index.php?rest_route=\/wp\/v2\/posts\/22231\/revisions"}],"wp:attachment":[{"href":"https:\/\/www.achimbrueckner.de\/dxradio\/php\/wordpress\/index.php?rest_route=%2Fwp%2Fv2%2Fmedia&parent=22231"}],"wp:term":[{"taxonomy":"category","embeddable":true,"href":"https:\/\/www.achimbrueckner.de\/dxradio\/php\/wordpress\/index.php?rest_route=%2Fwp%2Fv2%2Fcategories&post=22231"},{"taxonomy":"post_tag","embeddable":true,"href":"https:\/\/www.achimbrueckner.de\/dxradio\/php\/wordpress\/index.php?rest_route=%2Fwp%2Fv2%2Ftags&post=22231"}],"curies":[{"name":"wp","href":"https:\/\/api.w.org\/{rel}","templated":true}]}}