{"id":22259,"date":"2019-03-20T15:25:22","date_gmt":"2019-03-20T15:25:22","guid":{"rendered":"https:\/\/www.achimbrueckner.de\/dxradio\/php\/wordpress\/?p=22259"},"modified":"2019-03-20T15:25:22","modified_gmt":"2019-03-20T15:25:22","slug":"zensurheberrecht-bundesregierung-mahnt-fragdenstaat-ab-fragdenstaat-verklagt-bundesregierung","status":"publish","type":"post","link":"https:\/\/www.achimbrueckner.de\/dxradio\/php\/wordpress\/?p=22259","title":{"rendered":"Zensurheberrecht: Bundesregierung mahnt FragDenStaat ab, FragDenStaat verklagt Bundesregierung"},"content":{"rendered":"<p><a href=\"https:\/\/netzpolitik.org\/2019\/zensurheberrecht-bundesregierung-mahnt-fragdenstaat-ab-fragdenstaat-verklagt-bundesregierung\/\" rel=\"noopener noreferrer\" target=\"_blank\">https:\/\/netzpolitik.org\/2019\/zensurheberrecht-bundesregierung-mahnt-fragdenstaat-ab-fragdenstaat-verklagt-bundesregierung\/<\/a><\/p>\n","protected":false},"excerpt":{"rendered":"<p>https:\/\/netzpolitik.org\/2019\/zensurheberrecht-bundesregierung-mahnt-fragdenstaat-ab-fragdenstaat-verklagt-bundesregierung\/<\/p>\n","protected":false},"author":1,"featured_media":0,"comment_status":"closed","ping_status":"open","sticky":false,"template":"","format":"standard","meta":{"_jetpack_memberships_contains_paid_content":false,"footnotes":"","jetpack_publicize_message":"","jetpack_publicize_feature_enabled":true,"jetpack_social_post_already_shared":true,"jetpack_social_options":{"image_generator_settings":{"template":"highway","default_image_id":0,"font":"","enabled":false},"version":2}},"categories":[1],"tags":[],"class_list":["post-22259","post","type-post","status-publish","format-standard","hentry","category-deutsch"],"jetpack_publicize_connections":[],"jetpack_featured_media_url":"","jetpack_sharing_enabled":true,"jetpack_shortlink":"https:\/\/wp.me\/p5CDmr-5N1","jetpack-related-posts":[{"id":31877,"url":"https:\/\/www.achimbrueckner.de\/dxradio\/php\/wordpress\/?p=31877","url_meta":{"origin":22259,"position":0},"title":"Bundesregierung Gerichte sollen Urheberrechtsreform (er)kl\u00e4ren","author":"Administrator","date":"February 3, 2021","format":false,"excerpt":"https:\/\/netzpolitik.org\/2021\/bundesregierung-gerichte-sollen-urheberrechtsreform-erklaeren\/","rel":"","context":"In &quot;Deutsch&quot;","block_context":{"text":"Deutsch","link":"https:\/\/www.achimbrueckner.de\/dxradio\/php\/wordpress\/?cat=1"},"img":{"alt_text":"","src":"","width":0,"height":0},"classes":[]},{"id":12839,"url":"https:\/\/www.achimbrueckner.de\/dxradio\/php\/wordpress\/?p=12839","url_meta":{"origin":22259,"position":1},"title":"Bundesregierung f\u00f6rdert Digitalisierung des H\u00f6rfunks","author":"Administrator","date":"April 13, 2017","format":false,"excerpt":"http:\/\/www.radioempfang.digital\/news\/bundesregierung-foerdert-digitalisierung-des-hoerfunks\/","rel":"","context":"In &quot;Deutsch&quot;","block_context":{"text":"Deutsch","link":"https:\/\/www.achimbrueckner.de\/dxradio\/php\/wordpress\/?cat=1"},"img":{"alt_text":"","src":"","width":0,"height":0},"classes":[]},{"id":12767,"url":"https:\/\/www.achimbrueckner.de\/dxradio\/php\/wordpress\/?p=12767","url_meta":{"origin":22259,"position":2},"title":"Digitalradio: Bundesregierung will Radioger\u00e4te gesetzlich aufwerten","author":"Administrator","date":"April 8, 2017","format":false,"excerpt":"https:\/\/www.heise.de\/newsticker\/meldung\/Digitalradio-Bundesregierung-will-Radiogeraete-gesetzlich-aufwerten-3678900.html","rel":"","context":"In &quot;Deutsch&quot;","block_context":{"text":"Deutsch","link":"https:\/\/www.achimbrueckner.de\/dxradio\/php\/wordpress\/?cat=1"},"img":{"alt_text":"","src":"","width":0,"height":0},"classes":[]},{"id":27704,"url":"https:\/\/www.achimbrueckner.de\/dxradio\/php\/wordpress\/?p=27704","url_meta":{"origin":22259,"position":3},"title":"Coronavirus-Epidemie: Bundesregierung will Handyortung von Kontaktpersonen","author":"Administrator","date":"March 22, 2020","format":false,"excerpt":"https:\/\/www.heise.de\/newsticker\/meldung\/Coronavirus-Epidemie-Bundesregierung-will-Handyortung-von-Kontaktpersonen-4687661.html","rel":"","context":"In &quot;Deutsch&quot;","block_context":{"text":"Deutsch","link":"https:\/\/www.achimbrueckner.de\/dxradio\/php\/wordpress\/?cat=1"},"img":{"alt_text":"","src":"","width":0,"height":0},"classes":[]},{"id":22733,"url":"https:\/\/www.achimbrueckner.de\/dxradio\/php\/wordpress\/?p=22733","url_meta":{"origin":22259,"position":4},"title":"Uploadfilter: Bundesregierung stimmt zu und macht halbgare Versprechen","author":"Administrator","date":"April 15, 2019","format":false,"excerpt":"https:\/\/netzpolitik.org\/2019\/uploadfilter-bundesregierung-stimmt-zu-und-macht-halbgare-versprechen\/","rel":"","context":"In &quot;Deutsch&quot;","block_context":{"text":"Deutsch","link":"https:\/\/www.achimbrueckner.de\/dxradio\/php\/wordpress\/?cat=1"},"img":{"alt_text":"","src":"","width":0,"height":0},"classes":[]},{"id":12770,"url":"https:\/\/www.achimbrueckner.de\/dxradio\/php\/wordpress\/?p=12770","url_meta":{"origin":22259,"position":5},"title":"Bundesregierung will finanzielle F\u00f6rderung f\u00fcr Deutsche Welle erh\u00f6hen","author":"Administrator","date":"April 9, 2017","format":false,"excerpt":"http:\/\/www.medienkorrespondenz.de\/politik\/artikel\/bundesregierung-will-finanzielle-foerderung-fuer-deutschenbspwelle-erhoehennbsp.html","rel":"","context":"In &quot;Deutsch&quot;","block_context":{"text":"Deutsch","link":"https:\/\/www.achimbrueckner.de\/dxradio\/php\/wordpress\/?cat=1"},"img":{"alt_text":"","src":"","width":0,"height":0},"classes":[]}],"_links":{"self":[{"href":"https:\/\/www.achimbrueckner.de\/dxradio\/php\/wordpress\/index.php?rest_route=\/wp\/v2\/posts\/22259","targetHints":{"allow":["GET"]}}],"collection":[{"href":"https:\/\/www.achimbrueckner.de\/dxradio\/php\/wordpress\/index.php?rest_route=\/wp\/v2\/posts"}],"about":[{"href":"https:\/\/www.achimbrueckner.de\/dxradio\/php\/wordpress\/index.php?rest_route=\/wp\/v2\/types\/post"}],"author":[{"embeddable":true,"href":"https:\/\/www.achimbrueckner.de\/dxradio\/php\/wordpress\/index.php?rest_route=\/wp\/v2\/users\/1"}],"replies":[{"embeddable":true,"href":"https:\/\/www.achimbrueckner.de\/dxradio\/php\/wordpress\/index.php?rest_route=%2Fwp%2Fv2%2Fcomments&post=22259"}],"version-history":[{"count":0,"href":"https:\/\/www.achimbrueckner.de\/dxradio\/php\/wordpress\/index.php?rest_route=\/wp\/v2\/posts\/22259\/revisions"}],"wp:attachment":[{"href":"https:\/\/www.achimbrueckner.de\/dxradio\/php\/wordpress\/index.php?rest_route=%2Fwp%2Fv2%2Fmedia&parent=22259"}],"wp:term":[{"taxonomy":"category","embeddable":true,"href":"https:\/\/www.achimbrueckner.de\/dxradio\/php\/wordpress\/index.php?rest_route=%2Fwp%2Fv2%2Fcategories&post=22259"},{"taxonomy":"post_tag","embeddable":true,"href":"https:\/\/www.achimbrueckner.de\/dxradio\/php\/wordpress\/index.php?rest_route=%2Fwp%2Fv2%2Ftags&post=22259"}],"curies":[{"name":"wp","href":"https:\/\/api.w.org\/{rel}","templated":true}]}}