{"id":22260,"date":"2019-03-20T15:50:13","date_gmt":"2019-03-20T15:50:13","guid":{"rendered":"https:\/\/www.achimbrueckner.de\/dxradio\/php\/wordpress\/?p=22260"},"modified":"2019-03-20T15:50:13","modified_gmt":"2019-03-20T15:50:13","slug":"radios-und-fernseher-aus-friedrichshafen-so-lief-geschichte-um-saba","status":"publish","type":"post","link":"https:\/\/www.achimbrueckner.de\/dxradio\/php\/wordpress\/?p=22260","title":{"rendered":"Radios und Fernseher aus Friedrichshafen &#8211; so lief Geschichte um SABA"},"content":{"rendered":"<p><a href=\"https:\/\/www.schwaebische.de\/landkreis\/bodenseekreis\/friedrichshafen_artikel,-als-am-bodensee-noch-radios-und-fernseher-gebaut-wurden-_arid,11025034.html\" rel=\"noopener noreferrer\" target=\"_blank\">https:\/\/www.schwaebische.de\/landkreis\/bodenseekreis\/friedrichshafen_artikel,-als-am-bodensee-noch-radios-und-fernseher-gebaut-wurden-_arid,11025034.html<\/a><\/p>\n","protected":false},"excerpt":{"rendered":"<p>https:\/\/www.schwaebische.de\/landkreis\/bodenseekreis\/friedrichshafen_artikel,-als-am-bodensee-noch-radios-und-fernseher-gebaut-wurden-_arid,11025034.html<\/p>\n","protected":false},"author":1,"featured_media":0,"comment_status":"closed","ping_status":"open","sticky":false,"template":"","format":"standard","meta":{"_jetpack_memberships_contains_paid_content":false,"footnotes":"","jetpack_publicize_message":"","jetpack_publicize_feature_enabled":true,"jetpack_social_post_already_shared":true,"jetpack_social_options":{"image_generator_settings":{"template":"highway","default_image_id":0,"font":"","enabled":false},"version":2}},"categories":[1],"tags":[24],"class_list":["post-22260","post","type-post","status-publish","format-standard","hentry","category-deutsch","tag-am"],"jetpack_publicize_connections":[],"jetpack_featured_media_url":"","jetpack_sharing_enabled":true,"jetpack_shortlink":"https:\/\/wp.me\/p5CDmr-5N2","jetpack-related-posts":[{"id":20825,"url":"https:\/\/www.achimbrueckner.de\/dxradio\/php\/wordpress\/?p=20825","url_meta":{"origin":22260,"position":0},"title":"Colbitzer sammelt Radios und Fernseher","author":"Administrator","date":"January 8, 2019","format":false,"excerpt":"https:\/\/www.volksstimme.de\/lokal\/wolmirstedt\/rundfunkgeraete-colbitzer-sammelt-radios-und-fernseher","rel":"","context":"In &quot;Deutsch&quot;","block_context":{"text":"Deutsch","link":"https:\/\/www.achimbrueckner.de\/dxradio\/php\/wordpress\/?cat=1"},"img":{"alt_text":"","src":"","width":0,"height":0},"classes":[]},{"id":42749,"url":"https:\/\/www.achimbrueckner.de\/dxradio\/php\/wordpress\/?p=42749","url_meta":{"origin":22260,"position":1},"title":"Sammlung im Erd\u00f6l-Museum zu sehen Kofferradio und Ghettoblaster: Twister Bernd Wegkamp hat mehr als 100 alte Elektroger\u00e4te","author":"Administrator","date":"May 6, 2025","format":false,"excerpt":"https:\/\/www.noz.de\/lokales\/twist\/artikel\/erdoel-museum-twist-bernd-wegkamp-zeigt-alte-radios-und-fernseher-48671075","rel":"","context":"In &quot;Deutsch&quot;","block_context":{"text":"Deutsch","link":"https:\/\/www.achimbrueckner.de\/dxradio\/php\/wordpress\/?cat=1"},"img":{"alt_text":"","src":"","width":0,"height":0},"classes":[]},{"id":40943,"url":"https:\/\/www.achimbrueckner.de\/dxradio\/php\/wordpress\/?p=40943","url_meta":{"origin":22260,"position":2},"title":"teltarif.de Talk: Alte Fernseher &#038; Radios wieder flott machen","author":"Administrator","date":"February 16, 2024","format":false,"excerpt":"https:\/\/www.teltarif.de\/tv-radio-streaming-zubehoer\/news\/94634.html","rel":"","context":"In &quot;Deutsch&quot;","block_context":{"text":"Deutsch","link":"https:\/\/www.achimbrueckner.de\/dxradio\/php\/wordpress\/?cat=1"},"img":{"alt_text":"","src":"","width":0,"height":0},"classes":[]},{"id":885,"url":"https:\/\/www.achimbrueckner.de\/dxradio\/php\/wordpress\/?p=885","url_meta":{"origin":22260,"position":3},"title":"Deutschlandradio Kultur 6. Februar","author":"Administrator","date":"February 1, 2010","format":false,"excerpt":"Samstag,06. Februar 2010 1505-1600 Lokalzeit Deutschlandrundfahrt Stadt ohne Mitte Live aus Sta\u00dffurt in Sachsen-Anhalt (Auszug aus der programmvorschau) Moderation: Nana Brink Live aus dem Tilly-Saal im Salzlandtheater, Steinstra\u00dfe 20 in Sta\u00dffurt. Sta\u00dffurt war einmal der Standort des gr\u00f6\u00dften Fernsehger\u00e4tewerkes der DDR. In der DDR kannte also jeder den Namen der\u2026","rel":"","context":"In &quot;Deutsch&quot;","block_context":{"text":"Deutsch","link":"https:\/\/www.achimbrueckner.de\/dxradio\/php\/wordpress\/?cat=1"},"img":{"alt_text":"","src":"","width":0,"height":0},"classes":[]},{"id":12637,"url":"https:\/\/www.achimbrueckner.de\/dxradio\/php\/wordpress\/?p=12637","url_meta":{"origin":22260,"position":4},"title":"Der Radioplayer erobert die Fernseher","author":"Administrator","date":"March 27, 2017","format":false,"excerpt":"http:\/\/www.radioszene.de\/103033\/radioplayer-tv-fernseher-dvbt2hd.html","rel":"","context":"In &quot;Deutsch&quot;","block_context":{"text":"Deutsch","link":"https:\/\/www.achimbrueckner.de\/dxradio\/php\/wordpress\/?cat=1"},"img":{"alt_text":"","src":"","width":0,"height":0},"classes":[]},{"id":28408,"url":"https:\/\/www.achimbrueckner.de\/dxradio\/php\/wordpress\/?p=28408","url_meta":{"origin":22260,"position":5},"title":"Loewe produziert wieder Fernseher \u201cMade in Germany\u201d.","author":"Administrator","date":"April 30, 2020","format":false,"excerpt":"https:\/\/www.turi2.de\/aktuell\/loewe-produziert-wieder-fernseher-made-in-germany\/","rel":"","context":"In &quot;Deutsch&quot;","block_context":{"text":"Deutsch","link":"https:\/\/www.achimbrueckner.de\/dxradio\/php\/wordpress\/?cat=1"},"img":{"alt_text":"","src":"","width":0,"height":0},"classes":[]}],"_links":{"self":[{"href":"https:\/\/www.achimbrueckner.de\/dxradio\/php\/wordpress\/index.php?rest_route=\/wp\/v2\/posts\/22260","targetHints":{"allow":["GET"]}}],"collection":[{"href":"https:\/\/www.achimbrueckner.de\/dxradio\/php\/wordpress\/index.php?rest_route=\/wp\/v2\/posts"}],"about":[{"href":"https:\/\/www.achimbrueckner.de\/dxradio\/php\/wordpress\/index.php?rest_route=\/wp\/v2\/types\/post"}],"author":[{"embeddable":true,"href":"https:\/\/www.achimbrueckner.de\/dxradio\/php\/wordpress\/index.php?rest_route=\/wp\/v2\/users\/1"}],"replies":[{"embeddable":true,"href":"https:\/\/www.achimbrueckner.de\/dxradio\/php\/wordpress\/index.php?rest_route=%2Fwp%2Fv2%2Fcomments&post=22260"}],"version-history":[{"count":0,"href":"https:\/\/www.achimbrueckner.de\/dxradio\/php\/wordpress\/index.php?rest_route=\/wp\/v2\/posts\/22260\/revisions"}],"wp:attachment":[{"href":"https:\/\/www.achimbrueckner.de\/dxradio\/php\/wordpress\/index.php?rest_route=%2Fwp%2Fv2%2Fmedia&parent=22260"}],"wp:term":[{"taxonomy":"category","embeddable":true,"href":"https:\/\/www.achimbrueckner.de\/dxradio\/php\/wordpress\/index.php?rest_route=%2Fwp%2Fv2%2Fcategories&post=22260"},{"taxonomy":"post_tag","embeddable":true,"href":"https:\/\/www.achimbrueckner.de\/dxradio\/php\/wordpress\/index.php?rest_route=%2Fwp%2Fv2%2Ftags&post=22260"}],"curies":[{"name":"wp","href":"https:\/\/api.w.org\/{rel}","templated":true}]}}