{"id":22290,"date":"2019-03-21T17:07:03","date_gmt":"2019-03-21T17:07:03","guid":{"rendered":"https:\/\/www.achimbrueckner.de\/dxradio\/php\/wordpress\/?p=22290"},"modified":"2019-03-21T17:07:03","modified_gmt":"2019-03-21T17:07:03","slug":"ein-ruhiges-vereinsjahr-gut-abgeschlossen","status":"publish","type":"post","link":"https:\/\/www.achimbrueckner.de\/dxradio\/php\/wordpress\/?p=22290","title":{"rendered":"Ein ruhiges Vereinsjahr gut abgeschlossen"},"content":{"rendered":"<p><a href=\"https:\/\/www.schwarzwaelder-bote.de\/inhalt.sulz-a-n-ein-ruhiges-vereinsjahr-gut-abgeschlossen.34b55dfb-8020-47a4-a3e1-5af05b179bbd.html\" rel=\"noopener noreferrer\" target=\"_blank\">https:\/\/www.schwarzwaelder-bote.de\/inhalt.sulz-a-n-ein-ruhiges-vereinsjahr-gut-abgeschlossen.34b55dfb-8020-47a4-a3e1-5af05b179bbd.html<\/a><\/p>\n","protected":false},"excerpt":{"rendered":"<p>https:\/\/www.schwarzwaelder-bote.de\/inhalt.sulz-a-n-ein-ruhiges-vereinsjahr-gut-abgeschlossen.34b55dfb-8020-47a4-a3e1-5af05b179bbd.html<\/p>\n","protected":false},"author":1,"featured_media":0,"comment_status":"closed","ping_status":"open","sticky":false,"template":"","format":"standard","meta":{"_jetpack_memberships_contains_paid_content":false,"footnotes":"","jetpack_publicize_message":"","jetpack_publicize_feature_enabled":true,"jetpack_social_post_already_shared":true,"jetpack_social_options":{"image_generator_settings":{"template":"highway","default_image_id":0,"font":"","enabled":false},"version":2}},"categories":[1],"tags":[],"class_list":["post-22290","post","type-post","status-publish","format-standard","hentry","category-deutsch"],"jetpack_publicize_connections":[],"jetpack_featured_media_url":"","jetpack_sharing_enabled":true,"jetpack_shortlink":"https:\/\/wp.me\/p5CDmr-5Nw","jetpack-related-posts":[{"id":26136,"url":"https:\/\/www.achimbrueckner.de\/dxradio\/php\/wordpress\/?p=26136","url_meta":{"origin":22290,"position":0},"title":"Modernisierung der Marinefunksendestelle f\u00fcr U-Boote abgeschlossen","author":"Administrator","date":"December 12, 2019","format":false,"excerpt":"https:\/\/esut.de\/2019\/12\/meldungen\/ruestung2\/17297\/modernisierung-der-marinefunksendestelle-fuer-u-boote-abgeschlossen\/","rel":"","context":"In &quot;Deutsch&quot;","block_context":{"text":"Deutsch","link":"https:\/\/www.achimbrueckner.de\/dxradio\/php\/wordpress\/?cat=1"},"img":{"alt_text":"","src":"","width":0,"height":0},"classes":[]},{"id":30001,"url":"https:\/\/www.achimbrueckner.de\/dxradio\/php\/wordpress\/?p=30001","url_meta":{"origin":22290,"position":1},"title":"Ausbau des \u00f6sterreichweiten DAB+ Netzes abgeschlossen","author":"Administrator","date":"September 8, 2020","format":false,"excerpt":"https:\/\/www.horizont.at\/medien\/news\/digitalradio-ausbau-des-oesterreichweitendab-netzes-abgeschlossen-82118","rel":"","context":"In &quot;Deutsch&quot;","block_context":{"text":"Deutsch","link":"https:\/\/www.achimbrueckner.de\/dxradio\/php\/wordpress\/?cat=1"},"img":{"alt_text":"","src":"","width":0,"height":0},"classes":[]},{"id":28829,"url":"https:\/\/www.achimbrueckner.de\/dxradio\/php\/wordpress\/?p=28829","url_meta":{"origin":22290,"position":2},"title":"Digitalradio \u00d6sterreich: 3. Netzausbaustufe abgeschlossen","author":"Administrator","date":"May 27, 2020","format":false,"excerpt":"https:\/\/www.radioszene.de\/144160\/digitalradio-oesterreich-burgenland-steiermark.html","rel":"","context":"In &quot;Deutsch&quot;","block_context":{"text":"Deutsch","link":"https:\/\/www.achimbrueckner.de\/dxradio\/php\/wordpress\/?cat=1"},"img":{"alt_text":"","src":"","width":0,"height":0},"classes":[]},{"id":2963,"url":"https:\/\/www.achimbrueckner.de\/dxradio\/php\/wordpress\/?p=2963","url_meta":{"origin":22290,"position":3},"title":"A-DX Archiv","author":"Administrator","date":"March 9, 2014","format":false,"excerpt":"Hallo A-DXer, in den letzten Tagen habe ich ein gro\u00dfes Projekt abgeschlossen: Das A-DX Archiv. Ab sofort stehen auf meiner Webseite alle (!) A-DX Mails - seit der ersten A-DX Mail im Mai 1999 - online zur Verf\u00fcgung. Das A-DX Archiv ist vollst\u00e4ndig durchsuchbar. Da im A-DX Archiv nun bereits\u2026","rel":"","context":"In &quot;Deutsch&quot;","block_context":{"text":"Deutsch","link":"https:\/\/www.achimbrueckner.de\/dxradio\/php\/wordpress\/?cat=1"},"img":{"alt_text":"","src":"","width":0,"height":0},"classes":[]},{"id":37347,"url":"https:\/\/www.achimbrueckner.de\/dxradio\/php\/wordpress\/?p=37347","url_meta":{"origin":22290,"position":4},"title":"Radio Menschen und Geschichten 28 August 2022","author":"Administrator","date":"August 26, 2022","format":false,"excerpt":"Nach knapp 2 Jahren gibt's noch einmal(?) eine Ausgabe von \"Radio. Menschen & Geschichten\". Reduziert auf 30 Minuten, daf\u00fcr mit allen wichtigen Inhaltsstoffen f\u00fcr eine hoffentlich ausgewogene Ohr-Kost ohne Massenausw\u00fcrfe mit folgenden Themen: * Tag 186 des russischen Angriffskrieges auf die Ukraine \u2013 und er geht auch nicht am Rundfunk\u2026","rel":"","context":"In &quot;Deutsch&quot;","block_context":{"text":"Deutsch","link":"https:\/\/www.achimbrueckner.de\/dxradio\/php\/wordpress\/?cat=1"},"img":{"alt_text":"","src":"","width":0,"height":0},"classes":[]},{"id":4379,"url":"https:\/\/www.achimbrueckner.de\/dxradio\/php\/wordpress\/?p=4379","url_meta":{"origin":22290,"position":5},"title":"Webradio Satzentrale","author":"Administrator","date":"April 12, 2015","format":false,"excerpt":"Hallo liebe Radio und DX\u00e9r Freunde, nachdem wir nun auch das Radio vom DARC bei uns im Programm mit aufgenommen haben, freuen wir uns nun ab sofort auch die Rundspr\u00fcche des \u00d6VSV (\u00d6sterreichischer Versuchssendeverbund) pr\u00e4sentieren zu k\u00f6nnen. Einige weitere neue Sendungen liegen bereits in der \u201ePipeline\u201c und sofern wir alles\u2026","rel":"","context":"In &quot;Deutsch&quot;","block_context":{"text":"Deutsch","link":"https:\/\/www.achimbrueckner.de\/dxradio\/php\/wordpress\/?cat=1"},"img":{"alt_text":"","src":"","width":0,"height":0},"classes":[]}],"_links":{"self":[{"href":"https:\/\/www.achimbrueckner.de\/dxradio\/php\/wordpress\/index.php?rest_route=\/wp\/v2\/posts\/22290","targetHints":{"allow":["GET"]}}],"collection":[{"href":"https:\/\/www.achimbrueckner.de\/dxradio\/php\/wordpress\/index.php?rest_route=\/wp\/v2\/posts"}],"about":[{"href":"https:\/\/www.achimbrueckner.de\/dxradio\/php\/wordpress\/index.php?rest_route=\/wp\/v2\/types\/post"}],"author":[{"embeddable":true,"href":"https:\/\/www.achimbrueckner.de\/dxradio\/php\/wordpress\/index.php?rest_route=\/wp\/v2\/users\/1"}],"replies":[{"embeddable":true,"href":"https:\/\/www.achimbrueckner.de\/dxradio\/php\/wordpress\/index.php?rest_route=%2Fwp%2Fv2%2Fcomments&post=22290"}],"version-history":[{"count":0,"href":"https:\/\/www.achimbrueckner.de\/dxradio\/php\/wordpress\/index.php?rest_route=\/wp\/v2\/posts\/22290\/revisions"}],"wp:attachment":[{"href":"https:\/\/www.achimbrueckner.de\/dxradio\/php\/wordpress\/index.php?rest_route=%2Fwp%2Fv2%2Fmedia&parent=22290"}],"wp:term":[{"taxonomy":"category","embeddable":true,"href":"https:\/\/www.achimbrueckner.de\/dxradio\/php\/wordpress\/index.php?rest_route=%2Fwp%2Fv2%2Fcategories&post=22290"},{"taxonomy":"post_tag","embeddable":true,"href":"https:\/\/www.achimbrueckner.de\/dxradio\/php\/wordpress\/index.php?rest_route=%2Fwp%2Fv2%2Ftags&post=22290"}],"curies":[{"name":"wp","href":"https:\/\/api.w.org\/{rel}","templated":true}]}}