{"id":22598,"date":"2019-04-06T15:11:34","date_gmt":"2019-04-06T15:11:34","guid":{"rendered":"https:\/\/www.achimbrueckner.de\/dxradio\/php\/wordpress\/?p=22598"},"modified":"2019-04-06T15:11:34","modified_gmt":"2019-04-06T15:11:34","slug":"zuerst-kommt-die-verfassung-dann-das-gesetz-das-vorgeschlagene-mediengesetz-lasst-wesentliche-probleme-ungeregelt","status":"publish","type":"post","link":"https:\/\/www.achimbrueckner.de\/dxradio\/php\/wordpress\/?p=22598","title":{"rendered":"Zuerst kommt die Verfassung, dann das Gesetz \u2013 das vorgeschlagene Mediengesetz l\u00e4sst wesentliche Probleme ungeregelt"},"content":{"rendered":"<p><a href=\"https:\/\/www.nzz.ch\/feuilleton\/neues-mediengesetz-zuerst-braucht-es-eine-verfassungsgrundlage-ld.1472045\" rel=\"noopener noreferrer\" target=\"_blank\">https:\/\/www.nzz.ch\/feuilleton\/neues-mediengesetz-zuerst-braucht-es-eine-verfassungsgrundlage-ld.1472045<\/a><\/p>\n","protected":false},"excerpt":{"rendered":"<p>https:\/\/www.nzz.ch\/feuilleton\/neues-mediengesetz-zuerst-braucht-es-eine-verfassungsgrundlage-ld.1472045<\/p>\n","protected":false},"author":1,"featured_media":0,"comment_status":"closed","ping_status":"open","sticky":false,"template":"","format":"standard","meta":{"_jetpack_memberships_contains_paid_content":false,"footnotes":"","jetpack_publicize_message":"","jetpack_publicize_feature_enabled":true,"jetpack_social_post_already_shared":true,"jetpack_social_options":{"image_generator_settings":{"template":"highway","default_image_id":0,"font":"","enabled":false},"version":2}},"categories":[1,15],"tags":[45],"class_list":["post-22598","post","type-post","status-publish","format-standard","hentry","category-deutsch","category-medien","tag-medien"],"jetpack_publicize_connections":[],"jetpack_featured_media_url":"","jetpack_sharing_enabled":true,"jetpack_shortlink":"https:\/\/wp.me\/p5CDmr-5Su","jetpack-related-posts":[{"id":20994,"url":"https:\/\/www.achimbrueckner.de\/dxradio\/php\/wordpress\/?p=20994","url_meta":{"origin":22598,"position":0},"title":"Das Internet von gestern und das Mediengesetz von morgen","author":"Administrator","date":"January 18, 2019","format":false,"excerpt":"https:\/\/medienwoche.ch\/2019\/01\/17\/das-internet-von-gestern-und-das-mediengesetz-von-morgen\/","rel":"","context":"In &quot;Deutsch&quot;","block_context":{"text":"Deutsch","link":"https:\/\/www.achimbrueckner.de\/dxradio\/php\/wordpress\/?cat=1"},"img":{"alt_text":"","src":"","width":0,"height":0},"classes":[]},{"id":15883,"url":"https:\/\/www.achimbrueckner.de\/dxradio\/php\/wordpress\/?p=15883","url_meta":{"origin":22598,"position":1},"title":"St\u00e4nderat best\u00e4tigt Stossrichtung f\u00fcr das neue Mediengesetz","author":"Administrator","date":"December 12, 2017","format":false,"excerpt":"https:\/\/www.nzz.ch\/schweiz\/staenderat-bestaetigt-stossrichtung-fuer-das-neue-mediengesetz-ld.1338015","rel":"","context":"In &quot;Deutsch&quot;","block_context":{"text":"Deutsch","link":"https:\/\/www.achimbrueckner.de\/dxradio\/php\/wordpress\/?cat=1"},"img":{"alt_text":"","src":"","width":0,"height":0},"classes":[]},{"id":19263,"url":"https:\/\/www.achimbrueckner.de\/dxradio\/php\/wordpress\/?p=19263","url_meta":{"origin":22598,"position":2},"title":"Debatte um Mediengesetz: ein Kampf um Geld","author":"Administrator","date":"September 23, 2018","format":false,"excerpt":"https:\/\/medienwoche.ch\/2018\/09\/20\/debatte-um-das-mediengesetz-ein-kampf-um-geld\/","rel":"","context":"In &quot;Deutsch&quot;","block_context":{"text":"Deutsch","link":"https:\/\/www.achimbrueckner.de\/dxradio\/php\/wordpress\/?cat=1"},"img":{"alt_text":"","src":"","width":0,"height":0},"classes":[]},{"id":19442,"url":"https:\/\/www.achimbrueckner.de\/dxradio\/php\/wordpress\/?p=19442","url_meta":{"origin":22598,"position":3},"title":"Roger Schawinski \u00fcber das neue Mediengesetz: \u00abAlles nur heisse Luft\u00bb \u2013 er hat eine bessere Idee","author":"Administrator","date":"October 5, 2018","format":false,"excerpt":"https:\/\/www.aargauerzeitung.ch\/schweiz\/roger-schawinski-ueber-das-neue-mediengesetz-alles-nur-heisse-luft-er-hat-eine-bessere-idee-133541454","rel":"","context":"In &quot;Deutsch&quot;","block_context":{"text":"Deutsch","link":"https:\/\/www.achimbrueckner.de\/dxradio\/php\/wordpress\/?cat=1"},"img":{"alt_text":"","src":"","width":0,"height":0},"classes":[]},{"id":18353,"url":"https:\/\/www.achimbrueckner.de\/dxradio\/php\/wordpress\/?p=18353","url_meta":{"origin":22598,"position":4},"title":"Neues Mediengesetz und \u00abLe Matin\u00bb im Radio","author":"Administrator","date":"June 22, 2018","format":false,"excerpt":"http:\/\/www.persoenlich.com\/medien\/neues-mediengesetz-und-le-matin-im-radio","rel":"","context":"In &quot;Deutsch&quot;","block_context":{"text":"Deutsch","link":"https:\/\/www.achimbrueckner.de\/dxradio\/php\/wordpress\/?cat=1"},"img":{"alt_text":"","src":"","width":0,"height":0},"classes":[]},{"id":17836,"url":"https:\/\/www.achimbrueckner.de\/dxradio\/php\/wordpress\/?p=17836","url_meta":{"origin":22598,"position":5},"title":"Mediengesetz: Wer Nein sagt, wird nichts zu sagen haben","author":"Administrator","date":"May 20, 2018","format":false,"excerpt":"https:\/\/www.nzz.ch\/feuilleton\/medien\/mediengesetz-wer-nein-sagt-wird-nichts-zu-sagen-haben-ld.1385975","rel":"","context":"In &quot;Deutsch&quot;","block_context":{"text":"Deutsch","link":"https:\/\/www.achimbrueckner.de\/dxradio\/php\/wordpress\/?cat=1"},"img":{"alt_text":"","src":"","width":0,"height":0},"classes":[]}],"_links":{"self":[{"href":"https:\/\/www.achimbrueckner.de\/dxradio\/php\/wordpress\/index.php?rest_route=\/wp\/v2\/posts\/22598","targetHints":{"allow":["GET"]}}],"collection":[{"href":"https:\/\/www.achimbrueckner.de\/dxradio\/php\/wordpress\/index.php?rest_route=\/wp\/v2\/posts"}],"about":[{"href":"https:\/\/www.achimbrueckner.de\/dxradio\/php\/wordpress\/index.php?rest_route=\/wp\/v2\/types\/post"}],"author":[{"embeddable":true,"href":"https:\/\/www.achimbrueckner.de\/dxradio\/php\/wordpress\/index.php?rest_route=\/wp\/v2\/users\/1"}],"replies":[{"embeddable":true,"href":"https:\/\/www.achimbrueckner.de\/dxradio\/php\/wordpress\/index.php?rest_route=%2Fwp%2Fv2%2Fcomments&post=22598"}],"version-history":[{"count":0,"href":"https:\/\/www.achimbrueckner.de\/dxradio\/php\/wordpress\/index.php?rest_route=\/wp\/v2\/posts\/22598\/revisions"}],"wp:attachment":[{"href":"https:\/\/www.achimbrueckner.de\/dxradio\/php\/wordpress\/index.php?rest_route=%2Fwp%2Fv2%2Fmedia&parent=22598"}],"wp:term":[{"taxonomy":"category","embeddable":true,"href":"https:\/\/www.achimbrueckner.de\/dxradio\/php\/wordpress\/index.php?rest_route=%2Fwp%2Fv2%2Fcategories&post=22598"},{"taxonomy":"post_tag","embeddable":true,"href":"https:\/\/www.achimbrueckner.de\/dxradio\/php\/wordpress\/index.php?rest_route=%2Fwp%2Fv2%2Ftags&post=22598"}],"curies":[{"name":"wp","href":"https:\/\/api.w.org\/{rel}","templated":true}]}}