{"id":22606,"date":"2019-04-06T15:31:41","date_gmt":"2019-04-06T15:31:41","guid":{"rendered":"https:\/\/www.achimbrueckner.de\/dxradio\/php\/wordpress\/?p=22606"},"modified":"2019-04-06T15:31:41","modified_gmt":"2019-04-06T15:31:41","slug":"freie-radios-selbstverwaltete-medien-bei-hinterfragen-vernetzen-agieren-am-6-april-2019","status":"publish","type":"post","link":"https:\/\/www.achimbrueckner.de\/dxradio\/php\/wordpress\/?p=22606","title":{"rendered":"\u201cFreie Radios \u2013 selbstverwaltete Medien\u201d bei \u201chinterfragen-vernetzen-agieren\u201d am 6. April 2019"},"content":{"rendered":"<p><a href=\"https:\/\/freiesradio-nms.de\/freie-radios-selbstverwaltete-medien-bei-hinterfragen-vernetzen-agieren-am-6-april-2019\/\" rel=\"noopener noreferrer\" target=\"_blank\">https:\/\/freiesradio-nms.de\/freie-radios-selbstverwaltete-medien-bei-hinterfragen-vernetzen-agieren-am-6-april-2019\/<\/a><\/p>\n","protected":false},"excerpt":{"rendered":"<p>https:\/\/freiesradio-nms.de\/freie-radios-selbstverwaltete-medien-bei-hinterfragen-vernetzen-agieren-am-6-april-2019\/<\/p>\n","protected":false},"author":1,"featured_media":0,"comment_status":"closed","ping_status":"open","sticky":false,"template":"","format":"standard","meta":{"_jetpack_memberships_contains_paid_content":false,"footnotes":"","jetpack_publicize_message":"","jetpack_publicize_feature_enabled":true,"jetpack_social_post_already_shared":true,"jetpack_social_options":{"image_generator_settings":{"template":"highway","default_image_id":0,"font":"","enabled":false},"version":2}},"categories":[1,15],"tags":[24,45],"class_list":["post-22606","post","type-post","status-publish","format-standard","hentry","category-deutsch","category-medien","tag-am","tag-medien"],"jetpack_publicize_connections":[],"jetpack_featured_media_url":"","jetpack_sharing_enabled":true,"jetpack_shortlink":"https:\/\/wp.me\/p5CDmr-5SC","jetpack-related-posts":[{"id":26286,"url":"https:\/\/www.achimbrueckner.de\/dxradio\/php\/wordpress\/?p=26286","url_meta":{"origin":22606,"position":0},"title":"Schwarzer Tag f\u00fcr die Medienfreiheit in Ungarn","author":"Administrator","date":"December 21, 2019","format":false,"excerpt":"Heute ist ein weiterer schwarzer Tag f\u00fcr die Medienfreiheit in Ungarn. Das selbstverwaltete, nichtkommerzielle CIVIL R\u00c1DI\u00d3 - FM 98 muss heute Nacht zum Sonntag um 2 Uhr nach 25 Jahren seine UKW-Frequenz 98,0 MHz in Budapest aufgeben und im Internet weitersenden. Die Medienbeh\u00f6rde hatte die UKW-Lizenz nicht verl\u00e4ngert. Damit wird\u2026","rel":"","context":"In &quot;Deutsch&quot;","block_context":{"text":"Deutsch","link":"https:\/\/www.achimbrueckner.de\/dxradio\/php\/wordpress\/?cat=1"},"img":{"alt_text":"","src":"","width":0,"height":0},"classes":[]},{"id":21109,"url":"https:\/\/www.achimbrueckner.de\/dxradio\/php\/wordpress\/?p=21109","url_meta":{"origin":22606,"position":1},"title":"Radiopreise der Erwachsenenbildung f\u00fcr freie Radios, Sch\u00fcler und \u00d61","author":"Administrator","date":"January 24, 2019","format":false,"excerpt":"https:\/\/diepresse.com\/home\/kultur\/medien\/5567532\/Radiopreise-fuer-freie-Radios-Schueler-und-Oe1","rel":"","context":"In &quot;Deutsch&quot;","block_context":{"text":"Deutsch","link":"https:\/\/www.achimbrueckner.de\/dxradio\/php\/wordpress\/?cat=1"},"img":{"alt_text":"","src":"","width":0,"height":0},"classes":[]},{"id":19388,"url":"https:\/\/www.achimbrueckner.de\/dxradio\/php\/wordpress\/?p=19388","url_meta":{"origin":22606,"position":2},"title":"20 Jahre Freie Radios: Piraten werden nicht m\u00fcde","author":"Administrator","date":"October 2, 2018","format":false,"excerpt":"https:\/\/www.sn.at\/panorama\/medien\/20-jahre-freie-radios-piraten-werden-nicht-muede-40737478","rel":"","context":"In &quot;Deutsch&quot;","block_context":{"text":"Deutsch","link":"https:\/\/www.achimbrueckner.de\/dxradio\/php\/wordpress\/?cat=1"},"img":{"alt_text":"","src":"","width":0,"height":0},"classes":[]},{"id":17452,"url":"https:\/\/www.achimbrueckner.de\/dxradio\/php\/wordpress\/?p=17452","url_meta":{"origin":22606,"position":3},"title":"Spardruck bei ARD verunsichert freie Mitarbeiter","author":"Administrator","date":"April 22, 2018","format":false,"excerpt":"http:\/\/www.haller-kreisblatt.de\/ueberregional\/kultur_medien\/22118949_Spardruck-bei-ARD-verunsichert-freie-Mitarbeiter.html","rel":"","context":"In &quot;Deutsch&quot;","block_context":{"text":"Deutsch","link":"https:\/\/www.achimbrueckner.de\/dxradio\/php\/wordpress\/?cat=1"},"img":{"alt_text":"","src":"","width":0,"height":0},"classes":[]},{"id":28599,"url":"https:\/\/www.achimbrueckner.de\/dxradio\/php\/wordpress\/?p=28599","url_meta":{"origin":22606,"position":4},"title":"Corona und die Medien Fehlalarm?","author":"Administrator","date":"May 11, 2020","format":false,"excerpt":"https:\/\/www.bitterlemmer.net\/yessay\/corona-und-das-blinde-agieren-des-staates-alles-nur-ein-fehlalarm\/17129\/","rel":"","context":"In &quot;Deutsch&quot;","block_context":{"text":"Deutsch","link":"https:\/\/www.achimbrueckner.de\/dxradio\/php\/wordpress\/?cat=1"},"img":{"alt_text":"","src":"","width":0,"height":0},"classes":[]},{"id":16390,"url":"https:\/\/www.achimbrueckner.de\/dxradio\/php\/wordpress\/?p=16390","url_meta":{"origin":22606,"position":5},"title":"Freie Medien: So geht entwickelte Demokratie","author":"Administrator","date":"February 7, 2018","format":false,"excerpt":"https:\/\/kurier.at\/meinung\/kommentare\/innenpolitik\/freie-medien-so-geht-entwickelte-demokratie\/309.504.979","rel":"","context":"In &quot;Deutsch&quot;","block_context":{"text":"Deutsch","link":"https:\/\/www.achimbrueckner.de\/dxradio\/php\/wordpress\/?cat=1"},"img":{"alt_text":"","src":"","width":0,"height":0},"classes":[]}],"_links":{"self":[{"href":"https:\/\/www.achimbrueckner.de\/dxradio\/php\/wordpress\/index.php?rest_route=\/wp\/v2\/posts\/22606","targetHints":{"allow":["GET"]}}],"collection":[{"href":"https:\/\/www.achimbrueckner.de\/dxradio\/php\/wordpress\/index.php?rest_route=\/wp\/v2\/posts"}],"about":[{"href":"https:\/\/www.achimbrueckner.de\/dxradio\/php\/wordpress\/index.php?rest_route=\/wp\/v2\/types\/post"}],"author":[{"embeddable":true,"href":"https:\/\/www.achimbrueckner.de\/dxradio\/php\/wordpress\/index.php?rest_route=\/wp\/v2\/users\/1"}],"replies":[{"embeddable":true,"href":"https:\/\/www.achimbrueckner.de\/dxradio\/php\/wordpress\/index.php?rest_route=%2Fwp%2Fv2%2Fcomments&post=22606"}],"version-history":[{"count":0,"href":"https:\/\/www.achimbrueckner.de\/dxradio\/php\/wordpress\/index.php?rest_route=\/wp\/v2\/posts\/22606\/revisions"}],"wp:attachment":[{"href":"https:\/\/www.achimbrueckner.de\/dxradio\/php\/wordpress\/index.php?rest_route=%2Fwp%2Fv2%2Fmedia&parent=22606"}],"wp:term":[{"taxonomy":"category","embeddable":true,"href":"https:\/\/www.achimbrueckner.de\/dxradio\/php\/wordpress\/index.php?rest_route=%2Fwp%2Fv2%2Fcategories&post=22606"},{"taxonomy":"post_tag","embeddable":true,"href":"https:\/\/www.achimbrueckner.de\/dxradio\/php\/wordpress\/index.php?rest_route=%2Fwp%2Fv2%2Ftags&post=22606"}],"curies":[{"name":"wp","href":"https:\/\/api.w.org\/{rel}","templated":true}]}}