{"id":2271,"date":"2012-07-21T19:39:45","date_gmt":"2012-07-21T19:39:45","guid":{"rendered":"https:\/\/www.achimbrueckner.de\/dxradio\/php\/wordpress\/?p=2271"},"modified":"2012-07-21T19:39:45","modified_gmt":"2012-07-21T19:39:45","slug":"oldtimer-radios-das-beste-aus-den-60ern-den-70ern-und-von-vorgestern","status":"publish","type":"post","link":"https:\/\/www.achimbrueckner.de\/dxradio\/php\/wordpress\/?p=2271","title":{"rendered":"Oldtimer-Radios Das Beste aus den 60ern, den 70ern und von vorgestern"},"content":{"rendered":"<p>Auf Spiegel-Online gibt es einen Artikel zum Thema alte Autoradios:<\/p>\n<p>Oldtimer-Radios<br \/>\nDas Beste aus den 60ern, den 70ern und von vorgestern<\/p>\n<p><a href=\"http:\/\/www.spiegel.de\/karriere\/berufsleben\/historische-autoradios-reparieren-ein-job-fuer-oldtimerfans-a-845352.html\" target=\"_blank\">http:\/\/www.spiegel.de\/karriere\/berufsleben\/historische-autoradios-reparieren-ein-job-fuer-oldtimerfans-a-845352.html<\/a><\/p>\n<p>Info via <a href=\"http:\/\/www.ratzer.at\" target=\"_blank\">A-DX<\/a><\/p>\n","protected":false},"excerpt":{"rendered":"<p>Auf Spiegel-Online gibt es einen Artikel zum Thema alte Autoradios: Oldtimer-Radios Das Beste aus den 60ern, den 70ern und von vorgestern http:\/\/www.spiegel.de\/karriere\/berufsleben\/historische-autoradios-reparieren-ein-job-fuer-oldtimerfans-a-845352.html Info via A-DX<\/p>\n","protected":false},"author":1,"featured_media":0,"comment_status":"open","ping_status":"open","sticky":false,"template":"","format":"standard","meta":{"_jetpack_memberships_contains_paid_content":false,"footnotes":"","jetpack_publicize_message":"","jetpack_publicize_feature_enabled":true,"jetpack_social_post_already_shared":false,"jetpack_social_options":{"image_generator_settings":{"template":"highway","default_image_id":0,"font":"","enabled":false},"version":2}},"categories":[1],"tags":[40],"class_list":["post-2271","post","type-post","status-publish","format-standard","hentry","category-deutsch","tag-dx"],"jetpack_publicize_connections":[],"jetpack_featured_media_url":"","jetpack_sharing_enabled":true,"jetpack_shortlink":"https:\/\/wp.me\/p5CDmr-AD","jetpack-related-posts":[{"id":27244,"url":"https:\/\/www.achimbrueckner.de\/dxradio\/php\/wordpress\/?p=27244","url_meta":{"origin":2271,"position":0},"title":"So bringen Sie guten Klang in alte Fahrzeuge","author":"Administrator","date":"February 20, 2020","format":false,"excerpt":"https:\/\/www.welt.de\/wirtschaft\/webwelt\/article205873393\/Retro-Autoradios-Frischer-Sound-fuer-Oldtimer-und-Youngtimer.html","rel":"","context":"In &quot;Deutsch&quot;","block_context":{"text":"Deutsch","link":"https:\/\/www.achimbrueckner.de\/dxradio\/php\/wordpress\/?cat=1"},"img":{"alt_text":"","src":"","width":0,"height":0},"classes":[]},{"id":6836,"url":"https:\/\/www.achimbrueckner.de\/dxradio\/php\/wordpress\/?p=6836","url_meta":{"origin":2271,"position":1},"title":"Sammler aus Wolfen Der iPod aus den 60ern","author":"Administrator","date":"December 11, 2015","format":false,"excerpt":"http:\/\/www.mz-web.de\/bitterfeld\/sammler-aus-wolfen-der-ipod-aus-den-60ern,20640916,32898680.html","rel":"","context":"In &quot;Deutsch&quot;","block_context":{"text":"Deutsch","link":"https:\/\/www.achimbrueckner.de\/dxradio\/php\/wordpress\/?cat=1"},"img":{"alt_text":"","src":"","width":0,"height":0},"classes":[]},{"id":46,"url":"https:\/\/www.achimbrueckner.de\/dxradio\/php\/wordpress\/?p=46","url_meta":{"origin":2271,"position":2},"title":"Erster Asia-DX Contest von wellenforum und A-DX","author":"Administrator","date":"September 30, 2006","format":false,"excerpt":"Die Online-Foren wellenforum.de (Deutschland) und A-DX (\u00d6sterreich) f\u00fchren in der Zeit vom 29.10.2006 (00:00 UTC) bis 19.11.2006 (23:59 UTC) den 1. Asia DX Contest durch. Teilnehmen kann jeder Radiofreund, ob Newcomer oder Oldtimer, die Mitgliedschaft in einer Hobbyvereinigung ist nat\u00fcrlich nicht notwendig. Alles weitere unter Asia-DX-Contest.","rel":"","context":"In &quot;contests&quot;","block_context":{"text":"contests","link":"https:\/\/www.achimbrueckner.de\/dxradio\/php\/wordpress\/?cat=6"},"img":{"alt_text":"","src":"","width":0,"height":0},"classes":[]},{"id":37048,"url":"https:\/\/www.achimbrueckner.de\/dxradio\/php\/wordpress\/?p=37048","url_meta":{"origin":2271,"position":3},"title":"Radio Andorra August September 2022","author":"Administrator","date":"July 22, 2022","format":false,"excerpt":"Die n\u00e4chsten beiden Sendungen \"Aus den Archiven von Radio Andorra\" sind fix geplant. Auch im August und September hei\u00dft es am ersten Samstag im Monat: Zeit, 43 Jahre alte Kassetten wieder h\u00f6rbar zu machen. Am Samstag, 06. August 2022 gestaltet Ricet Barrier eine Stunde Programm mit Chansons und Geschichten aus\u2026","rel":"","context":"In &quot;Deutsch&quot;","block_context":{"text":"Deutsch","link":"https:\/\/www.achimbrueckner.de\/dxradio\/php\/wordpress\/?cat=1"},"img":{"alt_text":"","src":"","width":0,"height":0},"classes":[]},{"id":1595,"url":"https:\/\/www.achimbrueckner.de\/dxradio\/php\/wordpress\/?p=1595","url_meta":{"origin":2271,"position":4},"title":"Tony Prince Ich kann die Oldies nicht mehr h\u00f6ren","author":"Administrator","date":"June 11, 2011","format":false,"excerpt":"\u00c2\u00abIch kann die Oldies nicht mehr h\u00f6ren\u00c2\u00bb Tony Prince war in den 60ern ein Radiopirat. Der Engl\u00e4nder \u00fcber die Frage, was gutes Radio ist \u00e2\u20ac\u201c und welche Schweizer Radiostation er h\u00f6ren w\u00fcrde. http:\/\/www.tagesanzeiger.ch\/kultur\/pop-und-jazz\/Ich-kann-die-Oldies-nicht-mehr-hoeren\/story\/15386452#","rel":"","context":"In &quot;Deutsch&quot;","block_context":{"text":"Deutsch","link":"https:\/\/www.achimbrueckner.de\/dxradio\/php\/wordpress\/?cat=1"},"img":{"alt_text":"","src":"","width":0,"height":0},"classes":[]},{"id":911,"url":"https:\/\/www.achimbrueckner.de\/dxradio\/php\/wordpress\/?p=911","url_meta":{"origin":2271,"position":5},"title":"RHCI 20 Jahre","author":"Administrator","date":"February 15, 2010","format":false,"excerpt":"Das Treffen des RHCI, aus Anlass - 20 Jahre Radio-H\u00f6rer-Club-International = RHCI-Online, findet am Sonnabend, den 27. M\u00e4rz 2010, in der Zeit von 14:00 \u00e2\u20ac\u201c 18:00 Uhr in der Leipziger Moritzbastei, Schwalbennest statt. Moritzbastei Betriebs GmbH Universit\u00e4sstr. 9 04109 Leipzig Tel.: 0049 (0) 341 70 25 919 Fax: 0049 (0)\u2026","rel":"","context":"In &quot;camps&quot;","block_context":{"text":"camps","link":"https:\/\/www.achimbrueckner.de\/dxradio\/php\/wordpress\/?cat=5"},"img":{"alt_text":"","src":"","width":0,"height":0},"classes":[]}],"_links":{"self":[{"href":"https:\/\/www.achimbrueckner.de\/dxradio\/php\/wordpress\/index.php?rest_route=\/wp\/v2\/posts\/2271","targetHints":{"allow":["GET"]}}],"collection":[{"href":"https:\/\/www.achimbrueckner.de\/dxradio\/php\/wordpress\/index.php?rest_route=\/wp\/v2\/posts"}],"about":[{"href":"https:\/\/www.achimbrueckner.de\/dxradio\/php\/wordpress\/index.php?rest_route=\/wp\/v2\/types\/post"}],"author":[{"embeddable":true,"href":"https:\/\/www.achimbrueckner.de\/dxradio\/php\/wordpress\/index.php?rest_route=\/wp\/v2\/users\/1"}],"replies":[{"embeddable":true,"href":"https:\/\/www.achimbrueckner.de\/dxradio\/php\/wordpress\/index.php?rest_route=%2Fwp%2Fv2%2Fcomments&post=2271"}],"version-history":[{"count":0,"href":"https:\/\/www.achimbrueckner.de\/dxradio\/php\/wordpress\/index.php?rest_route=\/wp\/v2\/posts\/2271\/revisions"}],"wp:attachment":[{"href":"https:\/\/www.achimbrueckner.de\/dxradio\/php\/wordpress\/index.php?rest_route=%2Fwp%2Fv2%2Fmedia&parent=2271"}],"wp:term":[{"taxonomy":"category","embeddable":true,"href":"https:\/\/www.achimbrueckner.de\/dxradio\/php\/wordpress\/index.php?rest_route=%2Fwp%2Fv2%2Fcategories&post=2271"},{"taxonomy":"post_tag","embeddable":true,"href":"https:\/\/www.achimbrueckner.de\/dxradio\/php\/wordpress\/index.php?rest_route=%2Fwp%2Fv2%2Ftags&post=2271"}],"curies":[{"name":"wp","href":"https:\/\/api.w.org\/{rel}","templated":true}]}}