{"id":2294,"date":"2012-09-11T18:22:55","date_gmt":"2012-09-11T18:22:55","guid":{"rendered":"https:\/\/www.achimbrueckner.de\/dxradio\/php\/wordpress\/?p=2294"},"modified":"2012-09-11T18:22:55","modified_gmt":"2012-09-11T18:22:55","slug":"hier-ist-radio-tirana","status":"publish","type":"post","link":"https:\/\/www.achimbrueckner.de\/dxradio\/php\/wordpress\/?p=2294","title":{"rendered":"Hier ist Radio Tirana"},"content":{"rendered":"<p>Programmhinweis aus &#8220;H\u00f6rspiel&#8221; Nr.2\/2012<\/p>\n<p>SWR2 Feature &#8220;Hier ist Radio Tirana &#8230;&#8221;<\/p>\n<p>Sendung am Mittwoch, 19.9. | 22.03 Uhr | SWR2<br \/>\nUrsendung<\/p>\n<p>Nachrichten aus einem unbekannten Land<br \/>\nVon Fritz Sch\u00fctte<\/p>\n<p><a href=\"http:\/\/www.swr.de\/swr2\/programm\/sendungen\/feature\/-\/id=659934\/sdpgid=706045\/nid=659934\/did=10176742\/1275yzk\/index.html\" target=\"_blank\">http:\/\/www.swr.de\/swr2\/programm\/sendungen\/feature\/-\/id=659934\/sdpgid=706045\/nid=659934\/did=10176742\/1275yzk\/index.html<\/a><\/p>\n<p>Info via <a href=\"http:\/\/www.ratzer.at\" target=\"_blank\">A-DX<\/a><\/p>\n","protected":false},"excerpt":{"rendered":"<p>Programmhinweis aus &#8220;H\u00f6rspiel&#8221; Nr.2\/2012 SWR2 Feature &#8220;Hier ist Radio Tirana &#8230;&#8221; Sendung am Mittwoch, 19.9. | 22.03 Uhr | SWR2 Ursendung Nachrichten aus einem unbekannten Land Von Fritz Sch\u00fctte http:\/\/www.swr.de\/swr2\/programm\/sendungen\/feature\/-\/id=659934\/sdpgid=706045\/nid=659934\/did=10176742\/1275yzk\/index.html Info via A-DX<\/p>\n","protected":false},"author":1,"featured_media":0,"comment_status":"open","ping_status":"open","sticky":false,"template":"","format":"standard","meta":{"_jetpack_memberships_contains_paid_content":false,"footnotes":"","jetpack_publicize_message":"","jetpack_publicize_feature_enabled":true,"jetpack_social_post_already_shared":false,"jetpack_social_options":{"image_generator_settings":{"template":"highway","default_image_id":0,"font":"","enabled":false},"version":2}},"categories":[1],"tags":[24,40],"class_list":["post-2294","post","type-post","status-publish","format-standard","hentry","category-deutsch","tag-am","tag-dx"],"jetpack_publicize_connections":[],"jetpack_featured_media_url":"","jetpack_sharing_enabled":true,"jetpack_shortlink":"https:\/\/wp.me\/p5CDmr-B0","jetpack-related-posts":[{"id":980,"url":"https:\/\/www.achimbrueckner.de\/dxradio\/php\/wordpress\/?p=980","url_meta":{"origin":2294,"position":0},"title":"SWR2 Sprachkurse","author":"Administrator","date":"March 31, 2010","format":false,"excerpt":"To whom it may concern: SWR2 hat weiterhin zwei Sprachkurse als Podcast im Angebot T\u00fcrkisch: http:\/\/www1.swr.de\/podcast\/xml\/swr2\/tuerkischlernen.xml Chinesisch: http:\/\/www1.swr.de\/podcast\/xml\/swr2\/chinesischkurs.xml Info via A-DX","rel":"","context":"In &quot;Deutsch&quot;","block_context":{"text":"Deutsch","link":"https:\/\/www.achimbrueckner.de\/dxradio\/php\/wordpress\/?cat=1"},"img":{"alt_text":"","src":"","width":0,"height":0},"classes":[]},{"id":1855,"url":"https:\/\/www.achimbrueckner.de\/dxradio\/php\/wordpress\/?p=1855","url_meta":{"origin":2294,"position":1},"title":"SWR2 Archivradio &#8211; Eine kleine Geschichte des H\u00f6rfunks &#8220;Achtung, Achtung! Hier ist Berlin!&#8221;","author":"Administrator","date":"October 27, 2011","format":false,"excerpt":"SWR2 Archivradio - Eine kleine Geschichte des H\u00f6rfunks \"Achtung, Achtung! Hier ist Berlin!\" http:\/\/www.swr.de\/swr2\/wissen\/archivradio\/archivradio-rundfunkgeschichte\/-\/id=2847740\/nid=2847740\/did=8717932\/1gtz41r\/index.html","rel":"","context":"In &quot;Deutsch&quot;","block_context":{"text":"Deutsch","link":"https:\/\/www.achimbrueckner.de\/dxradio\/php\/wordpress\/?cat=1"},"img":{"alt_text":"","src":"","width":0,"height":0},"classes":[]},{"id":25548,"url":"https:\/\/www.achimbrueckner.de\/dxradio\/php\/wordpress\/?p=25548","url_meta":{"origin":2294,"position":2},"title":"Kalter Krieg im Radio \u2013 Propagandaschlachten im Nachkriegsdeutschland","author":"Administrator","date":"October 30, 2019","format":false,"excerpt":"https:\/\/www.swr.de\/swr2\/doku-und-feature\/SWR2-Feature-Kalter-Krieg-im-Radio,swr2-feature-2019-10-30-100.html","rel":"","context":"In &quot;Deutsch&quot;","block_context":{"text":"Deutsch","link":"https:\/\/www.achimbrueckner.de\/dxradio\/php\/wordpress\/?cat=1"},"img":{"alt_text":"","src":"","width":0,"height":0},"classes":[]},{"id":26238,"url":"https:\/\/www.achimbrueckner.de\/dxradio\/php\/wordpress\/?p=26238","url_meta":{"origin":2294,"position":3},"title":"Kalter Krieg im Radio &#8211; Propagandaschlachten im Nachkriegsdeutschland","author":"Administrator","date":"December 19, 2019","format":false,"excerpt":"https:\/\/www.swr.de\/swr2\/doku-und-feature\/SWR2-Feature-Kalter-Krieg-im-Radio,swr2-feature-2019-10-30-100.html","rel":"","context":"In &quot;Deutsch&quot;","block_context":{"text":"Deutsch","link":"https:\/\/www.achimbrueckner.de\/dxradio\/php\/wordpress\/?cat=1"},"img":{"alt_text":"","src":"","width":0,"height":0},"classes":[]},{"id":2139,"url":"https:\/\/www.achimbrueckner.de\/dxradio\/php\/wordpress\/?p=2139","url_meta":{"origin":2294,"position":4},"title":"&#8220;Saigon, bitte kommen!&#8221;","author":"Administrator","date":"February 10, 2012","format":false,"excerpt":"\"Saigon, bitte kommen!\" Sendung vom Montag, 6.2. | 10.05 Uhr | SWR2 Amateurfunker in der Dachkammer http:\/\/www.swr.de\/swr2\/programm\/sendungen\/tandem\/-\/id=8986864\/nid=8986864\/did=9082048\/5hwbgh\/index.html Info via A-DX","rel":"","context":"In &quot;Deutsch&quot;","block_context":{"text":"Deutsch","link":"https:\/\/www.achimbrueckner.de\/dxradio\/php\/wordpress\/?cat=1"},"img":{"alt_text":"","src":"","width":0,"height":0},"classes":[]},{"id":1912,"url":"https:\/\/www.achimbrueckner.de\/dxradio\/php\/wordpress\/?p=1912","url_meta":{"origin":2294,"position":5},"title":"Der Mittelwellensender M\u00fchlacker","author":"Administrator","date":"November 12, 2011","format":false,"excerpt":"08:30 MEZ 12. Dezember 2011 SWR2 Wissen Der Mittelwellensender M\u00fchlacker 81 Jahre lebendige Rundfunkgeschichte Von J\u00f6rg Hucklenbroich und Ralf Kr\u00f6ner http:\/\/www.swr.de\/swr2\/programm\/sendungen\/wissen\/-\/id=660374\/nid=660374\/did=8837808\/829jxr\/ Info via A-DX","rel":"","context":"In &quot;Deutsch&quot;","block_context":{"text":"Deutsch","link":"https:\/\/www.achimbrueckner.de\/dxradio\/php\/wordpress\/?cat=1"},"img":{"alt_text":"","src":"","width":0,"height":0},"classes":[]}],"_links":{"self":[{"href":"https:\/\/www.achimbrueckner.de\/dxradio\/php\/wordpress\/index.php?rest_route=\/wp\/v2\/posts\/2294","targetHints":{"allow":["GET"]}}],"collection":[{"href":"https:\/\/www.achimbrueckner.de\/dxradio\/php\/wordpress\/index.php?rest_route=\/wp\/v2\/posts"}],"about":[{"href":"https:\/\/www.achimbrueckner.de\/dxradio\/php\/wordpress\/index.php?rest_route=\/wp\/v2\/types\/post"}],"author":[{"embeddable":true,"href":"https:\/\/www.achimbrueckner.de\/dxradio\/php\/wordpress\/index.php?rest_route=\/wp\/v2\/users\/1"}],"replies":[{"embeddable":true,"href":"https:\/\/www.achimbrueckner.de\/dxradio\/php\/wordpress\/index.php?rest_route=%2Fwp%2Fv2%2Fcomments&post=2294"}],"version-history":[{"count":0,"href":"https:\/\/www.achimbrueckner.de\/dxradio\/php\/wordpress\/index.php?rest_route=\/wp\/v2\/posts\/2294\/revisions"}],"wp:attachment":[{"href":"https:\/\/www.achimbrueckner.de\/dxradio\/php\/wordpress\/index.php?rest_route=%2Fwp%2Fv2%2Fmedia&parent=2294"}],"wp:term":[{"taxonomy":"category","embeddable":true,"href":"https:\/\/www.achimbrueckner.de\/dxradio\/php\/wordpress\/index.php?rest_route=%2Fwp%2Fv2%2Fcategories&post=2294"},{"taxonomy":"post_tag","embeddable":true,"href":"https:\/\/www.achimbrueckner.de\/dxradio\/php\/wordpress\/index.php?rest_route=%2Fwp%2Fv2%2Ftags&post=2294"}],"curies":[{"name":"wp","href":"https:\/\/api.w.org\/{rel}","templated":true}]}}