{"id":2297,"date":"2012-09-15T15:11:17","date_gmt":"2012-09-15T15:11:17","guid":{"rendered":"https:\/\/www.achimbrueckner.de\/dxradio\/php\/wordpress\/?p=2297"},"modified":"2012-09-15T15:11:17","modified_gmt":"2012-09-15T15:11:17","slug":"mittelwellen-rundfunk-in-deutschland-1944-1960","status":"publish","type":"post","link":"https:\/\/www.achimbrueckner.de\/dxradio\/php\/wordpress\/?p=2297","title":{"rendered":"Mittelwellen-Rundfunk in Deutschland 1944-1960"},"content":{"rendered":"<p>Band 4: Mittelwellen-Rundfunk in Deutschland 1944-1960<\/p>\n<p>Der vorliegende vierte Band der Reihe zur Mittelwelle stellt in chronologischer Folge die rundfunktechnische wie auch rundfunkpolitische Entwicklung der Mittelwelle in Deutschland anhand von Originaltexten aus der allgemeinen Presse und den Fachzeitschriften dar.<\/p>\n<p>Autor: Wilhelm Herbst<br \/>\n300 Seiten, zahlreiche historische Abbildungen, 2010<\/p>\n<p>Info via <a href=\"http:\/\/www.ratzer.at\" target=\"_blank\">A-DX<\/a><\/p>\n","protected":false},"excerpt":{"rendered":"<p>Band 4: Mittelwellen-Rundfunk in Deutschland 1944-1960 Der vorliegende vierte Band der Reihe zur Mittelwelle stellt in chronologischer Folge die rundfunktechnische wie auch rundfunkpolitische Entwicklung der Mittelwelle in Deutschland anhand von Originaltexten aus der allgemeinen Presse und den Fachzeitschriften dar. Autor: Wilhelm Herbst 300 Seiten, zahlreiche historische Abbildungen, 2010 Info via A-DX<\/p>\n","protected":false},"author":1,"featured_media":0,"comment_status":"open","ping_status":"open","sticky":false,"template":"","format":"standard","meta":{"_jetpack_memberships_contains_paid_content":false,"footnotes":"","jetpack_publicize_message":"","jetpack_publicize_feature_enabled":true,"jetpack_social_post_already_shared":false,"jetpack_social_options":{"image_generator_settings":{"template":"highway","default_image_id":0,"font":"","enabled":false},"version":2}},"categories":[1],"tags":[40],"class_list":["post-2297","post","type-post","status-publish","format-standard","hentry","category-deutsch","tag-dx"],"jetpack_publicize_connections":[],"jetpack_featured_media_url":"","jetpack_sharing_enabled":true,"jetpack_shortlink":"https:\/\/wp.me\/p5CDmr-B3","jetpack-related-posts":[{"id":7094,"url":"https:\/\/www.achimbrueckner.de\/dxradio\/php\/wordpress\/?p=7094","url_meta":{"origin":2297,"position":0},"title":"Deutschland beendet Mittelwellen-Rundfunk zum Jahresende","author":"Administrator","date":"December 30, 2015","format":false,"excerpt":"http:\/\/www.teltarif.de\/mittelwelle-abschaltung-jahresende\/news\/62269.html","rel":"","context":"In &quot;Deutsch&quot;","block_context":{"text":"Deutsch","link":"https:\/\/www.achimbrueckner.de\/dxradio\/php\/wordpress\/?cat=1"},"img":{"alt_text":"","src":"","width":0,"height":0},"classes":[]},{"id":1055,"url":"https:\/\/www.achimbrueckner.de\/dxradio\/php\/wordpress\/?p=1055","url_meta":{"origin":2297,"position":1},"title":"10. Juli 2010: BR Ismaning Besuchstag mit Sammlerb\u00f6rse und MW-Sondersendung","author":"Administrator","date":"June 19, 2010","format":false,"excerpt":"Also bald ist es wieder soweit: Sendeanlage Ismaning mit Tag der offenen T\u00fcr plus Sonderprogramm \u00fcber einen kleinen Mittelwellen-Ortssender auf 585 kHz f\u00fcr \"die n\u00e4chste Umgebung\" (bzw. soweit es eben reicht!). Und mit Sammlerb\u00f6rse der GFGF. Wann: 10. Juli 2010 (Samstag) Wo: Senderanlage Ismaning, Senderstra\u00dfe 57, 85737 Ismaning Die komplette\u2026","rel":"","context":"In &quot;camps&quot;","block_context":{"text":"camps","link":"https:\/\/www.achimbrueckner.de\/dxradio\/php\/wordpress\/?cat=5"},"img":{"alt_text":"","src":"","width":0,"height":0},"classes":[]},{"id":472,"url":"https:\/\/www.achimbrueckner.de\/dxradio\/php\/wordpress\/?p=472","url_meta":{"origin":2297,"position":2},"title":"4. Mittelwellen-Sommer-Contest","author":"Administrator","date":"July 5, 2009","format":false,"excerpt":"4. Mittelwellen-Sommer-Contest Zeitraum Das wellenforum veranstaltet in der Zeit vom 15. Juli bis 31. Juli 2009 seinen 4. Mittelwellen-Sommer-Contest. BC Stationen Gewertet wird jeder MW-Log. Jede Station ist mindestens 10 Minuten zu h\u00f6ren. Der Nachweis ist durch kurze Programmdetails (Schlagzeile Nachrichten oder Musiktitel) zu erbringen (bitte keine Phrasen wie \u00e2\u20ac\u017eNews\u00e2\u20ac\u0153\u2026","rel":"","context":"In &quot;contests&quot;","block_context":{"text":"contests","link":"https:\/\/www.achimbrueckner.de\/dxradio\/php\/wordpress\/?cat=6"},"img":{"alt_text":"","src":"","width":0,"height":0},"classes":[]},{"id":24121,"url":"https:\/\/www.achimbrueckner.de\/dxradio\/php\/wordpress\/?p=24121","url_meta":{"origin":2297,"position":3},"title":"Die Renaissance der Mittelwelle","author":"Administrator","date":"August 7, 2019","format":false,"excerpt":"https:\/\/www.welt.de\/wissenschaft\/article198078079\/Comeback-Mittelwellen-Programme-in-Hannover-und-Muenchen.html","rel":"","context":"In &quot;Deutsch&quot;","block_context":{"text":"Deutsch","link":"https:\/\/www.achimbrueckner.de\/dxradio\/php\/wordpress\/?cat=1"},"img":{"alt_text":"","src":"","width":0,"height":0},"classes":[]},{"id":7722,"url":"https:\/\/www.achimbrueckner.de\/dxradio\/php\/wordpress\/?p=7722","url_meta":{"origin":2297,"position":4},"title":"ADDX: Mittelwellen-Spezial-Club &#8211; Skala","author":"Administrator","date":"March 1, 2016","format":false,"excerpt":"25 Euro die sich f\u00fcr Mittelwellenfreunde sicher lohnen, wieder ein toller Service der ADDX. 1977 gr\u00fcndete sich in K\u00f6ln der \u201eMittelwellen-Spezial-Club\u201c \u2013 kurz \u201eMWSC\u201c. Zehn Jahre lang ver\u00f6ffentlichte er die Fachzeitschrift \u201eSkala\u201c, die fundiert \u00fcber alle interessanten Aspekte des Mittelwellenempfangs berichtete: Technik, Programme, Highlights und Hintergr\u00fcndiges. Der ADDX ist es\u2026","rel":"","context":"In &quot;Deutsch&quot;","block_context":{"text":"Deutsch","link":"https:\/\/www.achimbrueckner.de\/dxradio\/php\/wordpress\/?cat=1"},"img":{"alt_text":"","src":"","width":0,"height":0},"classes":[]},{"id":40022,"url":"https:\/\/www.achimbrueckner.de\/dxradio\/php\/wordpress\/?p=40022","url_meta":{"origin":2297,"position":5},"title":"US-SENATOREN FORDERN GESETZ F\u00dcR AM-RADIO-EMPFANG Mittelwelle f\u00fcr alle Autos f\u00fcr immer","author":"Administrator","date":"August 15, 2023","format":false,"excerpt":"https:\/\/www.auto-motor-und-sport.de\/tech-zukunft\/mittelwellen-radio-pflichtausstattung-us-neuwagen\/","rel":"","context":"In &quot;Deutsch&quot;","block_context":{"text":"Deutsch","link":"https:\/\/www.achimbrueckner.de\/dxradio\/php\/wordpress\/?cat=1"},"img":{"alt_text":"","src":"","width":0,"height":0},"classes":[]}],"_links":{"self":[{"href":"https:\/\/www.achimbrueckner.de\/dxradio\/php\/wordpress\/index.php?rest_route=\/wp\/v2\/posts\/2297","targetHints":{"allow":["GET"]}}],"collection":[{"href":"https:\/\/www.achimbrueckner.de\/dxradio\/php\/wordpress\/index.php?rest_route=\/wp\/v2\/posts"}],"about":[{"href":"https:\/\/www.achimbrueckner.de\/dxradio\/php\/wordpress\/index.php?rest_route=\/wp\/v2\/types\/post"}],"author":[{"embeddable":true,"href":"https:\/\/www.achimbrueckner.de\/dxradio\/php\/wordpress\/index.php?rest_route=\/wp\/v2\/users\/1"}],"replies":[{"embeddable":true,"href":"https:\/\/www.achimbrueckner.de\/dxradio\/php\/wordpress\/index.php?rest_route=%2Fwp%2Fv2%2Fcomments&post=2297"}],"version-history":[{"count":0,"href":"https:\/\/www.achimbrueckner.de\/dxradio\/php\/wordpress\/index.php?rest_route=\/wp\/v2\/posts\/2297\/revisions"}],"wp:attachment":[{"href":"https:\/\/www.achimbrueckner.de\/dxradio\/php\/wordpress\/index.php?rest_route=%2Fwp%2Fv2%2Fmedia&parent=2297"}],"wp:term":[{"taxonomy":"category","embeddable":true,"href":"https:\/\/www.achimbrueckner.de\/dxradio\/php\/wordpress\/index.php?rest_route=%2Fwp%2Fv2%2Fcategories&post=2297"},{"taxonomy":"post_tag","embeddable":true,"href":"https:\/\/www.achimbrueckner.de\/dxradio\/php\/wordpress\/index.php?rest_route=%2Fwp%2Fv2%2Ftags&post=2297"}],"curies":[{"name":"wp","href":"https:\/\/api.w.org\/{rel}","templated":true}]}}