{"id":23034,"date":"2019-05-08T15:43:13","date_gmt":"2019-05-08T15:43:13","guid":{"rendered":"https:\/\/www.achimbrueckner.de\/dxradio\/php\/wordpress\/?p=23034"},"modified":"2019-05-08T15:43:13","modified_gmt":"2019-05-08T15:43:13","slug":"regionalmedien-brauchen-digitalen-karftakt","status":"publish","type":"post","link":"https:\/\/www.achimbrueckner.de\/dxradio\/php\/wordpress\/?p=23034","title":{"rendered":"Regionalmedien brauchen digitalen Karftakt"},"content":{"rendered":"<p><a href=\"https:\/\/www.luzernerzeitung.ch\/wirtschaft\/regionalmedien-brauchen-digitalen-kraftakt-ld.1117028\" rel=\"noopener noreferrer\" target=\"_blank\">https:\/\/www.luzernerzeitung.ch\/wirtschaft\/regionalmedien-brauchen-digitalen-kraftakt-ld.1117028<\/a><\/p>\n","protected":false},"excerpt":{"rendered":"<p>https:\/\/www.luzernerzeitung.ch\/wirtschaft\/regionalmedien-brauchen-digitalen-kraftakt-ld.1117028<\/p>\n","protected":false},"author":1,"featured_media":0,"comment_status":"closed","ping_status":"open","sticky":false,"template":"","format":"standard","meta":{"_jetpack_memberships_contains_paid_content":false,"footnotes":"","jetpack_publicize_message":"","jetpack_publicize_feature_enabled":true,"jetpack_social_post_already_shared":true,"jetpack_social_options":{"image_generator_settings":{"template":"highway","default_image_id":0,"font":"","enabled":false},"version":2}},"categories":[1,15],"tags":[45],"class_list":["post-23034","post","type-post","status-publish","format-standard","hentry","category-deutsch","category-medien","tag-medien"],"jetpack_publicize_connections":[],"jetpack_featured_media_url":"","jetpack_sharing_enabled":true,"jetpack_shortlink":"https:\/\/wp.me\/p5CDmr-5Zw","jetpack-related-posts":[{"id":24602,"url":"https:\/\/www.achimbrueckner.de\/dxradio\/php\/wordpress\/?p=24602","url_meta":{"origin":23034,"position":0},"title":"Medientage M\u00fcnchen 2019: Medien auf dem n\u00e4chsten digitalen Level","author":"Administrator","date":"September 2, 2019","format":false,"excerpt":"https:\/\/www.sonntagsblatt.de\/artikel\/medien\/medientage-muenchen-2019-medien-auf-dem-naechsten-digitalen-level","rel":"","context":"In &quot;Deutsch&quot;","block_context":{"text":"Deutsch","link":"https:\/\/www.achimbrueckner.de\/dxradio\/php\/wordpress\/?cat=1"},"img":{"alt_text":"","src":"","width":0,"height":0},"classes":[]},{"id":20435,"url":"https:\/\/www.achimbrueckner.de\/dxradio\/php\/wordpress\/?p=20435","url_meta":{"origin":23034,"position":1},"title":"Mit Digitalen Medien in die Ausbildung","author":"Administrator","date":"December 17, 2018","format":false,"excerpt":"https:\/\/www.unserradio.de\/radio\/2018\/12\/mit-digitalen-medien-in-die-ausbildung\/","rel":"","context":"In &quot;Deutsch&quot;","block_context":{"text":"Deutsch","link":"https:\/\/www.achimbrueckner.de\/dxradio\/php\/wordpress\/?cat=1"},"img":{"alt_text":"","src":"","width":0,"height":0},"classes":[]},{"id":24058,"url":"https:\/\/www.achimbrueckner.de\/dxradio\/php\/wordpress\/?p=24058","url_meta":{"origin":23034,"position":2},"title":"Die Zukunft des digitalen Radios","author":"Administrator","date":"August 1, 2019","format":false,"excerpt":"https:\/\/www.faz.net\/aktuell\/feuilleton\/medien\/niedersachsen-ohne-dab-die-zukunft-des-digitalen-radios-16308454.html","rel":"","context":"In &quot;Deutsch&quot;","block_context":{"text":"Deutsch","link":"https:\/\/www.achimbrueckner.de\/dxradio\/php\/wordpress\/?cat=1"},"img":{"alt_text":"","src":"","width":0,"height":0},"classes":[]},{"id":16582,"url":"https:\/\/www.achimbrueckner.de\/dxradio\/php\/wordpress\/?p=16582","url_meta":{"origin":23034,"position":3},"title":"&#8220;Im digitalen Zeitalter gibt es keine Idylle mehr&#8221;","author":"Administrator","date":"February 21, 2018","format":false,"excerpt":"http:\/\/www.deutschlandfunk.de\/medien-und-demokratie-im-digitalen-zeitalter-gibt-es-keine.694.de.html?dram:article_id=411042","rel":"","context":"In &quot;Deutsch&quot;","block_context":{"text":"Deutsch","link":"https:\/\/www.achimbrueckner.de\/dxradio\/php\/wordpress\/?cat=1"},"img":{"alt_text":"","src":"","width":0,"height":0},"classes":[]},{"id":4558,"url":"https:\/\/www.achimbrueckner.de\/dxradio\/php\/wordpress\/?p=4558","url_meta":{"origin":23034,"position":4},"title":"EU-Strategie zum Digitalen Binnenmarkt &#8211; VPRT begr\u00fc\u00dft Initiative und fordert vollst\u00e4ndige Ber\u00fccksichtigung der audiovisuellen Medien","author":"Administrator","date":"May 7, 2015","format":false,"excerpt":"http:\/\/www.finanzen.net\/nachricht\/aktien\/EU-Strategie-zum-Digitalen-Binnenmarkt-VPRT-begruesst-Initiative-und-fordert-vollstaendige-Beruecksichtigung-der-audiovisuellen-Medien-4326290","rel":"","context":"In &quot;audio&quot;","block_context":{"text":"audio","link":"https:\/\/www.achimbrueckner.de\/dxradio\/php\/wordpress\/?cat=47"},"img":{"alt_text":"","src":"","width":0,"height":0},"classes":[]},{"id":14009,"url":"https:\/\/www.achimbrueckner.de\/dxradio\/php\/wordpress\/?p=14009","url_meta":{"origin":23034,"position":5},"title":"Medientage: Die Zukunft des digitalen Radios","author":"Administrator","date":"August 4, 2017","format":false,"excerpt":"http:\/\/www.horizont.at\/home\/news\/detail\/die-zukunft-des-digitalen-radios.html","rel":"","context":"In &quot;Deutsch&quot;","block_context":{"text":"Deutsch","link":"https:\/\/www.achimbrueckner.de\/dxradio\/php\/wordpress\/?cat=1"},"img":{"alt_text":"","src":"","width":0,"height":0},"classes":[]}],"_links":{"self":[{"href":"https:\/\/www.achimbrueckner.de\/dxradio\/php\/wordpress\/index.php?rest_route=\/wp\/v2\/posts\/23034","targetHints":{"allow":["GET"]}}],"collection":[{"href":"https:\/\/www.achimbrueckner.de\/dxradio\/php\/wordpress\/index.php?rest_route=\/wp\/v2\/posts"}],"about":[{"href":"https:\/\/www.achimbrueckner.de\/dxradio\/php\/wordpress\/index.php?rest_route=\/wp\/v2\/types\/post"}],"author":[{"embeddable":true,"href":"https:\/\/www.achimbrueckner.de\/dxradio\/php\/wordpress\/index.php?rest_route=\/wp\/v2\/users\/1"}],"replies":[{"embeddable":true,"href":"https:\/\/www.achimbrueckner.de\/dxradio\/php\/wordpress\/index.php?rest_route=%2Fwp%2Fv2%2Fcomments&post=23034"}],"version-history":[{"count":0,"href":"https:\/\/www.achimbrueckner.de\/dxradio\/php\/wordpress\/index.php?rest_route=\/wp\/v2\/posts\/23034\/revisions"}],"wp:attachment":[{"href":"https:\/\/www.achimbrueckner.de\/dxradio\/php\/wordpress\/index.php?rest_route=%2Fwp%2Fv2%2Fmedia&parent=23034"}],"wp:term":[{"taxonomy":"category","embeddable":true,"href":"https:\/\/www.achimbrueckner.de\/dxradio\/php\/wordpress\/index.php?rest_route=%2Fwp%2Fv2%2Fcategories&post=23034"},{"taxonomy":"post_tag","embeddable":true,"href":"https:\/\/www.achimbrueckner.de\/dxradio\/php\/wordpress\/index.php?rest_route=%2Fwp%2Fv2%2Ftags&post=23034"}],"curies":[{"name":"wp","href":"https:\/\/api.w.org\/{rel}","templated":true}]}}