{"id":2311,"date":"2012-10-14T16:15:37","date_gmt":"2012-10-14T16:15:37","guid":{"rendered":"https:\/\/www.achimbrueckner.de\/dxradio\/php\/wordpress\/?p=2311"},"modified":"2012-10-14T16:15:37","modified_gmt":"2012-10-14T16:15:37","slug":"open-petition-contra-plc","status":"publish","type":"post","link":"https:\/\/www.achimbrueckner.de\/dxradio\/php\/wordpress\/?p=2311","title":{"rendered":"&#8220;Open Petition&#8221; contra PLC"},"content":{"rendered":"<p>Tobias, DF8TH hat aus aktuellem Anlass des Normierungsentwurfes EN50561-1 (schlafm\u00fctziges agieren des DARC, keine gemeinsame Position der Europ\u00e4ischen Dachverb\u00e4nde, unscharfe Formulierungen im Standardisierungsentwurf) eine &#8220;Open Petition&#8221; contra PLC im Netz er\u00f6ffnet:<\/p>\n<p>https:\/\/www.openpetition.de\/petition\/online\/schutz-der-ressource-frequenz-vor-elektromagnetischen-stoerungen-durch-plc<\/p>\n<p>Es sollen m\u00f6glichst viele Leute damit ansgeprochen werden, da wir im Endeffekt alle betroffen sind. Eine st\u00e4rkere Beeintr\u00e4chtigung durch PLC ist nicht hinnehmbar, da wir dann unser Hobby schlimmstenfalls beerdigen m\u00fcssen.<\/p>\n<p>Je mehr Muliplikatoren, desto besser. Die Zeichnungsfrist l\u00e4uft aktuell noch 40 Tage.<\/p>\n<p>73 Bernhard DL4CW<\/p>\n<p>Info via <a href=\"http:\/\/www.ratzer.at\" target=\"_blank\">A-DX<\/a><\/p>\n","protected":false},"excerpt":{"rendered":"<p>Tobias, DF8TH hat aus aktuellem Anlass des Normierungsentwurfes EN50561-1 (schlafm\u00fctziges agieren des DARC, keine gemeinsame Position der Europ\u00e4ischen Dachverb\u00e4nde, unscharfe Formulierungen im Standardisierungsentwurf) eine &#8220;Open Petition&#8221; contra PLC im Netz er\u00f6ffnet: https:\/\/www.openpetition.de\/petition\/online\/schutz-der-ressource-frequenz-vor-elektromagnetischen-stoerungen-durch-plc Es sollen m\u00f6glichst viele Leute damit ansgeprochen werden, da wir im Endeffekt alle betroffen sind. Eine st\u00e4rkere Beeintr\u00e4chtigung durch PLC ist nicht hinnehmbar, &hellip; <a href=\"https:\/\/www.achimbrueckner.de\/dxradio\/php\/wordpress\/?p=2311\" class=\"more-link\">Continue reading <span class=\"screen-reader-text\">&#8220;Open Petition&#8221; contra PLC<\/span><\/a><\/p>\n","protected":false},"author":1,"featured_media":0,"comment_status":"open","ping_status":"open","sticky":false,"template":"","format":"standard","meta":{"_jetpack_memberships_contains_paid_content":false,"footnotes":"","jetpack_publicize_message":"","jetpack_publicize_feature_enabled":true,"jetpack_social_post_already_shared":false,"jetpack_social_options":{"image_generator_settings":{"template":"highway","default_image_id":0,"font":"","enabled":false},"version":2}},"categories":[1],"tags":[24,40,28],"class_list":["post-2311","post","type-post","status-publish","format-standard","hentry","category-deutsch","tag-am","tag-dx","tag-fm"],"jetpack_publicize_connections":[],"jetpack_featured_media_url":"","jetpack_sharing_enabled":true,"jetpack_shortlink":"https:\/\/wp.me\/p5CDmr-Bh","jetpack-related-posts":[{"id":3215,"url":"https:\/\/www.achimbrueckner.de\/dxradio\/php\/wordpress\/?p=3215","url_meta":{"origin":2311,"position":0},"title":"EU will den zul\u00e4ssigen Grenzwert f\u00fcr PLC Strahlung um das 20.000-fache erh\u00f6hen!","author":"Administrator","date":"May 28, 2014","format":false,"excerpt":"https:\/\/secure.avaaz.org\/de\/petition\/An_Viviane_Reding_Vizepraesidentin_der_Europaeischen_Kommission_Stopp_fuer_PLCTechnologie_Grenzwert_von_der_EU_um_das_20_1\/?pv=12 http:\/\/www.cq-cq.eu\/DJ5IL_OB_Reding.pdf Info via A-DX","rel":"","context":"In &quot;Deutsch&quot;","block_context":{"text":"Deutsch","link":"https:\/\/www.achimbrueckner.de\/dxradio\/php\/wordpress\/?cat=1"},"img":{"alt_text":"","src":"","width":0,"height":0},"classes":[]},{"id":3125,"url":"https:\/\/www.achimbrueckner.de\/dxradio\/php\/wordpress\/?p=3125","url_meta":{"origin":2311,"position":1},"title":"EU will den zul\u00e4ssigen Grenzwert f\u00fcr PLC Strahlung um das 20.000-fache erh\u00f6hen!","author":"Administrator","date":"April 27, 2014","format":false,"excerpt":"https:\/\/secure.avaaz.org\/de\/petition\/An_Viviane_Reding_Vizepraesidentin_der_Europaeischen_Kommission_Stopp_fuer_PLCTechnologie_Grenzwert_von_der_EU_um_das_20_1\/?svMJRcb","rel":"","context":"In &quot;Deutsch&quot;","block_context":{"text":"Deutsch","link":"https:\/\/www.achimbrueckner.de\/dxradio\/php\/wordpress\/?cat=1"},"img":{"alt_text":"","src":"","width":0,"height":0},"classes":[]},{"id":270,"url":"https:\/\/www.achimbrueckner.de\/dxradio\/php\/wordpress\/?p=270","url_meta":{"origin":2311,"position":2},"title":"Powerline PLC","author":"Administrator","date":"February 26, 2007","format":false,"excerpt":"Das den Kurzwellenempfang stark st\u00f6rende Powerline PLC wird von der EU weiter gef\u00f6rdert. Dies ist im Artikel auf teltarif.de zu lesen.","rel":"","context":"In &quot;Empfang&quot;","block_context":{"text":"Empfang","link":"https:\/\/www.achimbrueckner.de\/dxradio\/php\/wordpress\/?cat=3"},"img":{"alt_text":"","src":"","width":0,"height":0},"classes":[]},{"id":1637,"url":"https:\/\/www.achimbrueckner.de\/dxradio\/php\/wordpress\/?p=1637","url_meta":{"origin":2311,"position":3},"title":"KINK FM mu\u00df bleiben!","author":"Administrator","date":"July 3, 2011","format":false,"excerpt":"KINK FM mu\u00df bleiben! http:\/\/www.openpetition.de\/petition\/online\/kink-fm-muss-bleiben Die auch in Deutschland bekannte niederl\u00e4ndische Alternative Music Station KINK FM soll ab 1. Oktober schweigen. Soll will es scheinbar der Eigner Veronica mit seiner Medienorganisation V-Ventures. Bem\u00fchungen um die angeblich f\u00fcr wirtschaftlichen Betrieb n\u00f6tigen UKW-Frequenzen wurden nie ernsthaft verfolgt. Nun soll der Geldhahn sogar\u2026","rel":"","context":"In &quot;Deutsch&quot;","block_context":{"text":"Deutsch","link":"https:\/\/www.achimbrueckner.de\/dxradio\/php\/wordpress\/?cat=1"},"img":{"alt_text":"","src":"","width":0,"height":0},"classes":[]},{"id":2851,"url":"https:\/\/www.achimbrueckner.de\/dxradio\/php\/wordpress\/?p=2851","url_meta":{"origin":2311,"position":4},"title":"Offener Brief an BMWi, BMVI und BNetzA: Lobbypolitik f\u00fcr untaugliche PLC-Technologie statt Sachverstand und technische Vernunft","author":"Administrator","date":"January 15, 2014","format":false,"excerpt":"http:\/\/cq-cq.eu\/DJ5IL_Offener_Brief.pdf Info via A-DX","rel":"","context":"In &quot;Deutsch&quot;","block_context":{"text":"Deutsch","link":"https:\/\/www.achimbrueckner.de\/dxradio\/php\/wordpress\/?cat=1"},"img":{"alt_text":"","src":"","width":0,"height":0},"classes":[]},{"id":356,"url":"https:\/\/www.achimbrueckner.de\/dxradio\/php\/wordpress\/?p=356","url_meta":{"origin":2311,"position":5},"title":"PLC-Videos auf Youtube","author":"Administrator","date":"December 13, 2007","format":false,"excerpt":"Anschauliche Beispiele was Powerline (PC-Vernetzung\/Internet via Steckdose) auf Kurzwelle anrichtet gibt es hier zu sehen\/h\u00f6ren: http:\/\/www.youtube.com\/watch?v=G7DfdxjRkpU http:\/\/youtube.com\/watch?v=Eu7Wptlx5U8 Dank an Renato Bagattini und Willi Stengel auf A-DX","rel":"","context":"In &quot;Deutsch&quot;","block_context":{"text":"Deutsch","link":"https:\/\/www.achimbrueckner.de\/dxradio\/php\/wordpress\/?cat=1"},"img":{"alt_text":"","src":"","width":0,"height":0},"classes":[]}],"_links":{"self":[{"href":"https:\/\/www.achimbrueckner.de\/dxradio\/php\/wordpress\/index.php?rest_route=\/wp\/v2\/posts\/2311","targetHints":{"allow":["GET"]}}],"collection":[{"href":"https:\/\/www.achimbrueckner.de\/dxradio\/php\/wordpress\/index.php?rest_route=\/wp\/v2\/posts"}],"about":[{"href":"https:\/\/www.achimbrueckner.de\/dxradio\/php\/wordpress\/index.php?rest_route=\/wp\/v2\/types\/post"}],"author":[{"embeddable":true,"href":"https:\/\/www.achimbrueckner.de\/dxradio\/php\/wordpress\/index.php?rest_route=\/wp\/v2\/users\/1"}],"replies":[{"embeddable":true,"href":"https:\/\/www.achimbrueckner.de\/dxradio\/php\/wordpress\/index.php?rest_route=%2Fwp%2Fv2%2Fcomments&post=2311"}],"version-history":[{"count":0,"href":"https:\/\/www.achimbrueckner.de\/dxradio\/php\/wordpress\/index.php?rest_route=\/wp\/v2\/posts\/2311\/revisions"}],"wp:attachment":[{"href":"https:\/\/www.achimbrueckner.de\/dxradio\/php\/wordpress\/index.php?rest_route=%2Fwp%2Fv2%2Fmedia&parent=2311"}],"wp:term":[{"taxonomy":"category","embeddable":true,"href":"https:\/\/www.achimbrueckner.de\/dxradio\/php\/wordpress\/index.php?rest_route=%2Fwp%2Fv2%2Fcategories&post=2311"},{"taxonomy":"post_tag","embeddable":true,"href":"https:\/\/www.achimbrueckner.de\/dxradio\/php\/wordpress\/index.php?rest_route=%2Fwp%2Fv2%2Ftags&post=2311"}],"curies":[{"name":"wp","href":"https:\/\/api.w.org\/{rel}","templated":true}]}}