{"id":23188,"date":"2019-05-21T16:42:21","date_gmt":"2019-05-21T16:42:21","guid":{"rendered":"https:\/\/www.achimbrueckner.de\/dxradio\/php\/wordpress\/?p=23188"},"modified":"2019-05-21T16:42:21","modified_gmt":"2019-05-21T16:42:21","slug":"der-wahlkampf-wird-zum-krieg-der-software","status":"publish","type":"post","link":"https:\/\/www.achimbrueckner.de\/dxradio\/php\/wordpress\/?p=23188","title":{"rendered":"\u00abDer Wahlkampf wird  zum Krieg der Software\u00bb"},"content":{"rendered":"<p><a href=\"https:\/\/www.tagblatt.ch\/international\/wahlkampf-wird-zum-krieg-der-software-ld.1119997\" rel=\"noopener noreferrer\" target=\"_blank\">https:\/\/www.tagblatt.ch\/international\/wahlkampf-wird-zum-krieg-der-software-ld.1119997<\/a><\/p>\n","protected":false},"excerpt":{"rendered":"<p>https:\/\/www.tagblatt.ch\/international\/wahlkampf-wird-zum-krieg-der-software-ld.1119997<\/p>\n","protected":false},"author":1,"featured_media":0,"comment_status":"closed","ping_status":"open","sticky":false,"template":"","format":"standard","meta":{"_jetpack_memberships_contains_paid_content":false,"footnotes":"","jetpack_publicize_message":"","jetpack_publicize_feature_enabled":true,"jetpack_social_post_already_shared":true,"jetpack_social_options":{"image_generator_settings":{"template":"highway","default_image_id":0,"font":"","enabled":false},"version":2}},"categories":[1],"tags":[24],"class_list":["post-23188","post","type-post","status-publish","format-standard","hentry","category-deutsch","tag-am"],"jetpack_publicize_connections":[],"jetpack_featured_media_url":"","jetpack_sharing_enabled":true,"jetpack_shortlink":"https:\/\/wp.me\/p5CDmr-620","jetpack-related-posts":[{"id":1555,"url":"https:\/\/www.achimbrueckner.de\/dxradio\/php\/wordpress\/?p=1555","url_meta":{"origin":23188,"position":0},"title":"International Radio Festival: Z\u00fcrich wird zum Mittelpunkt der Radiowelt","author":"Administrator","date":"May 17, 2011","format":false,"excerpt":"International Radio Festival: Z\u00fcrich wird zum Mittelpunkt der Radiowelt http:\/\/www.radiowoche.de\/meldungen\/1\/10517\/international-radio-festivalzuerich-wird-zum-mittelpunkt-der-radiowelt\/","rel":"","context":"In &quot;camps&quot;","block_context":{"text":"camps","link":"https:\/\/www.achimbrueckner.de\/dxradio\/php\/wordpress\/?cat=5"},"img":{"alt_text":"","src":"","width":0,"height":0},"classes":[]},{"id":25509,"url":"https:\/\/www.achimbrueckner.de\/dxradio\/php\/wordpress\/?p=25509","url_meta":{"origin":23188,"position":1},"title":"Politik und gute Sitten Wenn der Schauplatz zum Kampfplatz wird","author":"Administrator","date":"October 25, 2019","format":false,"excerpt":"https:\/\/www.tagesspiegel.de\/politik\/politik-und-gute-sitten-wenn-der-schauplatz-zum-kampfplatz-wird\/25156984.html","rel":"","context":"In &quot;Deutsch&quot;","block_context":{"text":"Deutsch","link":"https:\/\/www.achimbrueckner.de\/dxradio\/php\/wordpress\/?cat=1"},"img":{"alt_text":"","src":"","width":0,"height":0},"classes":[]},{"id":30414,"url":"https:\/\/www.achimbrueckner.de\/dxradio\/php\/wordpress\/?p=30414","url_meta":{"origin":23188,"position":2},"title":"Der Fernseher wird zum wichtigsten VoD-Ger\u00e4t","author":"Administrator","date":"October 14, 2020","format":false,"excerpt":"https:\/\/www.infosat.de\/digital-tv\/der-fernseher-wird-zum-wichtigsten-vod-ger-t","rel":"","context":"In &quot;Deutsch&quot;","block_context":{"text":"Deutsch","link":"https:\/\/www.achimbrueckner.de\/dxradio\/php\/wordpress\/?cat=1"},"img":{"alt_text":"","src":"","width":0,"height":0},"classes":[]},{"id":33638,"url":"https:\/\/www.achimbrueckner.de\/dxradio\/php\/wordpress\/?p=33638","url_meta":{"origin":23188,"position":3},"title":"Wahlkampf Aus Meme wird Meinung","author":"Administrator","date":"September 22, 2021","format":false,"excerpt":"https:\/\/netzpolitik.org\/2021\/wahlkampf-aus-meme-wird-meinung\/","rel":"","context":"In &quot;Deutsch&quot;","block_context":{"text":"Deutsch","link":"https:\/\/www.achimbrueckner.de\/dxradio\/php\/wordpress\/?cat=1"},"img":{"alt_text":"","src":"","width":0,"height":0},"classes":[]},{"id":29539,"url":"https:\/\/www.achimbrueckner.de\/dxradio\/php\/wordpress\/?p=29539","url_meta":{"origin":23188,"position":4},"title":"Ein Institut wird zum Millionen-Desaster der ARD","author":"Administrator","date":"July 23, 2020","format":false,"excerpt":"https:\/\/www.handelsblatt.com\/unternehmen\/it-medien\/rundfunk-ein-institut-wird-zum-millionen-desaster-der-ard\/26026498.html","rel":"","context":"In &quot;Deutsch&quot;","block_context":{"text":"Deutsch","link":"https:\/\/www.achimbrueckner.de\/dxradio\/php\/wordpress\/?cat=1"},"img":{"alt_text":"","src":"","width":0,"height":0},"classes":[]},{"id":4295,"url":"https:\/\/www.achimbrueckner.de\/dxradio\/php\/wordpress\/?p=4295","url_meta":{"origin":23188,"position":5},"title":"25 Jahre RHCI","author":"Administrator","date":"March 27, 2015","format":false,"excerpt":"In wenigen Tagen wird der Radio-H\u00f6rer-Club-International 25 bestehen. Er wurde am 31. M\u00e4rz 1990 in Leipzig, als erster Radioh\u00f6rerclub der DDR, gegr\u00fcndet. Ab 2003 ist der RHCI Online t\u00e4tig. Der RHCI-Online unterst\u00fctzt den v\u00f6lkerverbindenden Gedanken des Rundfunkh\u00f6rens im deutschsprachigem Raum und International. Die Mitgliedschaft ist kostenlos. Aktuelle Infos verbreiten wir\u2026","rel":"","context":"In &quot;Deutsch&quot;","block_context":{"text":"Deutsch","link":"https:\/\/www.achimbrueckner.de\/dxradio\/php\/wordpress\/?cat=1"},"img":{"alt_text":"","src":"","width":0,"height":0},"classes":[]}],"_links":{"self":[{"href":"https:\/\/www.achimbrueckner.de\/dxradio\/php\/wordpress\/index.php?rest_route=\/wp\/v2\/posts\/23188","targetHints":{"allow":["GET"]}}],"collection":[{"href":"https:\/\/www.achimbrueckner.de\/dxradio\/php\/wordpress\/index.php?rest_route=\/wp\/v2\/posts"}],"about":[{"href":"https:\/\/www.achimbrueckner.de\/dxradio\/php\/wordpress\/index.php?rest_route=\/wp\/v2\/types\/post"}],"author":[{"embeddable":true,"href":"https:\/\/www.achimbrueckner.de\/dxradio\/php\/wordpress\/index.php?rest_route=\/wp\/v2\/users\/1"}],"replies":[{"embeddable":true,"href":"https:\/\/www.achimbrueckner.de\/dxradio\/php\/wordpress\/index.php?rest_route=%2Fwp%2Fv2%2Fcomments&post=23188"}],"version-history":[{"count":0,"href":"https:\/\/www.achimbrueckner.de\/dxradio\/php\/wordpress\/index.php?rest_route=\/wp\/v2\/posts\/23188\/revisions"}],"wp:attachment":[{"href":"https:\/\/www.achimbrueckner.de\/dxradio\/php\/wordpress\/index.php?rest_route=%2Fwp%2Fv2%2Fmedia&parent=23188"}],"wp:term":[{"taxonomy":"category","embeddable":true,"href":"https:\/\/www.achimbrueckner.de\/dxradio\/php\/wordpress\/index.php?rest_route=%2Fwp%2Fv2%2Fcategories&post=23188"},{"taxonomy":"post_tag","embeddable":true,"href":"https:\/\/www.achimbrueckner.de\/dxradio\/php\/wordpress\/index.php?rest_route=%2Fwp%2Fv2%2Ftags&post=23188"}],"curies":[{"name":"wp","href":"https:\/\/api.w.org\/{rel}","templated":true}]}}