{"id":23325,"date":"2019-06-03T15:55:27","date_gmt":"2019-06-03T15:55:27","guid":{"rendered":"https:\/\/www.achimbrueckner.de\/dxradio\/php\/wordpress\/?p=23325"},"modified":"2019-06-03T15:55:27","modified_gmt":"2019-06-03T15:55:27","slug":"smartphones-werden-als-radiogerate-maslos-uberschatzt","status":"publish","type":"post","link":"https:\/\/www.achimbrueckner.de\/dxradio\/php\/wordpress\/?p=23325","title":{"rendered":"Smartphones werden als Radioger\u00e4te ma\u00dflos \u00fcbersch\u00e4tzt"},"content":{"rendered":"<p><a href=\"https:\/\/www.teltarif.de\/radio-smartphone-audio-studie\/news\/76841.html\" rel=\"noopener noreferrer\" target=\"_blank\">https:\/\/www.teltarif.de\/radio-smartphone-audio-studie\/news\/76841.html<\/a><\/p>\n","protected":false},"excerpt":{"rendered":"<p>https:\/\/www.teltarif.de\/radio-smartphone-audio-studie\/news\/76841.html<\/p>\n","protected":false},"author":1,"featured_media":0,"comment_status":"closed","ping_status":"open","sticky":false,"template":"","format":"standard","meta":{"_jetpack_memberships_contains_paid_content":false,"footnotes":"","jetpack_publicize_message":"","jetpack_publicize_feature_enabled":true,"jetpack_social_post_already_shared":true,"jetpack_social_options":{"image_generator_settings":{"template":"highway","default_image_id":0,"font":"","enabled":false},"version":2}},"categories":[47,1],"tags":[19],"class_list":["post-23325","post","type-post","status-publish","format-standard","hentry","category-audio","category-deutsch","tag-audio"],"jetpack_publicize_connections":[],"jetpack_featured_media_url":"","jetpack_sharing_enabled":true,"jetpack_shortlink":"https:\/\/wp.me\/p5CDmr-64d","jetpack-related-posts":[{"id":24736,"url":"https:\/\/www.achimbrueckner.de\/dxradio\/php\/wordpress\/?p=24736","url_meta":{"origin":23325,"position":0},"title":"Deezer will nicht mehr als Musikstreamer bezeichnet werden","author":"Administrator","date":"September 11, 2019","format":false,"excerpt":"https:\/\/www.teltarif.de\/online-audio-radio-ifa-deezer\/news\/77968.html","rel":"","context":"In &quot;audio&quot;","block_context":{"text":"audio","link":"https:\/\/www.achimbrueckner.de\/dxradio\/php\/wordpress\/?cat=47"},"img":{"alt_text":"","src":"","width":0,"height":0},"classes":[]},{"id":14967,"url":"https:\/\/www.achimbrueckner.de\/dxradio\/php\/wordpress\/?p=14967","url_meta":{"origin":23325,"position":1},"title":"Audio: ARD-Radio beliebter als alle Streaming-Dienste zusammen","author":"Administrator","date":"October 13, 2017","format":false,"excerpt":"https:\/\/www.teltarif.de\/ard-radio-hoerfunk-audio-multimedia\/news\/70343.html","rel":"","context":"In &quot;audio&quot;","block_context":{"text":"audio","link":"https:\/\/www.achimbrueckner.de\/dxradio\/php\/wordpress\/?cat=47"},"img":{"alt_text":"","src":"","width":0,"height":0},"classes":[]},{"id":40847,"url":"https:\/\/www.achimbrueckner.de\/dxradio\/php\/wordpress\/?p=40847","url_meta":{"origin":23325,"position":2},"title":"ARD\/ZDF-Onlinestudie: J\u00fcngere h\u00f6ren mehr Radio","author":"Administrator","date":"January 24, 2024","format":false,"excerpt":"https:\/\/www.teltarif.de\/radio-studie-ard-zdf-audio-youtube-musikstreaming\/news\/94375.html","rel":"","context":"In &quot;Deutsch&quot;","block_context":{"text":"Deutsch","link":"https:\/\/www.achimbrueckner.de\/dxradio\/php\/wordpress\/?cat=1"},"img":{"alt_text":"","src":"","width":0,"height":0},"classes":[]},{"id":38397,"url":"https:\/\/www.achimbrueckner.de\/dxradio\/php\/wordpress\/?p=38397","url_meta":{"origin":23325,"position":3},"title":"Audio-Konsum in den USA: Smartphone schl\u00e4gt Radio","author":"Administrator","date":"December 29, 2022","format":false,"excerpt":"https:\/\/www.teltarif.de\/usa-radio-edioson-reserach-umfrage\/news\/90430.html","rel":"","context":"In &quot;Deutsch&quot;","block_context":{"text":"Deutsch","link":"https:\/\/www.achimbrueckner.de\/dxradio\/php\/wordpress\/?cat=1"},"img":{"alt_text":"","src":"","width":0,"height":0},"classes":[]},{"id":42008,"url":"https:\/\/www.achimbrueckner.de\/dxradio\/php\/wordpress\/?p=42008","url_meta":{"origin":23325,"position":4},"title":"Stromfresser: Immer mehr nutzen Smart-TV als Radio","author":"Administrator","date":"December 2, 2024","format":false,"excerpt":"https:\/\/www.teltarif.de\/radio-smart-tv-audio-fernseher-internetradio\/news\/97237.html","rel":"","context":"In &quot;Deutsch&quot;","block_context":{"text":"Deutsch","link":"https:\/\/www.achimbrueckner.de\/dxradio\/php\/wordpress\/?cat=1"},"img":{"alt_text":"","src":"","width":0,"height":0},"classes":[]},{"id":40178,"url":"https:\/\/www.achimbrueckner.de\/dxradio\/php\/wordpress\/?p=40178","url_meta":{"origin":23325,"position":5},"title":"TV als Radio: 19  Millionen nutzen H\u00f6rfunk \u00fcber Smart-TV","author":"Administrator","date":"September 20, 2023","format":false,"excerpt":"https:\/\/www.teltarif.de\/smart-tv-radio-online-audio-monitor-2023\/news\/93102.html","rel":"","context":"In &quot;Deutsch&quot;","block_context":{"text":"Deutsch","link":"https:\/\/www.achimbrueckner.de\/dxradio\/php\/wordpress\/?cat=1"},"img":{"alt_text":"","src":"","width":0,"height":0},"classes":[]}],"_links":{"self":[{"href":"https:\/\/www.achimbrueckner.de\/dxradio\/php\/wordpress\/index.php?rest_route=\/wp\/v2\/posts\/23325","targetHints":{"allow":["GET"]}}],"collection":[{"href":"https:\/\/www.achimbrueckner.de\/dxradio\/php\/wordpress\/index.php?rest_route=\/wp\/v2\/posts"}],"about":[{"href":"https:\/\/www.achimbrueckner.de\/dxradio\/php\/wordpress\/index.php?rest_route=\/wp\/v2\/types\/post"}],"author":[{"embeddable":true,"href":"https:\/\/www.achimbrueckner.de\/dxradio\/php\/wordpress\/index.php?rest_route=\/wp\/v2\/users\/1"}],"replies":[{"embeddable":true,"href":"https:\/\/www.achimbrueckner.de\/dxradio\/php\/wordpress\/index.php?rest_route=%2Fwp%2Fv2%2Fcomments&post=23325"}],"version-history":[{"count":0,"href":"https:\/\/www.achimbrueckner.de\/dxradio\/php\/wordpress\/index.php?rest_route=\/wp\/v2\/posts\/23325\/revisions"}],"wp:attachment":[{"href":"https:\/\/www.achimbrueckner.de\/dxradio\/php\/wordpress\/index.php?rest_route=%2Fwp%2Fv2%2Fmedia&parent=23325"}],"wp:term":[{"taxonomy":"category","embeddable":true,"href":"https:\/\/www.achimbrueckner.de\/dxradio\/php\/wordpress\/index.php?rest_route=%2Fwp%2Fv2%2Fcategories&post=23325"},{"taxonomy":"post_tag","embeddable":true,"href":"https:\/\/www.achimbrueckner.de\/dxradio\/php\/wordpress\/index.php?rest_route=%2Fwp%2Fv2%2Ftags&post=23325"}],"curies":[{"name":"wp","href":"https:\/\/api.w.org\/{rel}","templated":true}]}}