{"id":23386,"date":"2019-06-10T09:57:32","date_gmt":"2019-06-10T09:57:32","guid":{"rendered":"https:\/\/www.achimbrueckner.de\/dxradio\/php\/wordpress\/?p=23386"},"modified":"2019-06-10T09:57:32","modified_gmt":"2019-06-10T09:57:32","slug":"satelliten-funk-und-morsezeichen","status":"publish","type":"post","link":"https:\/\/www.achimbrueckner.de\/dxradio\/php\/wordpress\/?p=23386","title":{"rendered":"Satelliten-Funk und Morsezeichen"},"content":{"rendered":"<p><a href=\"https:\/\/www.noen.at\/mistelbach\/funkausstellung-laa-satelliten-funk-und-morsezeichen-laa-an-der-thaya-funkausstellung-laa-fotos-149546467\" rel=\"noopener noreferrer\" target=\"_blank\">https:\/\/www.noen.at\/mistelbach\/funkausstellung-laa-satelliten-funk-und-morsezeichen-laa-an-der-thaya-funkausstellung-laa-fotos-149546467<\/a><\/p>\n","protected":false},"excerpt":{"rendered":"<p>https:\/\/www.noen.at\/mistelbach\/funkausstellung-laa-satelliten-funk-und-morsezeichen-laa-an-der-thaya-funkausstellung-laa-fotos-149546467<\/p>\n","protected":false},"author":1,"featured_media":0,"comment_status":"closed","ping_status":"open","sticky":false,"template":"","format":"standard","meta":{"_jetpack_memberships_contains_paid_content":false,"footnotes":"","jetpack_publicize_message":"","jetpack_publicize_feature_enabled":true,"jetpack_social_post_already_shared":true,"jetpack_social_options":{"image_generator_settings":{"template":"highway","default_image_id":0,"font":"","enabled":false},"version":2}},"categories":[1],"tags":[],"class_list":["post-23386","post","type-post","status-publish","format-standard","hentry","category-deutsch"],"jetpack_publicize_connections":[],"jetpack_featured_media_url":"","jetpack_sharing_enabled":true,"jetpack_shortlink":"https:\/\/wp.me\/p5CDmr-65c","jetpack-related-posts":[{"id":24690,"url":"https:\/\/www.achimbrueckner.de\/dxradio\/php\/wordpress\/?p=24690","url_meta":{"origin":23386,"position":0},"title":"IFA 2019: \u00dcbersicht und Neuigkeiten von der Funkausstellung in Berlin","author":"Administrator","date":"September 9, 2019","format":false,"excerpt":"https:\/\/www.t-online.de\/digital\/id_86358750\/ifa-2019-uebersicht-und-neuigkeiten-von-der-funkausstellung-in-berlin-.html","rel":"","context":"In &quot;Deutsch&quot;","block_context":{"text":"Deutsch","link":"https:\/\/www.achimbrueckner.de\/dxradio\/php\/wordpress\/?cat=1"},"img":{"alt_text":"","src":"","width":0,"height":0},"classes":[]},{"id":43688,"url":"https:\/\/www.achimbrueckner.de\/dxradio\/php\/wordpress\/?p=43688","url_meta":{"origin":23386,"position":1},"title":"IFA will nicht mehr \u201eFunkausstellung\u201c hei\u00dfen: Podcaster und Influencer l\u00f6sen ARD und ZDF ab","author":"Administrator","date":"August 31, 2025","format":false,"excerpt":"https:\/\/www.tagesspiegel.de\/berlin\/berliner-wirtschaft\/ifa-will-nicht-mehr-funkausstellung-heissen-podcaster-und-influencer-losen-ard-und-zdf-ab-14242874.html","rel":"","context":"In &quot;Deutsch&quot;","block_context":{"text":"Deutsch","link":"https:\/\/www.achimbrueckner.de\/dxradio\/php\/wordpress\/?cat=1"},"img":{"alt_text":"","src":"","width":0,"height":0},"classes":[]},{"id":10220,"url":"https:\/\/www.achimbrueckner.de\/dxradio\/php\/wordpress\/?p=10220","url_meta":{"origin":23386,"position":2},"title":"\u00d6ffentlich-rechtliches Angebot wird im wachsenden digitalen Markt wichtiger \/ Presseforum der \u00f6ffentlich-rechtlichen Produktions- und Technik-Kommission zum Start der Funkausstellung","author":"Administrator","date":"September 3, 2016","format":false,"excerpt":"http:\/\/www.tagesspiegel.de\/advertorials\/ots\/ard-radio-und-tv-oeffentlich-rechtliches-angebot-wird-im-wachsenden-digitalen-markt-wichtiger-presseforum-der-oeffentlich-rechtlichen-produktions-und-technik-kommission-zum-start-der-funkausstellung\/14493290.html","rel":"","context":"In &quot;Deutsch&quot;","block_context":{"text":"Deutsch","link":"https:\/\/www.achimbrueckner.de\/dxradio\/php\/wordpress\/?cat=1"},"img":{"alt_text":"","src":"","width":0,"height":0},"classes":[]},{"id":5458,"url":"https:\/\/www.achimbrueckner.de\/dxradio\/php\/wordpress\/?p=5458","url_meta":{"origin":23386,"position":3},"title":"IFA Radiotreffen 5 September 2015","author":"Administrator","date":"August 6, 2015","format":false,"excerpt":"Das traditionelle Radiotreffen zur Internationalen Funkausstellung in Berlin (IFA) findet in diesem Jahr am Samstag, den 5. September 2015 statt. Es richtet sich an DX-er, Funkamateure, SWLs oder allgemein radiointeressierte Hobbyfreunde. Wie schon in fr\u00fcheren Jahren nutzen wir dazu die R\u00e4ume des Preu\u00dfischen Landwirtshauses gleich in der N\u00e4he des Messegel\u00e4ndes\u2026","rel":"","context":"In &quot;camps&quot;","block_context":{"text":"camps","link":"https:\/\/www.achimbrueckner.de\/dxradio\/php\/wordpress\/?cat=5"},"img":{"alt_text":"","src":"","width":0,"height":0},"classes":[]},{"id":5789,"url":"https:\/\/www.achimbrueckner.de\/dxradio\/php\/wordpress\/?p=5789","url_meta":{"origin":23386,"position":4},"title":"Digitalradioneuheiten der Funkausstellung","author":"Administrator","date":"September 3, 2015","format":false,"excerpt":"http:\/\/www.rein-hoeren.de\/content\/digitalradioneuheiten-der-funkausstellung","rel":"","context":"In &quot;Deutsch&quot;","block_context":{"text":"Deutsch","link":"https:\/\/www.achimbrueckner.de\/dxradio\/php\/wordpress\/?cat=1"},"img":{"alt_text":"","src":"","width":0,"height":0},"classes":[]},{"id":19014,"url":"https:\/\/www.achimbrueckner.de\/dxradio\/php\/wordpress\/?p=19014","url_meta":{"origin":23386,"position":5},"title":"IFA 2018: Endlich wieder eine Funkausstellung","author":"Administrator","date":"September 3, 2018","format":false,"excerpt":"https:\/\/www.smartphonefan.de\/2018\/09\/02\/ifa-2018-endlich-wieder-eine-funkausstellung\/","rel":"","context":"In &quot;Deutsch&quot;","block_context":{"text":"Deutsch","link":"https:\/\/www.achimbrueckner.de\/dxradio\/php\/wordpress\/?cat=1"},"img":{"alt_text":"","src":"","width":0,"height":0},"classes":[]}],"_links":{"self":[{"href":"https:\/\/www.achimbrueckner.de\/dxradio\/php\/wordpress\/index.php?rest_route=\/wp\/v2\/posts\/23386","targetHints":{"allow":["GET"]}}],"collection":[{"href":"https:\/\/www.achimbrueckner.de\/dxradio\/php\/wordpress\/index.php?rest_route=\/wp\/v2\/posts"}],"about":[{"href":"https:\/\/www.achimbrueckner.de\/dxradio\/php\/wordpress\/index.php?rest_route=\/wp\/v2\/types\/post"}],"author":[{"embeddable":true,"href":"https:\/\/www.achimbrueckner.de\/dxradio\/php\/wordpress\/index.php?rest_route=\/wp\/v2\/users\/1"}],"replies":[{"embeddable":true,"href":"https:\/\/www.achimbrueckner.de\/dxradio\/php\/wordpress\/index.php?rest_route=%2Fwp%2Fv2%2Fcomments&post=23386"}],"version-history":[{"count":0,"href":"https:\/\/www.achimbrueckner.de\/dxradio\/php\/wordpress\/index.php?rest_route=\/wp\/v2\/posts\/23386\/revisions"}],"wp:attachment":[{"href":"https:\/\/www.achimbrueckner.de\/dxradio\/php\/wordpress\/index.php?rest_route=%2Fwp%2Fv2%2Fmedia&parent=23386"}],"wp:term":[{"taxonomy":"category","embeddable":true,"href":"https:\/\/www.achimbrueckner.de\/dxradio\/php\/wordpress\/index.php?rest_route=%2Fwp%2Fv2%2Fcategories&post=23386"},{"taxonomy":"post_tag","embeddable":true,"href":"https:\/\/www.achimbrueckner.de\/dxradio\/php\/wordpress\/index.php?rest_route=%2Fwp%2Fv2%2Ftags&post=23386"}],"curies":[{"name":"wp","href":"https:\/\/api.w.org\/{rel}","templated":true}]}}