{"id":23416,"date":"2019-06-12T15:10:19","date_gmt":"2019-06-12T15:10:19","guid":{"rendered":"https:\/\/www.achimbrueckner.de\/dxradio\/php\/wordpress\/?p=23416"},"modified":"2019-06-12T15:10:19","modified_gmt":"2019-06-12T15:10:19","slug":"corporate-podcasts-so-verschaffen-sich-unternehmen-gehor","status":"publish","type":"post","link":"https:\/\/www.achimbrueckner.de\/dxradio\/php\/wordpress\/?p=23416","title":{"rendered":"Corporate Podcasts: So verschaffen sich Unternehmen Geh\u00f6r"},"content":{"rendered":"<p><a href=\"https:\/\/medienwoche.ch\/2019\/06\/11\/corporate-podcasts-so-verschaffen-sich-unternehmen-gehoer\/\" rel=\"noopener noreferrer\" target=\"_blank\">https:\/\/medienwoche.ch\/2019\/06\/11\/corporate-podcasts-so-verschaffen-sich-unternehmen-gehoer\/<\/a><\/p>\n","protected":false},"excerpt":{"rendered":"<p>https:\/\/medienwoche.ch\/2019\/06\/11\/corporate-podcasts-so-verschaffen-sich-unternehmen-gehoer\/<\/p>\n","protected":false},"author":1,"featured_media":0,"comment_status":"closed","ping_status":"open","sticky":false,"template":"","format":"standard","meta":{"_jetpack_memberships_contains_paid_content":false,"footnotes":"","jetpack_publicize_message":"","jetpack_publicize_feature_enabled":true,"jetpack_social_post_already_shared":true,"jetpack_social_options":{"image_generator_settings":{"template":"highway","default_image_id":0,"font":"","enabled":false},"version":2}},"categories":[1,15],"tags":[45],"class_list":["post-23416","post","type-post","status-publish","format-standard","hentry","category-deutsch","category-medien","tag-medien"],"jetpack_publicize_connections":[],"jetpack_featured_media_url":"","jetpack_sharing_enabled":true,"jetpack_shortlink":"https:\/\/wp.me\/p5CDmr-65G","jetpack-related-posts":[{"id":22643,"url":"https:\/\/www.achimbrueckner.de\/dxradio\/php\/wordpress\/?p=22643","url_meta":{"origin":23416,"position":0},"title":"Podcasts: Spannender Medienkanal f\u00fcr Unternehmen","author":"Administrator","date":"April 9, 2019","format":false,"excerpt":"https:\/\/www.internetworld.de\/online-marketing\/podcast\/podcasts-spannender-medienkanal-unternehmen-1696295.html","rel":"","context":"In &quot;Deutsch&quot;","block_context":{"text":"Deutsch","link":"https:\/\/www.achimbrueckner.de\/dxradio\/php\/wordpress\/?cat=1"},"img":{"alt_text":"","src":"","width":0,"height":0},"classes":[]},{"id":24009,"url":"https:\/\/www.achimbrueckner.de\/dxradio\/php\/wordpress\/?p=24009","url_meta":{"origin":23416,"position":1},"title":"Podcasts boomen, Radioformate \u00e4ndern sich &#8211; Audio im Wandel","author":"Administrator","date":"July 29, 2019","format":false,"excerpt":"https:\/\/www.ardaudiothek.de\/das-medienmagazin\/podcasts-boomen-radioformate-aendern-sich-audio-im-wandel\/56482150","rel":"","context":"In &quot;audio&quot;","block_context":{"text":"audio","link":"https:\/\/www.achimbrueckner.de\/dxradio\/php\/wordpress\/?cat=47"},"img":{"alt_text":"","src":"","width":0,"height":0},"classes":[]},{"id":26900,"url":"https:\/\/www.achimbrueckner.de\/dxradio\/php\/wordpress\/?p=26900","url_meta":{"origin":23416,"position":2},"title":"Podcasts brauchen zwingend einen klaren thematischen Fokus","author":"Administrator","date":"January 29, 2020","format":false,"excerpt":"Podcasts brauchen zwingend einen klaren thematischen Fokus, um sich in der F\u00fclle der Angebote klar zu positionieren betont Christian Bollert @cbollert von @detektorfm beim #DMK20 pic.twitter.com\/2gDPoECJeI\u2014 MEDIENTAGE M\u00dcNCHEN (@medientage_mtm) January 29, 2020","rel":"","context":"In &quot;Deutsch&quot;","block_context":{"text":"Deutsch","link":"https:\/\/www.achimbrueckner.de\/dxradio\/php\/wordpress\/?cat=1"},"img":{"alt_text":"","src":"","width":0,"height":0},"classes":[]},{"id":38952,"url":"https:\/\/www.achimbrueckner.de\/dxradio\/php\/wordpress\/?p=38952","url_meta":{"origin":23416,"position":3},"title":"MUSIKSTREAMING : Das Spotify-Dilemma","author":"Administrator","date":"March 1, 2023","format":false,"excerpt":"https:\/\/www.faz.net\/aktuell\/wirtschaft\/unternehmen\/spotify-will-sich-mit-fokus-auf-podcasts-unabhaengiger-von-musik-machen-18712959.html","rel":"","context":"In &quot;Deutsch&quot;","block_context":{"text":"Deutsch","link":"https:\/\/www.achimbrueckner.de\/dxradio\/php\/wordpress\/?cat=1"},"img":{"alt_text":"","src":"","width":0,"height":0},"classes":[]},{"id":2361,"url":"https:\/\/www.achimbrueckner.de\/dxradio\/php\/wordpress\/?p=2361","url_meta":{"origin":23416,"position":4},"title":"Sonder-QSL-Aktion der Luth. Stunde wegen Frequenzabbau der Stimme Russlands","author":"Administrator","date":"January 2, 2013","format":false,"excerpt":"Dr. Hansj\u00f6rg Biener - Neulichtenhofstr. 7 - DE-90461 N\u00fcrnberg Werte Empf\u00e4nger, verbunden mit Neujahrsgr\u00fc\u00dfen und -w\u00fcnschen m\u00f6chte ich auf eine Sonderaktion der Lutherischen Stunde hinweisen, die ich angeleiert habe. Man ist dort besorgt, dass man auf der nunmehr alleinigen 693 kHz einen Reichweiteneinbruch erlebt, den man sich als kleine Radioarbeit\u2026","rel":"","context":"In &quot;Deutsch&quot;","block_context":{"text":"Deutsch","link":"https:\/\/www.achimbrueckner.de\/dxradio\/php\/wordpress\/?cat=1"},"img":{"alt_text":"","src":"","width":0,"height":0},"classes":[]},{"id":21405,"url":"https:\/\/www.achimbrueckner.de\/dxradio\/php\/wordpress\/?p=21405","url_meta":{"origin":23416,"position":5},"title":"digitalisierung-laesst-sich-so-nicht-regulieren","author":"Administrator","date":"February 8, 2019","format":false,"excerpt":"https:\/\/www.handelsblatt.com\/unternehmen\/it-medien\/managing-partner-von-union-square-tech-investor-albert-wenger-digitalisierung-laesst-sich-so-nicht-regulieren\/23960382.html?ticket=ST-2659331-UA7qdAIU9CgjleFMOT5r-ap2","rel":"","context":"In &quot;Deutsch&quot;","block_context":{"text":"Deutsch","link":"https:\/\/www.achimbrueckner.de\/dxradio\/php\/wordpress\/?cat=1"},"img":{"alt_text":"","src":"","width":0,"height":0},"classes":[]}],"_links":{"self":[{"href":"https:\/\/www.achimbrueckner.de\/dxradio\/php\/wordpress\/index.php?rest_route=\/wp\/v2\/posts\/23416","targetHints":{"allow":["GET"]}}],"collection":[{"href":"https:\/\/www.achimbrueckner.de\/dxradio\/php\/wordpress\/index.php?rest_route=\/wp\/v2\/posts"}],"about":[{"href":"https:\/\/www.achimbrueckner.de\/dxradio\/php\/wordpress\/index.php?rest_route=\/wp\/v2\/types\/post"}],"author":[{"embeddable":true,"href":"https:\/\/www.achimbrueckner.de\/dxradio\/php\/wordpress\/index.php?rest_route=\/wp\/v2\/users\/1"}],"replies":[{"embeddable":true,"href":"https:\/\/www.achimbrueckner.de\/dxradio\/php\/wordpress\/index.php?rest_route=%2Fwp%2Fv2%2Fcomments&post=23416"}],"version-history":[{"count":0,"href":"https:\/\/www.achimbrueckner.de\/dxradio\/php\/wordpress\/index.php?rest_route=\/wp\/v2\/posts\/23416\/revisions"}],"wp:attachment":[{"href":"https:\/\/www.achimbrueckner.de\/dxradio\/php\/wordpress\/index.php?rest_route=%2Fwp%2Fv2%2Fmedia&parent=23416"}],"wp:term":[{"taxonomy":"category","embeddable":true,"href":"https:\/\/www.achimbrueckner.de\/dxradio\/php\/wordpress\/index.php?rest_route=%2Fwp%2Fv2%2Fcategories&post=23416"},{"taxonomy":"post_tag","embeddable":true,"href":"https:\/\/www.achimbrueckner.de\/dxradio\/php\/wordpress\/index.php?rest_route=%2Fwp%2Fv2%2Ftags&post=23416"}],"curies":[{"name":"wp","href":"https:\/\/api.w.org\/{rel}","templated":true}]}}