{"id":23452,"date":"2019-06-17T15:27:08","date_gmt":"2019-06-17T15:27:08","guid":{"rendered":"https:\/\/www.achimbrueckner.de\/dxradio\/php\/wordpress\/?p=23452"},"modified":"2019-06-17T15:27:08","modified_gmt":"2019-06-17T15:27:08","slug":"so-stellt-sich-der-wdr-crossmedial-neu-auf","status":"publish","type":"post","link":"https:\/\/www.achimbrueckner.de\/dxradio\/php\/wordpress\/?p=23452","title":{"rendered":"So stellt sich der WDR crossmedial neu auf"},"content":{"rendered":"<p><a href=\"https:\/\/www.dwdl.de\/nachrichten\/72765\/so_stellt_sich_der_wdr_crossmedial_neu_auf\/\" rel=\"noopener noreferrer\" target=\"_blank\">https:\/\/www.dwdl.de\/nachrichten\/72765\/so_stellt_sich_der_wdr_crossmedial_neu_auf\/<\/a><\/p>\n","protected":false},"excerpt":{"rendered":"<p>https:\/\/www.dwdl.de\/nachrichten\/72765\/so_stellt_sich_der_wdr_crossmedial_neu_auf\/<\/p>\n","protected":false},"author":1,"featured_media":0,"comment_status":"closed","ping_status":"open","sticky":false,"template":"","format":"standard","meta":{"_jetpack_memberships_contains_paid_content":false,"footnotes":"","jetpack_publicize_message":"","jetpack_publicize_feature_enabled":true,"jetpack_social_post_already_shared":true,"jetpack_social_options":{"image_generator_settings":{"template":"highway","default_image_id":0,"font":"","enabled":false},"version":2}},"categories":[1,17],"tags":[46],"class_list":["post-23452","post","type-post","status-publish","format-standard","hentry","category-deutsch","category-media","tag-media"],"jetpack_publicize_connections":[],"jetpack_featured_media_url":"","jetpack_sharing_enabled":true,"jetpack_shortlink":"https:\/\/wp.me\/p5CDmr-66g","jetpack-related-posts":[{"id":28497,"url":"https:\/\/www.achimbrueckner.de\/dxradio\/php\/wordpress\/?p=28497","url_meta":{"origin":23452,"position":0},"title":"Tele 5 stellt seine Mediathek als 5flix neu auf","author":"Administrator","date":"May 4, 2020","format":false,"excerpt":"https:\/\/www.dwdl.de\/nachrichten\/77490\/tele_5_stellt_seine_mediathek_als_5flix_neu_auf\/","rel":"","context":"In &quot;Deutsch&quot;","block_context":{"text":"Deutsch","link":"https:\/\/www.achimbrueckner.de\/dxradio\/php\/wordpress\/?cat=1"},"img":{"alt_text":"","src":"","width":0,"height":0},"classes":[]},{"id":30894,"url":"https:\/\/www.achimbrueckner.de\/dxradio\/php\/wordpress\/?p=30894","url_meta":{"origin":23452,"position":1},"title":"Auch der WDR setzt k\u00fcnftig voll auf die ARD-Mediathek","author":"Administrator","date":"November 27, 2020","format":false,"excerpt":"https:\/\/www.dwdl.de\/nachrichten\/80471\/auch_der_wdr_setzt_kuenftig_voll_auf_die_ardmediathek\/","rel":"","context":"In &quot;Deutsch&quot;","block_context":{"text":"Deutsch","link":"https:\/\/www.achimbrueckner.de\/dxradio\/php\/wordpress\/?cat=1"},"img":{"alt_text":"","src":"","width":0,"height":0},"classes":[]},{"id":21592,"url":"https:\/\/www.achimbrueckner.de\/dxradio\/php\/wordpress\/?p=21592","url_meta":{"origin":23452,"position":2},"title":"Google soll bezahlen Leistungsschutzrecht: EU stellt sich auf Seite der Verleger","author":"Administrator","date":"February 14, 2019","format":false,"excerpt":"https:\/\/www.dwdl.de\/nachrichten\/71006\/leistungsschutzrecht_eu_stellt_sich_auf_seite_der_verleger\/","rel":"","context":"In &quot;Deutsch&quot;","block_context":{"text":"Deutsch","link":"https:\/\/www.achimbrueckner.de\/dxradio\/php\/wordpress\/?cat=1"},"img":{"alt_text":"","src":"","width":0,"height":0},"classes":[]},{"id":13008,"url":"https:\/\/www.achimbrueckner.de\/dxradio\/php\/wordpress\/?p=13008","url_meta":{"origin":23452,"position":3},"title":"Crossmedial im Gro\u00dfraumb\u00fcro: WDR legt Redaktionen f\u00fcr Fernsehen, Radio und Internet r\u00e4umlich zusammen","author":"Administrator","date":"April 28, 2017","format":false,"excerpt":"http:\/\/www.medienkorrespondenz.de\/politik\/artikel\/crossmedial-im-grossraumbuero-gebuendelte-wdr-redaktionen.html","rel":"","context":"In &quot;Deutsch&quot;","block_context":{"text":"Deutsch","link":"https:\/\/www.achimbrueckner.de\/dxradio\/php\/wordpress\/?cat=1"},"img":{"alt_text":"","src":"","width":0,"height":0},"classes":[]},{"id":24742,"url":"https:\/\/www.achimbrueckner.de\/dxradio\/php\/wordpress\/?p=24742","url_meta":{"origin":23452,"position":4},"title":"Auch der MDR setzt komplett auf die ARD-Mediathek","author":"Administrator","date":"September 11, 2019","format":false,"excerpt":"https:\/\/www.dwdl.de\/nachrichten\/73950\/auch_der_mdr_setzt_komplett_auf_die_ardmediathek\/","rel":"","context":"In &quot;Deutsch&quot;","block_context":{"text":"Deutsch","link":"https:\/\/www.achimbrueckner.de\/dxradio\/php\/wordpress\/?cat=1"},"img":{"alt_text":"","src":"","width":0,"height":0},"classes":[]},{"id":31094,"url":"https:\/\/www.achimbrueckner.de\/dxradio\/php\/wordpress\/?p=31094","url_meta":{"origin":23452,"position":5},"title":"Disney+ wird erwachsen und stellt sich viel breiter auf","author":"Administrator","date":"December 11, 2020","format":false,"excerpt":"https:\/\/www.dwdl.de\/nachrichten\/80661\/disney_wird_erwachsen_und_stellt_sich_viel_breiter_auf\/","rel":"","context":"In &quot;Deutsch&quot;","block_context":{"text":"Deutsch","link":"https:\/\/www.achimbrueckner.de\/dxradio\/php\/wordpress\/?cat=1"},"img":{"alt_text":"","src":"","width":0,"height":0},"classes":[]}],"_links":{"self":[{"href":"https:\/\/www.achimbrueckner.de\/dxradio\/php\/wordpress\/index.php?rest_route=\/wp\/v2\/posts\/23452","targetHints":{"allow":["GET"]}}],"collection":[{"href":"https:\/\/www.achimbrueckner.de\/dxradio\/php\/wordpress\/index.php?rest_route=\/wp\/v2\/posts"}],"about":[{"href":"https:\/\/www.achimbrueckner.de\/dxradio\/php\/wordpress\/index.php?rest_route=\/wp\/v2\/types\/post"}],"author":[{"embeddable":true,"href":"https:\/\/www.achimbrueckner.de\/dxradio\/php\/wordpress\/index.php?rest_route=\/wp\/v2\/users\/1"}],"replies":[{"embeddable":true,"href":"https:\/\/www.achimbrueckner.de\/dxradio\/php\/wordpress\/index.php?rest_route=%2Fwp%2Fv2%2Fcomments&post=23452"}],"version-history":[{"count":0,"href":"https:\/\/www.achimbrueckner.de\/dxradio\/php\/wordpress\/index.php?rest_route=\/wp\/v2\/posts\/23452\/revisions"}],"wp:attachment":[{"href":"https:\/\/www.achimbrueckner.de\/dxradio\/php\/wordpress\/index.php?rest_route=%2Fwp%2Fv2%2Fmedia&parent=23452"}],"wp:term":[{"taxonomy":"category","embeddable":true,"href":"https:\/\/www.achimbrueckner.de\/dxradio\/php\/wordpress\/index.php?rest_route=%2Fwp%2Fv2%2Fcategories&post=23452"},{"taxonomy":"post_tag","embeddable":true,"href":"https:\/\/www.achimbrueckner.de\/dxradio\/php\/wordpress\/index.php?rest_route=%2Fwp%2Fv2%2Ftags&post=23452"}],"curies":[{"name":"wp","href":"https:\/\/api.w.org\/{rel}","templated":true}]}}