{"id":23518,"date":"2019-06-24T14:25:22","date_gmt":"2019-06-24T14:25:22","guid":{"rendered":"https:\/\/www.achimbrueckner.de\/dxradio\/php\/wordpress\/?p=23518"},"modified":"2019-06-24T14:25:22","modified_gmt":"2019-06-24T14:25:22","slug":"radio-primavera-punktet-mit-regionaler-berichterstattung","status":"publish","type":"post","link":"https:\/\/www.achimbrueckner.de\/dxradio\/php\/wordpress\/?p=23518","title":{"rendered":"Radio Primavera punktet mit regionaler Berichterstattung"},"content":{"rendered":"<p><a href=\"https:\/\/www.smartphonefan.de\/2019\/06\/24\/radio-primavera-punktet-mit-regionaler-berichterstattung\/\" rel=\"noopener noreferrer\" target=\"_blank\">https:\/\/www.smartphonefan.de\/2019\/06\/24\/radio-primavera-punktet-mit-regionaler-berichterstattung\/<\/a><\/p>\n","protected":false},"excerpt":{"rendered":"<p>https:\/\/www.smartphonefan.de\/2019\/06\/24\/radio-primavera-punktet-mit-regionaler-berichterstattung\/<\/p>\n","protected":false},"author":1,"featured_media":0,"comment_status":"closed","ping_status":"open","sticky":false,"template":"","format":"standard","meta":{"_jetpack_memberships_contains_paid_content":false,"footnotes":"","jetpack_publicize_message":"","jetpack_publicize_feature_enabled":true,"jetpack_social_post_already_shared":true,"jetpack_social_options":{"image_generator_settings":{"template":"highway","default_image_id":0,"font":"","enabled":false},"version":2}},"categories":[1],"tags":[],"class_list":["post-23518","post","type-post","status-publish","format-standard","hentry","category-deutsch"],"jetpack_publicize_connections":[],"jetpack_featured_media_url":"","jetpack_sharing_enabled":true,"jetpack_shortlink":"https:\/\/wp.me\/p5CDmr-67k","jetpack-related-posts":[{"id":32560,"url":"https:\/\/www.achimbrueckner.de\/dxradio\/php\/wordpress\/?p=32560","url_meta":{"origin":23518,"position":0},"title":"Werbeerl\u00f6se M\u00e4rz: Radio punktet mit zweistelligem Plus","author":"Administrator","date":"April 25, 2021","format":false,"excerpt":"https:\/\/www.radioszene.de\/153952\/werbeerloese-maerz-radio-punktet-mit-zweistelligem-plus.html","rel":"","context":"In &quot;Deutsch&quot;","block_context":{"text":"Deutsch","link":"https:\/\/www.achimbrueckner.de\/dxradio\/php\/wordpress\/?cat=1"},"img":{"alt_text":"","src":"","width":0,"height":0},"classes":[]},{"id":23601,"url":"https:\/\/www.achimbrueckner.de\/dxradio\/php\/wordpress\/?p=23601","url_meta":{"origin":23518,"position":1},"title":"Erfolgreicher Schnellstart \u2013 Radio TEDDY punktet bei Funkanalyse Bayern","author":"Administrator","date":"July 3, 2019","format":false,"excerpt":"https:\/\/www.radioszene.de\/134329\/erfolgreicher-schnellstart-radio-teddy-punktet-bei-funkanalyse-bayern.html","rel":"","context":"In &quot;Deutsch&quot;","block_context":{"text":"Deutsch","link":"https:\/\/www.achimbrueckner.de\/dxradio\/php\/wordpress\/?cat=1"},"img":{"alt_text":"","src":"","width":0,"height":0},"classes":[]},{"id":23966,"url":"https:\/\/www.achimbrueckner.de\/dxradio\/php\/wordpress\/?p=23966","url_meta":{"origin":23518,"position":2},"title":"Radiotest 2019_2: \u00d6sterreicher h\u00f6ren wieder deutlich l\u00e4nger Radio \u2013 Kronehit punktet in Wien","author":"Administrator","date":"July 25, 2019","format":false,"excerpt":"http:\/\/www.radiowoche.de\/radiotest-2019_2-kronehit-punktet-in-wien-oesterreicher-hoeren-wieder-deutlich-laenger-radio\/","rel":"","context":"In &quot;Deutsch&quot;","block_context":{"text":"Deutsch","link":"https:\/\/www.achimbrueckner.de\/dxradio\/php\/wordpress\/?cat=1"},"img":{"alt_text":"","src":"","width":0,"height":0},"classes":[]},{"id":8293,"url":"https:\/\/www.achimbrueckner.de\/dxradio\/php\/wordpress\/?p=8293","url_meta":{"origin":23518,"position":3},"title":"Digitalradio soll in Baden-W\u00fcrttemberg regionaler werden","author":"Administrator","date":"May 13, 2016","format":false,"excerpt":"https:\/\/www.infosat.de\/radio\/digitalradio-soll-baden-w-rttemberg-regionaler-werden","rel":"","context":"In &quot;Deutsch&quot;","block_context":{"text":"Deutsch","link":"https:\/\/www.achimbrueckner.de\/dxradio\/php\/wordpress\/?cat=1"},"img":{"alt_text":"","src":"","width":0,"height":0},"classes":[]},{"id":12975,"url":"https:\/\/www.achimbrueckner.de\/dxradio\/php\/wordpress\/?p=12975","url_meta":{"origin":23518,"position":4},"title":"Radio punktet mit Reichweite und pers\u00f6nlicher Ansprache","author":"Administrator","date":"April 25, 2017","format":false,"excerpt":"http:\/\/www.new-business.de\/medien\/detail.php?rubric=MEDIEN&nr=705986&PHPSESSID=v99fakpd7iel54nv3onhi4io37","rel":"","context":"In &quot;Deutsch&quot;","block_context":{"text":"Deutsch","link":"https:\/\/www.achimbrueckner.de\/dxradio\/php\/wordpress\/?cat=1"},"img":{"alt_text":"","src":"","width":0,"height":0},"classes":[]},{"id":30087,"url":"https:\/\/www.achimbrueckner.de\/dxradio\/php\/wordpress\/?p=30087","url_meta":{"origin":23518,"position":5},"title":"Radio egoFM gewinnt Deutschen Radiopreis f\u00fcr &#8220;Chelsea Hotel&#8221; als beste Sendung BLM-Pr\u00e4sident Schneider: &#8220;egoFM punktet bayernweit mit Musik abseits des Mainstreams&#8221;","author":"Administrator","date":"September 15, 2020","format":false,"excerpt":"https:\/\/www.presseportal.de\/pm\/62483\/4704251","rel":"","context":"In &quot;Deutsch&quot;","block_context":{"text":"Deutsch","link":"https:\/\/www.achimbrueckner.de\/dxradio\/php\/wordpress\/?cat=1"},"img":{"alt_text":"","src":"","width":0,"height":0},"classes":[]}],"_links":{"self":[{"href":"https:\/\/www.achimbrueckner.de\/dxradio\/php\/wordpress\/index.php?rest_route=\/wp\/v2\/posts\/23518","targetHints":{"allow":["GET"]}}],"collection":[{"href":"https:\/\/www.achimbrueckner.de\/dxradio\/php\/wordpress\/index.php?rest_route=\/wp\/v2\/posts"}],"about":[{"href":"https:\/\/www.achimbrueckner.de\/dxradio\/php\/wordpress\/index.php?rest_route=\/wp\/v2\/types\/post"}],"author":[{"embeddable":true,"href":"https:\/\/www.achimbrueckner.de\/dxradio\/php\/wordpress\/index.php?rest_route=\/wp\/v2\/users\/1"}],"replies":[{"embeddable":true,"href":"https:\/\/www.achimbrueckner.de\/dxradio\/php\/wordpress\/index.php?rest_route=%2Fwp%2Fv2%2Fcomments&post=23518"}],"version-history":[{"count":0,"href":"https:\/\/www.achimbrueckner.de\/dxradio\/php\/wordpress\/index.php?rest_route=\/wp\/v2\/posts\/23518\/revisions"}],"wp:attachment":[{"href":"https:\/\/www.achimbrueckner.de\/dxradio\/php\/wordpress\/index.php?rest_route=%2Fwp%2Fv2%2Fmedia&parent=23518"}],"wp:term":[{"taxonomy":"category","embeddable":true,"href":"https:\/\/www.achimbrueckner.de\/dxradio\/php\/wordpress\/index.php?rest_route=%2Fwp%2Fv2%2Fcategories&post=23518"},{"taxonomy":"post_tag","embeddable":true,"href":"https:\/\/www.achimbrueckner.de\/dxradio\/php\/wordpress\/index.php?rest_route=%2Fwp%2Fv2%2Ftags&post=23518"}],"curies":[{"name":"wp","href":"https:\/\/api.w.org\/{rel}","templated":true}]}}