{"id":23519,"date":"2019-06-24T14:29:46","date_gmt":"2019-06-24T14:29:46","guid":{"rendered":"https:\/\/www.achimbrueckner.de\/dxradio\/php\/wordpress\/?p=23519"},"modified":"2019-06-24T14:29:46","modified_gmt":"2019-06-24T14:29:46","slug":"ubertragungsstandard-dab-in-der-kritik-und-in-der-krise","status":"publish","type":"post","link":"https:\/\/www.achimbrueckner.de\/dxradio\/php\/wordpress\/?p=23519","title":{"rendered":"\u00dcbertragungsstandard DAB+ In der Kritik und in der Krise"},"content":{"rendered":"<p><a href=\"https:\/\/www.tagesspiegel.de\/gesellschaft\/medien\/uebertragungsstandard-dab-in-der-kritik-und-in-der-krise\/24481450.html\" rel=\"noopener noreferrer\" target=\"_blank\">https:\/\/www.tagesspiegel.de\/gesellschaft\/medien\/uebertragungsstandard-dab-in-der-kritik-und-in-der-krise\/24481450.html<\/a><\/p>\n","protected":false},"excerpt":{"rendered":"<p>https:\/\/www.tagesspiegel.de\/gesellschaft\/medien\/uebertragungsstandard-dab-in-der-kritik-und-in-der-krise\/24481450.html<\/p>\n","protected":false},"author":1,"featured_media":0,"comment_status":"closed","ping_status":"open","sticky":false,"template":"","format":"standard","meta":{"_jetpack_memberships_contains_paid_content":false,"footnotes":"","jetpack_publicize_message":"","jetpack_publicize_feature_enabled":true,"jetpack_social_post_already_shared":true,"jetpack_social_options":{"image_generator_settings":{"template":"highway","default_image_id":0,"font":"","enabled":false},"version":2}},"categories":[1,15],"tags":[31,45],"class_list":["post-23519","post","type-post","status-publish","format-standard","hentry","category-deutsch","category-medien","tag-dab","tag-medien"],"jetpack_publicize_connections":[],"jetpack_featured_media_url":"","jetpack_sharing_enabled":true,"jetpack_shortlink":"https:\/\/wp.me\/p5CDmr-67l","jetpack-related-posts":[{"id":23679,"url":"https:\/\/www.achimbrueckner.de\/dxradio\/php\/wordpress\/?p=23679","url_meta":{"origin":23519,"position":0},"title":"\u00dcbertragungsstandard DAB+ : In der Kritik und in der Krise","author":"Administrator","date":"July 7, 2019","format":false,"excerpt":"https:\/\/www.tagesspiegel.de\/gesellschaft\/medien\/uebertragungsstandard-dab-in-der-kritik-und-in-der-krise\/24481450.html","rel":"","context":"In &quot;Deutsch&quot;","block_context":{"text":"Deutsch","link":"https:\/\/www.achimbrueckner.de\/dxradio\/php\/wordpress\/?cat=1"},"img":{"alt_text":"","src":"","width":0,"height":0},"classes":[]},{"id":28433,"url":"https:\/\/www.achimbrueckner.de\/dxradio\/php\/wordpress\/?p=28433","url_meta":{"origin":23519,"position":1},"title":"#Stimmlagen: Medien, Journalismus und Pressefreiheit in der Corona-Krise","author":"Administrator","date":"April 30, 2020","format":false,"excerpt":"https:\/\/radiofabrik.at\/news\/stimmlagen-medien-journalismus-und-pressefreiheit-in-der-corona-krise\/","rel":"","context":"In &quot;Deutsch&quot;","block_context":{"text":"Deutsch","link":"https:\/\/www.achimbrueckner.de\/dxradio\/php\/wordpress\/?cat=1"},"img":{"alt_text":"","src":"","width":0,"height":0},"classes":[]},{"id":28342,"url":"https:\/\/www.achimbrueckner.de\/dxradio\/php\/wordpress\/?p=28342","url_meta":{"origin":23519,"position":2},"title":"\u00d6ffentlich-rechtliche Medien zwischen Neutralit\u00e4t und Haltung in der Corona-Krise","author":"Administrator","date":"April 27, 2020","format":false,"excerpt":"https:\/\/netzpolitik.org\/2020\/oeffentlich-rechtliche-medien-zwischen-neutralitaet-und-haltung-in-der-corona-krise\/","rel":"","context":"In &quot;Deutsch&quot;","block_context":{"text":"Deutsch","link":"https:\/\/www.achimbrueckner.de\/dxradio\/php\/wordpress\/?cat=1"},"img":{"alt_text":"","src":"","width":0,"height":0},"classes":[]},{"id":31195,"url":"https:\/\/www.achimbrueckner.de\/dxradio\/php\/wordpress\/?p=31195","url_meta":{"origin":23519,"position":3},"title":"Wegen Corona-Krise Bakom erh\u00f6ht DAB+-F\u00f6rderbeitr\u00e4ge f\u00fcr 2021","author":"Administrator","date":"December 16, 2020","format":false,"excerpt":"https:\/\/www.persoenlich.com\/medien\/bakom-erhoht-dab-forderbeitrage-fur-2021","rel":"","context":"In &quot;Deutsch&quot;","block_context":{"text":"Deutsch","link":"https:\/\/www.achimbrueckner.de\/dxradio\/php\/wordpress\/?cat=1"},"img":{"alt_text":"","src":"","width":0,"height":0},"classes":[]},{"id":29947,"url":"https:\/\/www.achimbrueckner.de\/dxradio\/php\/wordpress\/?p=29947","url_meta":{"origin":23519,"position":4},"title":"Digitalradiotag 2020: Bund, L\u00e4nder und Landesmedienanstalten unterst\u00fctzen private Radiobranche in der Krise","author":"Administrator","date":"September 7, 2020","format":false,"excerpt":"http:\/\/www.radiowoche.de\/digitalradiotag-2020-bund-laender-und-landesmedienanstalten-unterstuetzen-private-radiobranche-in-der-krise\/","rel":"","context":"In &quot;Deutsch&quot;","block_context":{"text":"Deutsch","link":"https:\/\/www.achimbrueckner.de\/dxradio\/php\/wordpress\/?cat=1"},"img":{"alt_text":"","src":"","width":0,"height":0},"classes":[]},{"id":28013,"url":"https:\/\/www.achimbrueckner.de\/dxradio\/php\/wordpress\/?p=28013","url_meta":{"origin":23519,"position":5},"title":"Redaktionen in der Corona-Krise : Eine Branche zwischen Rekordzahlen und Kurzarbeit","author":"Administrator","date":"April 6, 2020","format":false,"excerpt":"https:\/\/www.sueddeutsche.de\/medien\/journalismus-corona-krise-1.4869935","rel":"","context":"In &quot;Deutsch&quot;","block_context":{"text":"Deutsch","link":"https:\/\/www.achimbrueckner.de\/dxradio\/php\/wordpress\/?cat=1"},"img":{"alt_text":"","src":"","width":0,"height":0},"classes":[]}],"_links":{"self":[{"href":"https:\/\/www.achimbrueckner.de\/dxradio\/php\/wordpress\/index.php?rest_route=\/wp\/v2\/posts\/23519","targetHints":{"allow":["GET"]}}],"collection":[{"href":"https:\/\/www.achimbrueckner.de\/dxradio\/php\/wordpress\/index.php?rest_route=\/wp\/v2\/posts"}],"about":[{"href":"https:\/\/www.achimbrueckner.de\/dxradio\/php\/wordpress\/index.php?rest_route=\/wp\/v2\/types\/post"}],"author":[{"embeddable":true,"href":"https:\/\/www.achimbrueckner.de\/dxradio\/php\/wordpress\/index.php?rest_route=\/wp\/v2\/users\/1"}],"replies":[{"embeddable":true,"href":"https:\/\/www.achimbrueckner.de\/dxradio\/php\/wordpress\/index.php?rest_route=%2Fwp%2Fv2%2Fcomments&post=23519"}],"version-history":[{"count":0,"href":"https:\/\/www.achimbrueckner.de\/dxradio\/php\/wordpress\/index.php?rest_route=\/wp\/v2\/posts\/23519\/revisions"}],"wp:attachment":[{"href":"https:\/\/www.achimbrueckner.de\/dxradio\/php\/wordpress\/index.php?rest_route=%2Fwp%2Fv2%2Fmedia&parent=23519"}],"wp:term":[{"taxonomy":"category","embeddable":true,"href":"https:\/\/www.achimbrueckner.de\/dxradio\/php\/wordpress\/index.php?rest_route=%2Fwp%2Fv2%2Fcategories&post=23519"},{"taxonomy":"post_tag","embeddable":true,"href":"https:\/\/www.achimbrueckner.de\/dxradio\/php\/wordpress\/index.php?rest_route=%2Fwp%2Fv2%2Ftags&post=23519"}],"curies":[{"name":"wp","href":"https:\/\/api.w.org\/{rel}","templated":true}]}}