{"id":2362,"date":"2013-01-03T10:30:13","date_gmt":"2013-01-03T10:30:13","guid":{"rendered":"https:\/\/www.achimbrueckner.de\/dxradio\/php\/wordpress\/?p=2362"},"modified":"2013-01-03T10:30:13","modified_gmt":"2013-01-03T10:30:13","slug":"rtl-radio-luxemburg-chronik","status":"publish","type":"post","link":"https:\/\/www.achimbrueckner.de\/dxradio\/php\/wordpress\/?p=2362","title":{"rendered":"RTL Radio Luxemburg Chronik"},"content":{"rendered":"<p>RTL Radio Luxemburg Chronik<\/p>\n<p><a href=\"http:\/\/www.radio-journal.de\/luxi\/rtlradio-chronik\/index.htm\" target=\"_blank\">http:\/\/www.radio-journal.de\/luxi\/rtlradio-chronik\/index.htm<\/a><\/p>\n","protected":false},"excerpt":{"rendered":"<p>RTL Radio Luxemburg Chronik http:\/\/www.radio-journal.de\/luxi\/rtlradio-chronik\/index.htm<\/p>\n","protected":false},"author":1,"featured_media":0,"comment_status":"open","ping_status":"open","sticky":false,"template":"","format":"standard","meta":{"_jetpack_memberships_contains_paid_content":false,"footnotes":"","jetpack_publicize_message":"","jetpack_publicize_feature_enabled":true,"jetpack_social_post_already_shared":false,"jetpack_social_options":{"image_generator_settings":{"template":"highway","default_image_id":0,"font":"","enabled":false},"version":2}},"categories":[7],"tags":[],"class_list":["post-2362","post","type-post","status-publish","format-standard","hentry","category-links"],"jetpack_publicize_connections":[],"jetpack_featured_media_url":"","jetpack_sharing_enabled":true,"jetpack_shortlink":"https:\/\/wp.me\/p5CDmr-C6","jetpack-related-posts":[{"id":13776,"url":"https:\/\/www.achimbrueckner.de\/dxradio\/php\/wordpress\/?p=13776","url_meta":{"origin":2362,"position":0},"title":"RTL Radio Luxemburg Chronik","author":"Administrator","date":"July 14, 2017","format":false,"excerpt":"http:\/\/www.radiojournal.de\/luxi\/rtlradio-chronik\/","rel":"","context":"In &quot;Deutsch&quot;","block_context":{"text":"Deutsch","link":"https:\/\/www.achimbrueckner.de\/dxradio\/php\/wordpress\/?cat=1"},"img":{"alt_text":"","src":"","width":0,"height":0},"classes":[]},{"id":2300,"url":"https:\/\/www.achimbrueckner.de\/dxradio\/php\/wordpress\/?p=2300","url_meta":{"origin":2362,"position":1},"title":"RTL RADIO LUXEMBURG CHRONIK 1957-1990 + CD RTL AUDIO CHRONIK 1920-1981","author":"Administrator","date":"September 18, 2012","format":false,"excerpt":"F\u00fcr Freunde des Deutschen Programms der \"\"4 FR\u00d6HLICHEN WELLEN\" von Radio Luxemburg gibt es ein neues, 48 seitiges, reich bebildertes Sonderheft RTL RADIO LUXEMBURG CHRONIK 1957-1990 + CD RTL AUDIO CHRONIK 1920-1981 zum Preis von 6,50 \u00e2\u201a\u00ac inklusiv Versand. Bestellen kann man das Radio Journalsonderheft \"\"Radio Luxemburg Chronik\"\" \u00fcber den\u2026","rel":"","context":"In &quot;Deutsch&quot;","block_context":{"text":"Deutsch","link":"https:\/\/www.achimbrueckner.de\/dxradio\/php\/wordpress\/?cat=1"},"img":{"alt_text":"","src":"","width":0,"height":0},"classes":[]},{"id":24052,"url":"https:\/\/www.achimbrueckner.de\/dxradio\/php\/wordpress\/?p=24052","url_meta":{"origin":2362,"position":2},"title":"Pannen, Highlights und Versprecher aus der Radio Luxemburg-Chronik 1978-1981","author":"Administrator","date":"July 31, 2019","format":false,"excerpt":"https:\/\/www.mixcloud.com\/MikeBrain\/pannen-highlights-und-versprecher-aus-der-radio-luxemburg-chronik\/","rel":"","context":"In &quot;Deutsch&quot;","block_context":{"text":"Deutsch","link":"https:\/\/www.achimbrueckner.de\/dxradio\/php\/wordpress\/?cat=1"},"img":{"alt_text":"","src":"","width":0,"height":0},"classes":[]},{"id":5323,"url":"https:\/\/www.achimbrueckner.de\/dxradio\/php\/wordpress\/?p=5323","url_meta":{"origin":2362,"position":3},"title":"RTL Chronik","author":"Administrator","date":"July 26, 2015","format":false,"excerpt":"http:\/\/www.rtlchronik.keepfree.de\/telecran.pdf","rel":"","context":"In &quot;Deutsch&quot;","block_context":{"text":"Deutsch","link":"https:\/\/www.achimbrueckner.de\/dxradio\/php\/wordpress\/?cat=1"},"img":{"alt_text":"","src":"","width":0,"height":0},"classes":[]},{"id":45504,"url":"https:\/\/www.achimbrueckner.de\/dxradio\/php\/wordpress\/?p=45504","url_meta":{"origin":2362,"position":4},"title":"Luxemburg: RTL \u2013 Deutschlands Hitradio gibt UKW-Frequenz an RTL Today Radio ab","author":"Administrator","date":"April 23, 2026","format":false,"excerpt":"https:\/\/www.radioblog.eu\/2026\/04\/23\/luxemburg-rtl-deutschlands-hitradio-gibt-ukw-frequenz-an-rtl-today-radio-ab\/","rel":"","context":"In &quot;Deutsch&quot;","block_context":{"text":"Deutsch","link":"https:\/\/www.achimbrueckner.de\/dxradio\/php\/wordpress\/?cat=1"},"img":{"alt_text":"","src":"","width":0,"height":0},"classes":[]},{"id":3074,"url":"https:\/\/www.achimbrueckner.de\/dxradio\/php\/wordpress\/?p=3074","url_meta":{"origin":2362,"position":5},"title":"RADIO LUXEMBURG W\u00dcNSCHT GUTEN MORGEN &#8211; Uwe Heinz S\u00fcltz &#8211; L\u00fcnen &#8211; Erster RTL Empfang in Deutschland 1983 &#8211; SAT TV S\u00dcLTZ","author":"Administrator","date":"April 10, 2014","format":false,"excerpt":"http:\/\/www.lokalkompass.de\/luenen\/kultur\/radio-luxemburg-wuenscht-guten-morgen-uwe-heinz-sueltz-luenen-erster-rtl-empfang-in-deutschland-1983-sat-tv-sueltz-d422365.html Info via Twitter","rel":"","context":"In &quot;Deutsch&quot;","block_context":{"text":"Deutsch","link":"https:\/\/www.achimbrueckner.de\/dxradio\/php\/wordpress\/?cat=1"},"img":{"alt_text":"","src":"","width":0,"height":0},"classes":[]}],"_links":{"self":[{"href":"https:\/\/www.achimbrueckner.de\/dxradio\/php\/wordpress\/index.php?rest_route=\/wp\/v2\/posts\/2362","targetHints":{"allow":["GET"]}}],"collection":[{"href":"https:\/\/www.achimbrueckner.de\/dxradio\/php\/wordpress\/index.php?rest_route=\/wp\/v2\/posts"}],"about":[{"href":"https:\/\/www.achimbrueckner.de\/dxradio\/php\/wordpress\/index.php?rest_route=\/wp\/v2\/types\/post"}],"author":[{"embeddable":true,"href":"https:\/\/www.achimbrueckner.de\/dxradio\/php\/wordpress\/index.php?rest_route=\/wp\/v2\/users\/1"}],"replies":[{"embeddable":true,"href":"https:\/\/www.achimbrueckner.de\/dxradio\/php\/wordpress\/index.php?rest_route=%2Fwp%2Fv2%2Fcomments&post=2362"}],"version-history":[{"count":0,"href":"https:\/\/www.achimbrueckner.de\/dxradio\/php\/wordpress\/index.php?rest_route=\/wp\/v2\/posts\/2362\/revisions"}],"wp:attachment":[{"href":"https:\/\/www.achimbrueckner.de\/dxradio\/php\/wordpress\/index.php?rest_route=%2Fwp%2Fv2%2Fmedia&parent=2362"}],"wp:term":[{"taxonomy":"category","embeddable":true,"href":"https:\/\/www.achimbrueckner.de\/dxradio\/php\/wordpress\/index.php?rest_route=%2Fwp%2Fv2%2Fcategories&post=2362"},{"taxonomy":"post_tag","embeddable":true,"href":"https:\/\/www.achimbrueckner.de\/dxradio\/php\/wordpress\/index.php?rest_route=%2Fwp%2Fv2%2Ftags&post=2362"}],"curies":[{"name":"wp","href":"https:\/\/api.w.org\/{rel}","templated":true}]}}