{"id":23663,"date":"2019-07-07T13:13:42","date_gmt":"2019-07-07T13:13:42","guid":{"rendered":"https:\/\/www.achimbrueckner.de\/dxradio\/php\/wordpress\/?p=23663"},"modified":"2019-07-07T13:13:42","modified_gmt":"2019-07-07T13:13:42","slug":"besucher-aus-50-landern-bei-der-ham-radio","status":"publish","type":"post","link":"https:\/\/www.achimbrueckner.de\/dxradio\/php\/wordpress\/?p=23663","title":{"rendered":"Besucher aus 50 L\u00e4ndern bei der Ham Radio"},"content":{"rendered":"<p><a href=\"https:\/\/www.schwaebische.de\/landkreis\/bodenseekreis\/friedrichshafen_artikel,-besucher-aus-50-l%C3%A4ndern-bei-der-ham-radio-_arid,11072344.html\" rel=\"noopener noreferrer\" target=\"_blank\">https:\/\/www.schwaebische.de\/landkreis\/bodenseekreis\/friedrichshafen_artikel,-besucher-aus-50-l%C3%A4ndern-bei-der-ham-radio-_arid,11072344.html<\/a><\/p>\n","protected":false},"excerpt":{"rendered":"<p>https:\/\/www.schwaebische.de\/landkreis\/bodenseekreis\/friedrichshafen_artikel,-besucher-aus-50-l%C3%A4ndern-bei-der-ham-radio-_arid,11072344.html<\/p>\n","protected":false},"author":1,"featured_media":0,"comment_status":"closed","ping_status":"open","sticky":false,"template":"","format":"standard","meta":{"_jetpack_memberships_contains_paid_content":false,"footnotes":"","jetpack_publicize_message":"","jetpack_publicize_feature_enabled":true,"jetpack_social_post_already_shared":true,"jetpack_social_options":{"image_generator_settings":{"template":"highway","default_image_id":0,"font":"","enabled":false},"version":2}},"categories":[1],"tags":[24],"class_list":["post-23663","post","type-post","status-publish","format-standard","hentry","category-deutsch","tag-am"],"jetpack_publicize_connections":[],"jetpack_featured_media_url":"","jetpack_sharing_enabled":true,"jetpack_shortlink":"https:\/\/wp.me\/p5CDmr-69F","jetpack-related-posts":[{"id":18055,"url":"https:\/\/www.achimbrueckner.de\/dxradio\/php\/wordpress\/?p=18055","url_meta":{"origin":23663,"position":0},"title":"15 460 Besucher auf der Ham Radio","author":"Administrator","date":"June 4, 2018","format":false,"excerpt":"https:\/\/www.schwaebische.de\/landkreis\/bodenseekreis\/friedrichshafen_artikel,-15-460-besucher-auf-der-ham-radio-_arid,10879648.html","rel":"","context":"In &quot;English&quot;","block_context":{"text":"English","link":"https:\/\/www.achimbrueckner.de\/dxradio\/php\/wordpress\/?cat=2"},"img":{"alt_text":"","src":"","width":0,"height":0},"classes":[]},{"id":39716,"url":"https:\/\/www.achimbrueckner.de\/dxradio\/php\/wordpress\/?p=39716","url_meta":{"origin":23663,"position":1},"title":"Ham Radio l\u00e4sst den Funken f\u00fcr Technikbegeisterung \u00fcberspringen","author":"Administrator","date":"June 26, 2023","format":false,"excerpt":"Kurzbericht der Messegesellschaft: Ham Radio l\u00e4sst den Funken f\u00fcr Technikbegeisterung \u00fcberspringen Am Wochenende war es wieder so weit: Antennen, Funkger\u00e4te, nagelneue Sende- und Empf\u00e4ngeranlagen und ein vielseitiges Programm zum Thema MINT (Mathematik, Informatik, Naturwissenschaften und Technik) zogen 11 100 Besucherinnen und Besucher auf das Messegel\u00e4nde in Friedrichshafen. Funk-Fans aus 59\u2026","rel":"","context":"In &quot;Deutsch&quot;","block_context":{"text":"Deutsch","link":"https:\/\/www.achimbrueckner.de\/dxradio\/php\/wordpress\/?cat=1"},"img":{"alt_text":"","src":"","width":0,"height":0},"classes":[]},{"id":7826,"url":"https:\/\/www.achimbrueckner.de\/dxradio\/php\/wordpress\/?p=7826","url_meta":{"origin":23663,"position":2},"title":"HAM Radio 2017 (!) verschoben","author":"Administrator","date":"March 15, 2016","format":false,"excerpt":"Messe Friedrichshafen und DARC fixieren den Messetermin f\u00fcr 2017 \u2013 Funkamateure treffen sich vom 14. bis 16. Juli 2017 am Bodensee Neue Terminierung: Messe Ham Radio findet im Jahr 2017 im Juli in Friedrichshafen statt Friedrichshafen \u2013 Die Ham Radio zieht es in den Sommer. Die Veranstalter der Messe Friedrichshafen\u2026","rel":"","context":"In &quot;camps&quot;","block_context":{"text":"camps","link":"https:\/\/www.achimbrueckner.de\/dxradio\/php\/wordpress\/?cat=5"},"img":{"alt_text":"","src":"","width":0,"height":0},"classes":[]},{"id":2257,"url":"https:\/\/www.achimbrueckner.de\/dxradio\/php\/wordpress\/?p=2257","url_meta":{"origin":23663,"position":3},"title":"UKW\/TV-Arbeitskreis: Stand auf der Ham Radio","author":"Administrator","date":"June 20, 2012","format":false,"excerpt":"Hallo Liste Der UKW\/TV-Arbeitskreis hat dieses Jahr nach l\u00e4ngerer Pause wieder einen Stand auf der Ham Radio. Wir sind in Halle A1, am Standplatz A1-546, direkt gegen\u00fcber der ADDX, anzutreffen. Neben der Vorstellung unseres Spezialgebiets, des \u00dcberreichweitenempfangs auf UKW und TV, bieten wir live UKW-Empf\u00e4ngervergleiche an in der Halle aufgebauten\u2026","rel":"","context":"In &quot;camps&quot;","block_context":{"text":"camps","link":"https:\/\/www.achimbrueckner.de\/dxradio\/php\/wordpress\/?cat=5"},"img":{"alt_text":"","src":"","width":0,"height":0},"classes":[]},{"id":39674,"url":"https:\/\/www.achimbrueckner.de\/dxradio\/php\/wordpress\/?p=39674","url_meta":{"origin":23663,"position":4},"title":"Deutschlands bekanntester, bergsteigender Funkamateur Emil Bergmann zu Gast auf der Ham Radio vom 23. bis 25. Juni 2023","author":"Administrator","date":"June 17, 2023","format":false,"excerpt":"Deutschlands bekanntester, bergsteigender Funkamateur Emil Bergmann zu Gast auf der Ham Radio vom 23. bis 25. Juni 2023 Abenteuer Amateurfunk: Einmal um die ganze Welt mit Funkequipment 12.06.2023 | Emil Bergmann Friedrichshafen \u2013 Emil Bergmann, Alpinist, Extremkletterer und leidenschaftlicher Funkamateur hat vor wenigen Tagen seine j\u00fcngste Expedition beendet. Gemeinsam mit\u2026","rel":"","context":"In &quot;camps&quot;","block_context":{"text":"camps","link":"https:\/\/www.achimbrueckner.de\/dxradio\/php\/wordpress\/?cat=5"},"img":{"alt_text":"","src":"","width":0,"height":0},"classes":[]},{"id":469,"url":"https:\/\/www.achimbrueckner.de\/dxradio\/php\/wordpress\/?p=469","url_meta":{"origin":23663,"position":5},"title":"Radio 700 Sommerfest","author":"Administrator","date":"June 30, 2009","format":false,"excerpt":"Hallo liebe KW-H\u00f6rer und DX-Gemeinde, am kommenden Samstag, 04.07.2009 begie\u00dfen wir unseren 7ten Stationsgeburtstag. Ab 17 Uhr MESZ starten wir das RADIO700 Sommerfest im KW-\"Sendezentrum Kall-Krekel\". Wer sich also schon immer mal die waghalsigen Drahtkonstruktionen und Rohde & Schwarz Sender anschauen wollte (incl. Live-Sendung von 18-21 Uhr aus dem \u00dc-Wagen\u2026","rel":"","context":"In &quot;camps&quot;","block_context":{"text":"camps","link":"https:\/\/www.achimbrueckner.de\/dxradio\/php\/wordpress\/?cat=5"},"img":{"alt_text":"","src":"","width":0,"height":0},"classes":[]}],"_links":{"self":[{"href":"https:\/\/www.achimbrueckner.de\/dxradio\/php\/wordpress\/index.php?rest_route=\/wp\/v2\/posts\/23663","targetHints":{"allow":["GET"]}}],"collection":[{"href":"https:\/\/www.achimbrueckner.de\/dxradio\/php\/wordpress\/index.php?rest_route=\/wp\/v2\/posts"}],"about":[{"href":"https:\/\/www.achimbrueckner.de\/dxradio\/php\/wordpress\/index.php?rest_route=\/wp\/v2\/types\/post"}],"author":[{"embeddable":true,"href":"https:\/\/www.achimbrueckner.de\/dxradio\/php\/wordpress\/index.php?rest_route=\/wp\/v2\/users\/1"}],"replies":[{"embeddable":true,"href":"https:\/\/www.achimbrueckner.de\/dxradio\/php\/wordpress\/index.php?rest_route=%2Fwp%2Fv2%2Fcomments&post=23663"}],"version-history":[{"count":0,"href":"https:\/\/www.achimbrueckner.de\/dxradio\/php\/wordpress\/index.php?rest_route=\/wp\/v2\/posts\/23663\/revisions"}],"wp:attachment":[{"href":"https:\/\/www.achimbrueckner.de\/dxradio\/php\/wordpress\/index.php?rest_route=%2Fwp%2Fv2%2Fmedia&parent=23663"}],"wp:term":[{"taxonomy":"category","embeddable":true,"href":"https:\/\/www.achimbrueckner.de\/dxradio\/php\/wordpress\/index.php?rest_route=%2Fwp%2Fv2%2Fcategories&post=23663"},{"taxonomy":"post_tag","embeddable":true,"href":"https:\/\/www.achimbrueckner.de\/dxradio\/php\/wordpress\/index.php?rest_route=%2Fwp%2Fv2%2Ftags&post=23663"}],"curies":[{"name":"wp","href":"https:\/\/api.w.org\/{rel}","templated":true}]}}