{"id":2372,"date":"2013-01-23T19:47:43","date_gmt":"2013-01-23T19:47:43","guid":{"rendered":"https:\/\/www.achimbrueckner.de\/dxradio\/php\/wordpress\/?p=2372"},"modified":"2013-01-23T19:47:43","modified_gmt":"2013-01-23T19:47:43","slug":"haus-des-rundfunks","status":"publish","type":"post","link":"https:\/\/www.achimbrueckner.de\/dxradio\/php\/wordpress\/?p=2372","title":{"rendered":"Haus des Rundfunks"},"content":{"rendered":"<p>Mit dieser Web-Site hier <a href=\"http:\/\/www.haus-des-rundfunks.de\/\" target=\"_blank\">http:\/\/www.haus-des-rundfunks.de\/<\/a> ist -als Vorschau auf die TV-Sendung- eine virtuelle Show zur Historie und Baustil zu sehen!<\/p>\n<p>Info via <a href=\"http:\/\/www.ratzer.at\" target=\"_blank\">A-DX<\/a><\/p>\n","protected":false},"excerpt":{"rendered":"<p>Mit dieser Web-Site hier http:\/\/www.haus-des-rundfunks.de\/ ist -als Vorschau auf die TV-Sendung- eine virtuelle Show zur Historie und Baustil zu sehen! Info via A-DX<\/p>\n","protected":false},"author":1,"featured_media":0,"comment_status":"open","ping_status":"open","sticky":false,"template":"","format":"standard","meta":{"_jetpack_memberships_contains_paid_content":false,"footnotes":"","jetpack_publicize_message":"","jetpack_publicize_feature_enabled":true,"jetpack_social_post_already_shared":false,"jetpack_social_options":{"image_generator_settings":{"template":"highway","default_image_id":0,"font":"","enabled":false},"version":2}},"categories":[7],"tags":[40],"class_list":["post-2372","post","type-post","status-publish","format-standard","hentry","category-links","tag-dx"],"jetpack_publicize_connections":[],"jetpack_featured_media_url":"","jetpack_sharing_enabled":true,"jetpack_shortlink":"https:\/\/wp.me\/p5CDmr-Cg","jetpack-related-posts":[{"id":2105,"url":"https:\/\/www.achimbrueckner.de\/dxradio\/php\/wordpress\/?p=2105","url_meta":{"origin":2372,"position":0},"title":"31. \u00fcberregionalen DX-Treffen des Ottenauer Kurzwellenhoererklubs Murgtal","author":"Administrator","date":"January 12, 2012","format":false,"excerpt":"Einladung zum 31. \u00fcberregionalen DX-Treffen des Ottenauer Kurzwellenhoererklubs Murgtal und RTI Hoererklub Ottenau 25.02.2012 13 MEZ http:\/\/www.rmrc.de\/index.php?view=details&id=63%3A31-ueberregionalen-dx-treffen-in-ottenau&option=com_eventlist&Itemid=54&lang=de","rel":"","context":"In &quot;camps&quot;","block_context":{"text":"camps","link":"https:\/\/www.achimbrueckner.de\/dxradio\/php\/wordpress\/?cat=5"},"img":{"alt_text":"","src":"","width":0,"height":0},"classes":[]},{"id":1133,"url":"https:\/\/www.achimbrueckner.de\/dxradio\/php\/wordpress\/?p=1133","url_meta":{"origin":2372,"position":1},"title":"46. DX Camp des Rhein-Main-Radio-Clubs","author":"Administrator","date":"September 8, 2010","format":false,"excerpt":"Einladung zum 46. DX Camp des Rhein-Main-Radio-Clubs Das mittlerweile 46. RMRC - DX - Camp findet traditionell im Naturfreundehaus auf dem Wingertskippel in 63505 Langenselbold bei Hanau vom 27.September bis zum 3.Oktober 2010 statt. Die ersten Camp-Tage sind wie immer vorwiegend zum H\u00f6ren. Hier gibt es Grasnarben DX mit unterschiedlichen\u2026","rel":"","context":"In &quot;camps&quot;","block_context":{"text":"camps","link":"https:\/\/www.achimbrueckner.de\/dxradio\/php\/wordpress\/?cat=5"},"img":{"alt_text":"","src":"","width":0,"height":0},"classes":[]},{"id":265,"url":"https:\/\/www.achimbrueckner.de\/dxradio\/php\/wordpress\/?p=265","url_meta":{"origin":2372,"position":2},"title":"Wolfram He\u00df","author":"Administrator","date":"February 14, 2007","format":false,"excerpt":"Wolfram He\u00df ist am 9. Februar 2007 verstorben. Er war Mitinitiator des Programms DX-Aktuell auf Deutschlandradio Berlin und pr\u00e4sentierte die Meldungen mit einen schmunzelnden Unterton und in kurzweiliger Form. Die Sendungen Anfang der 90er Jahre waren ein echtes Highlight der deutschsprachigen DX-Programme, leider habe ich die alten Tapes alle \u00fcberspielt.\u2026","rel":"","context":"In &quot;Deutsch&quot;","block_context":{"text":"Deutsch","link":"https:\/\/www.achimbrueckner.de\/dxradio\/php\/wordpress\/?cat=1"},"img":{"alt_text":"","src":"","width":0,"height":0},"classes":[]},{"id":20168,"url":"https:\/\/www.achimbrueckner.de\/dxradio\/php\/wordpress\/?p=20168","url_meta":{"origin":2372,"position":3},"title":"H\u00f6rspiel \u00fcber das Ende des analogen Rundfunks","author":"Administrator","date":"November 25, 2018","format":false,"excerpt":"https:\/\/www.deutschlandfunkkultur.de\/hoerspiel-ueber-das-ende-des-analogen-rundfunks-radio.3685.de.html?dram:article_id=419820 Info via A-DX","rel":"","context":"In &quot;Deutsch&quot;","block_context":{"text":"Deutsch","link":"https:\/\/www.achimbrueckner.de\/dxradio\/php\/wordpress\/?cat=1"},"img":{"alt_text":"","src":"","width":0,"height":0},"classes":[]},{"id":43223,"url":"https:\/\/www.achimbrueckner.de\/dxradio\/php\/wordpress\/?p=43223","url_meta":{"origin":2372,"position":4},"title":"Ausgabe Nr. 142 (Juli 2025) des DX Fanzine","author":"Administrator","date":"July 5, 2025","format":false,"excerpt":"Die aktuelle Ausgabe Nr. 142 (Juli 2025) des DX Fanzine kann unter nachfolgendem link kostenlos als 28-Seiten PDF heruntergeladen werden. https:\/\/dxfanzine.wordpress.com https:\/\/www.dxfanzine.com Info via A-DX Facebook","rel":"","context":"In &quot;Deutsch&quot;","block_context":{"text":"Deutsch","link":"https:\/\/www.achimbrueckner.de\/dxradio\/php\/wordpress\/?cat=1"},"img":{"alt_text":"","src":"","width":0,"height":0},"classes":[]},{"id":2351,"url":"https:\/\/www.achimbrueckner.de\/dxradio\/php\/wordpress\/?p=2351","url_meta":{"origin":2372,"position":5},"title":"DX Camp der OLKWF 2013 und DX Tag","author":"Administrator","date":"December 15, 2012","format":false,"excerpt":"Liebe Hobbyfreunde, das DX Camp der OLKWF findet im n\u00e4chsten Jahr in der Zeit vom 06.11.-10.11.2013 in Sandkrug im Haus Maranatha statt. Am Sa. den 19.Januar 2013 werden wir von 9:30 -? Uhr wieder einen DX-Tag im Bootshaus der Ruderabtlg. des PostSV am Achterdiek in Oldenburg veranstalten. Anmeldungen an Karl-J.Conrads(at)t-online.de\u2026","rel":"","context":"In &quot;camps&quot;","block_context":{"text":"camps","link":"https:\/\/www.achimbrueckner.de\/dxradio\/php\/wordpress\/?cat=5"},"img":{"alt_text":"","src":"","width":0,"height":0},"classes":[]}],"_links":{"self":[{"href":"https:\/\/www.achimbrueckner.de\/dxradio\/php\/wordpress\/index.php?rest_route=\/wp\/v2\/posts\/2372","targetHints":{"allow":["GET"]}}],"collection":[{"href":"https:\/\/www.achimbrueckner.de\/dxradio\/php\/wordpress\/index.php?rest_route=\/wp\/v2\/posts"}],"about":[{"href":"https:\/\/www.achimbrueckner.de\/dxradio\/php\/wordpress\/index.php?rest_route=\/wp\/v2\/types\/post"}],"author":[{"embeddable":true,"href":"https:\/\/www.achimbrueckner.de\/dxradio\/php\/wordpress\/index.php?rest_route=\/wp\/v2\/users\/1"}],"replies":[{"embeddable":true,"href":"https:\/\/www.achimbrueckner.de\/dxradio\/php\/wordpress\/index.php?rest_route=%2Fwp%2Fv2%2Fcomments&post=2372"}],"version-history":[{"count":0,"href":"https:\/\/www.achimbrueckner.de\/dxradio\/php\/wordpress\/index.php?rest_route=\/wp\/v2\/posts\/2372\/revisions"}],"wp:attachment":[{"href":"https:\/\/www.achimbrueckner.de\/dxradio\/php\/wordpress\/index.php?rest_route=%2Fwp%2Fv2%2Fmedia&parent=2372"}],"wp:term":[{"taxonomy":"category","embeddable":true,"href":"https:\/\/www.achimbrueckner.de\/dxradio\/php\/wordpress\/index.php?rest_route=%2Fwp%2Fv2%2Fcategories&post=2372"},{"taxonomy":"post_tag","embeddable":true,"href":"https:\/\/www.achimbrueckner.de\/dxradio\/php\/wordpress\/index.php?rest_route=%2Fwp%2Fv2%2Ftags&post=2372"}],"curies":[{"name":"wp","href":"https:\/\/api.w.org\/{rel}","templated":true}]}}