{"id":23803,"date":"2019-07-14T16:33:08","date_gmt":"2019-07-14T16:33:08","guid":{"rendered":"https:\/\/www.achimbrueckner.de\/dxradio\/php\/wordpress\/?p=23803"},"modified":"2019-07-14T16:33:08","modified_gmt":"2019-07-14T16:33:08","slug":"litauen-sperrt-zugang-zu-nachrichtenseite-sputnik","status":"publish","type":"post","link":"https:\/\/www.achimbrueckner.de\/dxradio\/php\/wordpress\/?p=23803","title":{"rendered":"Litauen sperrt Zugang zu Nachrichtenseite Sputnik"},"content":{"rendered":"<p><a href=\"https:\/\/www.krone.at\/1959331\" rel=\"noopener noreferrer\" target=\"_blank\">https:\/\/www.krone.at\/1959331<\/a><\/p>\n","protected":false},"excerpt":{"rendered":"<p>https:\/\/www.krone.at\/1959331<\/p>\n","protected":false},"author":1,"featured_media":0,"comment_status":"closed","ping_status":"open","sticky":false,"template":"","format":"standard","meta":{"_jetpack_memberships_contains_paid_content":false,"footnotes":"","jetpack_publicize_message":"","jetpack_publicize_feature_enabled":true,"jetpack_social_post_already_shared":true,"jetpack_social_options":{"image_generator_settings":{"template":"highway","default_image_id":0,"font":"","enabled":false},"version":2}},"categories":[1],"tags":[],"class_list":["post-23803","post","type-post","status-publish","format-standard","hentry","category-deutsch"],"jetpack_publicize_connections":[],"jetpack_featured_media_url":"","jetpack_sharing_enabled":true,"jetpack_shortlink":"https:\/\/wp.me\/p5CDmr-6bV","jetpack-related-posts":[{"id":32723,"url":"https:\/\/www.achimbrueckner.de\/dxradio\/php\/wordpress\/?p=32723","url_meta":{"origin":23803,"position":0},"title":"MDR bringt SPUTNIK SPRING BREAK 2021 zu den Fans nach Hause","author":"Administrator","date":"May 20, 2021","format":false,"excerpt":"https:\/\/www.radiowoche.de\/mdr-bringt-sputnik-spring-break-2021-zu-den-fans-nach-hause\/","rel":"","context":"In &quot;Deutsch&quot;","block_context":{"text":"Deutsch","link":"https:\/\/www.achimbrueckner.de\/dxradio\/php\/wordpress\/?cat=1"},"img":{"alt_text":"","src":"","width":0,"height":0},"classes":[]},{"id":7701,"url":"https:\/\/www.achimbrueckner.de\/dxradio\/php\/wordpress\/?p=7701","url_meta":{"origin":23803,"position":1},"title":"ORF-Radio: Zu viel Unterhaltung, zu wenig Sport","author":"Administrator","date":"February 27, 2016","format":false,"excerpt":"http:\/\/www.krone.at\/TV-Programm\/ORF-Radio_Zu_viel_Unterhaltung._zu_wenig_Sport-Anteile_geprueft-Story-497867","rel":"","context":"In &quot;Deutsch&quot;","block_context":{"text":"Deutsch","link":"https:\/\/www.achimbrueckner.de\/dxradio\/php\/wordpress\/?cat=1"},"img":{"alt_text":"","src":"","width":0,"height":0},"classes":[]},{"id":32369,"url":"https:\/\/www.achimbrueckner.de\/dxradio\/php\/wordpress\/?p=32369","url_meta":{"origin":23803,"position":2},"title":"Exklusiv: Privatradios fordern Zugang zu 5G Broadcast","author":"Administrator","date":"March 29, 2021","format":false,"excerpt":"https:\/\/www.infosat.de\/radio\/exklusiv-privatradios-fordern-zugang-zu-5g-broadcast","rel":"","context":"In &quot;Deutsch&quot;","block_context":{"text":"Deutsch","link":"https:\/\/www.achimbrueckner.de\/dxradio\/php\/wordpress\/?cat=1"},"img":{"alt_text":"","src":"","width":0,"height":0},"classes":[]},{"id":5906,"url":"https:\/\/www.achimbrueckner.de\/dxradio\/php\/wordpress\/?p=5906","url_meta":{"origin":23803,"position":3},"title":"Zugang zu Hamnet bald schwieriger und teurer?","author":"Administrator","date":"September 12, 2015","format":false,"excerpt":"https:\/\/www.hamspirit.de\/4006\/zugang-zu-hamnet-bald-schwieriger-und-teurer\/","rel":"","context":"In &quot;Deutsch&quot;","block_context":{"text":"Deutsch","link":"https:\/\/www.achimbrueckner.de\/dxradio\/php\/wordpress\/?cat=1"},"img":{"alt_text":"","src":"","width":0,"height":0},"classes":[]},{"id":31810,"url":"https:\/\/www.achimbrueckner.de\/dxradio\/php\/wordpress\/?p=31810","url_meta":{"origin":23803,"position":4},"title":"Litauen Rimantas Pleykis RIP","author":"Administrator","date":"January 25, 2021","format":false,"excerpt":"Traurige Nachrichten aus Litauen: Wieder verl\u00e4sst eine Radiopers\u00f6nlichkeit diese Welt viel zu fr\u00fch. Gestern wurde bekannt, dass der Gr\u00fcnder des ersten Privatradios zu Zeiten der Sowjetunion, Radio M1 sowie der Gr\u00fcnder und Betreiber der Mittelwelle 1386 kHz (Radio Baltic Waves), Rimantas Pleykis im Alter von nur 64 Jahren gestorben ist.\u2026","rel":"","context":"In &quot;audio&quot;","block_context":{"text":"audio","link":"https:\/\/www.achimbrueckner.de\/dxradio\/php\/wordpress\/?cat=47"},"img":{"alt_text":"","src":"","width":0,"height":0},"classes":[]},{"id":25996,"url":"https:\/\/www.achimbrueckner.de\/dxradio\/php\/wordpress\/?p=25996","url_meta":{"origin":23803,"position":5},"title":"Freie Radios im L\u00e4ndle fordern gleichberechtigten Zugang zu Digitalradiokan\u00e4len","author":"Administrator","date":"November 28, 2019","format":false,"excerpt":"https:\/\/rdl.de\/beitrag\/freie-radios-im-l-ndle-fordern-gleichberechtigten-zugang-zu-digitalradiokan-len","rel":"","context":"In &quot;Deutsch&quot;","block_context":{"text":"Deutsch","link":"https:\/\/www.achimbrueckner.de\/dxradio\/php\/wordpress\/?cat=1"},"img":{"alt_text":"","src":"","width":0,"height":0},"classes":[]}],"_links":{"self":[{"href":"https:\/\/www.achimbrueckner.de\/dxradio\/php\/wordpress\/index.php?rest_route=\/wp\/v2\/posts\/23803","targetHints":{"allow":["GET"]}}],"collection":[{"href":"https:\/\/www.achimbrueckner.de\/dxradio\/php\/wordpress\/index.php?rest_route=\/wp\/v2\/posts"}],"about":[{"href":"https:\/\/www.achimbrueckner.de\/dxradio\/php\/wordpress\/index.php?rest_route=\/wp\/v2\/types\/post"}],"author":[{"embeddable":true,"href":"https:\/\/www.achimbrueckner.de\/dxradio\/php\/wordpress\/index.php?rest_route=\/wp\/v2\/users\/1"}],"replies":[{"embeddable":true,"href":"https:\/\/www.achimbrueckner.de\/dxradio\/php\/wordpress\/index.php?rest_route=%2Fwp%2Fv2%2Fcomments&post=23803"}],"version-history":[{"count":0,"href":"https:\/\/www.achimbrueckner.de\/dxradio\/php\/wordpress\/index.php?rest_route=\/wp\/v2\/posts\/23803\/revisions"}],"wp:attachment":[{"href":"https:\/\/www.achimbrueckner.de\/dxradio\/php\/wordpress\/index.php?rest_route=%2Fwp%2Fv2%2Fmedia&parent=23803"}],"wp:term":[{"taxonomy":"category","embeddable":true,"href":"https:\/\/www.achimbrueckner.de\/dxradio\/php\/wordpress\/index.php?rest_route=%2Fwp%2Fv2%2Fcategories&post=23803"},{"taxonomy":"post_tag","embeddable":true,"href":"https:\/\/www.achimbrueckner.de\/dxradio\/php\/wordpress\/index.php?rest_route=%2Fwp%2Fv2%2Ftags&post=23803"}],"curies":[{"name":"wp","href":"https:\/\/api.w.org\/{rel}","templated":true}]}}