{"id":23852,"date":"2019-07-17T15:30:25","date_gmt":"2019-07-17T15:30:25","guid":{"rendered":"https:\/\/www.achimbrueckner.de\/dxradio\/php\/wordpress\/?p=23852"},"modified":"2019-07-17T15:30:25","modified_gmt":"2019-07-17T15:30:25","slug":"deutschlandradio-lasst-horerinnen-und-horer-uber-denkfabrik-thema-2020-abstimmen","status":"publish","type":"post","link":"https:\/\/www.achimbrueckner.de\/dxradio\/php\/wordpress\/?p=23852","title":{"rendered":"Deutschlandradio l\u00e4sst H\u00f6rerinnen und H\u00f6rer \u00fcber Denkfabrik-Thema 2020 abstimmen"},"content":{"rendered":"<p><a href=\"http:\/\/www.radiowoche.de\/deutschlandradio-laesst-hoererinnen-und-hoerer-ueber-denkfabrik-thema-2020-abstimmen\/\" rel=\"noopener noreferrer\" target=\"_blank\">http:\/\/www.radiowoche.de\/deutschlandradio-laesst-hoererinnen-und-hoerer-ueber-denkfabrik-thema-2020-abstimmen\/<\/a><\/p>\n","protected":false},"excerpt":{"rendered":"<p>http:\/\/www.radiowoche.de\/deutschlandradio-laesst-hoererinnen-und-hoerer-ueber-denkfabrik-thema-2020-abstimmen\/<\/p>\n","protected":false},"author":1,"featured_media":0,"comment_status":"closed","ping_status":"open","sticky":false,"template":"","format":"standard","meta":{"_jetpack_memberships_contains_paid_content":false,"footnotes":"","jetpack_publicize_message":"","jetpack_publicize_feature_enabled":true,"jetpack_social_post_already_shared":true,"jetpack_social_options":{"image_generator_settings":{"template":"highway","default_image_id":0,"font":"","enabled":false},"version":2}},"categories":[1],"tags":[],"class_list":["post-23852","post","type-post","status-publish","format-standard","hentry","category-deutsch"],"jetpack_publicize_connections":[],"jetpack_featured_media_url":"","jetpack_sharing_enabled":true,"jetpack_shortlink":"https:\/\/wp.me\/p5CDmr-6cI","jetpack-related-posts":[{"id":20748,"url":"https:\/\/www.achimbrueckner.de\/dxradio\/php\/wordpress\/?p=20748","url_meta":{"origin":23852,"position":0},"title":"Deutschlandradio startet Denkfabrik","author":"Administrator","date":"January 5, 2019","format":false,"excerpt":"https:\/\/www.deutschlandfunk.de\/in-eigener-sache-deutschlandradio-startet-denkfabrik.2849.de.html?drn:news_id=963064","rel":"","context":"In &quot;Deutsch&quot;","block_context":{"text":"Deutsch","link":"https:\/\/www.achimbrueckner.de\/dxradio\/php\/wordpress\/?cat=1"},"img":{"alt_text":"","src":"","width":0,"height":0},"classes":[]},{"id":15582,"url":"https:\/\/www.achimbrueckner.de\/dxradio\/php\/wordpress\/?p=15582","url_meta":{"origin":23852,"position":1},"title":"Interview: Deutschlandradio will Internet-Aktivit\u00e4ten mit den Privaten abstimmen","author":"Administrator","date":"November 19, 2017","format":false,"excerpt":"https:\/\/www.heise.de\/newsticker\/meldung\/Interview-Deutschlandradio-will-Internet-Aktivitaeten-mit-den-Privaten-abstimmen-3893524.html","rel":"","context":"In &quot;Deutsch&quot;","block_context":{"text":"Deutsch","link":"https:\/\/www.achimbrueckner.de\/dxradio\/php\/wordpress\/?cat=1"},"img":{"alt_text":"","src":"","width":0,"height":0},"classes":[]},{"id":7286,"url":"https:\/\/www.achimbrueckner.de\/dxradio\/php\/wordpress\/?p=7286","url_meta":{"origin":23852,"position":2},"title":"Schweizer werden \u00fcber Radio- und Fernsehgeb\u00fchren abstimmen","author":"Administrator","date":"January 16, 2016","format":false,"excerpt":"http:\/\/www.radiowoche.de\/schweizer-werden-ueber-radio-und-fernsehgebuehren-abstimmen\/","rel":"","context":"In &quot;Deutsch&quot;","block_context":{"text":"Deutsch","link":"https:\/\/www.achimbrueckner.de\/dxradio\/php\/wordpress\/?cat=1"},"img":{"alt_text":"","src":"","width":0,"height":0},"classes":[]},{"id":43991,"url":"https:\/\/www.achimbrueckner.de\/dxradio\/php\/wordpress\/?p=43991","url_meta":{"origin":23852,"position":3},"title":"SWR1 Baden-W\u00fcrttemberg Top 1000: Jetzt noch f\u00fcr die Mega-Charts abstimmen","author":"Administrator","date":"October 14, 2025","format":false,"excerpt":"https:\/\/www.radioblog.eu\/2025\/10\/14\/swr1-baden-wuerttemberg-top-1000-jetzt-noch-fuer-die-mega-charts-abstimmen\/","rel":"","context":"In &quot;Deutsch&quot;","block_context":{"text":"Deutsch","link":"https:\/\/www.achimbrueckner.de\/dxradio\/php\/wordpress\/?cat=1"},"img":{"alt_text":"","src":"","width":0,"height":0},"classes":[]},{"id":6698,"url":"https:\/\/www.achimbrueckner.de\/dxradio\/php\/wordpress\/?p=6698","url_meta":{"origin":23852,"position":4},"title":"Abschaltung der Mittelwelle in DLF und DRadio Kulrur","author":"Administrator","date":"November 30, 2015","format":false,"excerpt":"Laut DLF Magazin besch\u00e4ftigen sich folgende Sendungen mit dem Thema der Abschaltung der Mittewelle Im Deutschlandfunk 5. Dezember 20:05 im Anschluss an das H\u00f6rspiel des Monats 17. Dezember 10:10 Marktplatz 17. Dezember 18:40 Hintergrund 18. Dezember 10:10 Lebenszeit 19. Dezember 17:05 Markt und Medien Im Deutschlandradio Kultur 30. Dezember 19:07\u2026","rel":"","context":"In &quot;Deutsch&quot;","block_context":{"text":"Deutsch","link":"https:\/\/www.achimbrueckner.de\/dxradio\/php\/wordpress\/?cat=1"},"img":{"alt_text":"","src":"","width":0,"height":0},"classes":[]},{"id":28803,"url":"https:\/\/www.achimbrueckner.de\/dxradio\/php\/wordpress\/?p=28803","url_meta":{"origin":23852,"position":5},"title":"Italien, seine Kolonialgeschichte und die Medien","author":"Administrator","date":"May 25, 2020","format":false,"excerpt":"https:\/\/www.deutschlandfunk.de\/denkfabrik-dekolonisiert-euch-italien-seine.2907.de.html?dram:article_id=476950","rel":"","context":"In &quot;Deutsch&quot;","block_context":{"text":"Deutsch","link":"https:\/\/www.achimbrueckner.de\/dxradio\/php\/wordpress\/?cat=1"},"img":{"alt_text":"","src":"","width":0,"height":0},"classes":[]}],"_links":{"self":[{"href":"https:\/\/www.achimbrueckner.de\/dxradio\/php\/wordpress\/index.php?rest_route=\/wp\/v2\/posts\/23852","targetHints":{"allow":["GET"]}}],"collection":[{"href":"https:\/\/www.achimbrueckner.de\/dxradio\/php\/wordpress\/index.php?rest_route=\/wp\/v2\/posts"}],"about":[{"href":"https:\/\/www.achimbrueckner.de\/dxradio\/php\/wordpress\/index.php?rest_route=\/wp\/v2\/types\/post"}],"author":[{"embeddable":true,"href":"https:\/\/www.achimbrueckner.de\/dxradio\/php\/wordpress\/index.php?rest_route=\/wp\/v2\/users\/1"}],"replies":[{"embeddable":true,"href":"https:\/\/www.achimbrueckner.de\/dxradio\/php\/wordpress\/index.php?rest_route=%2Fwp%2Fv2%2Fcomments&post=23852"}],"version-history":[{"count":0,"href":"https:\/\/www.achimbrueckner.de\/dxradio\/php\/wordpress\/index.php?rest_route=\/wp\/v2\/posts\/23852\/revisions"}],"wp:attachment":[{"href":"https:\/\/www.achimbrueckner.de\/dxradio\/php\/wordpress\/index.php?rest_route=%2Fwp%2Fv2%2Fmedia&parent=23852"}],"wp:term":[{"taxonomy":"category","embeddable":true,"href":"https:\/\/www.achimbrueckner.de\/dxradio\/php\/wordpress\/index.php?rest_route=%2Fwp%2Fv2%2Fcategories&post=23852"},{"taxonomy":"post_tag","embeddable":true,"href":"https:\/\/www.achimbrueckner.de\/dxradio\/php\/wordpress\/index.php?rest_route=%2Fwp%2Fv2%2Ftags&post=23852"}],"curies":[{"name":"wp","href":"https:\/\/api.w.org\/{rel}","templated":true}]}}