{"id":2406,"date":"2013-03-05T17:22:54","date_gmt":"2013-03-05T17:22:54","guid":{"rendered":"https:\/\/www.achimbrueckner.de\/dxradio\/php\/wordpress\/?p=2406"},"modified":"2013-03-05T17:22:54","modified_gmt":"2013-03-05T17:22:54","slug":"der-bursche-hatte-was-drauf","status":"publish","type":"post","link":"https:\/\/www.achimbrueckner.de\/dxradio\/php\/wordpress\/?p=2406","title":{"rendered":"Der Bursche hatte was drauf"},"content":{"rendered":"<p>FRAN\u00c3\u2021OIS \u00c2\u00abFM\u00c2\u00bb M\u00dcRNER: F\u00dcNF JAHRZEHNTE RADIOGESCHICHTE<br \/>\nDer Bursche hatte was drauf<\/p>\n<p><a href=\"http:\/\/medienwoche.ch\/2013\/03\/05\/der-bursche-hatte-was-drauf\/\" target=\"_blank\">http:\/\/medienwoche.ch\/2013\/03\/05\/der-bursche-hatte-was-drauf\/<\/a><\/p>\n","protected":false},"excerpt":{"rendered":"<p>FRAN\u00c3\u2021OIS \u00c2\u00abFM\u00c2\u00bb M\u00dcRNER: F\u00dcNF JAHRZEHNTE RADIOGESCHICHTE Der Bursche hatte was drauf http:\/\/medienwoche.ch\/2013\/03\/05\/der-bursche-hatte-was-drauf\/<\/p>\n","protected":false},"author":1,"featured_media":0,"comment_status":"open","ping_status":"open","sticky":false,"template":"","format":"standard","meta":{"_jetpack_memberships_contains_paid_content":false,"footnotes":"","jetpack_publicize_message":"","jetpack_publicize_feature_enabled":true,"jetpack_social_post_already_shared":false,"jetpack_social_options":{"image_generator_settings":{"template":"highway","default_image_id":0,"font":"","enabled":false},"version":2}},"categories":[1],"tags":[28,45],"class_list":["post-2406","post","type-post","status-publish","format-standard","hentry","category-deutsch","tag-fm","tag-medien"],"jetpack_publicize_connections":[],"jetpack_featured_media_url":"","jetpack_sharing_enabled":true,"jetpack_shortlink":"https:\/\/wp.me\/p5CDmr-CO","jetpack-related-posts":[{"id":2625,"url":"https:\/\/www.achimbrueckner.de\/dxradio\/php\/wordpress\/?p=2625","url_meta":{"origin":2406,"position":0},"title":"FRAN\u00c7OIS \u00abFM\u00bb M\u00dcRNER: F\u00dcNF JAHRZEHNTE RADIOGESCHICHTE \u00abDer Bursche hatte was drauf\u00bb","author":"Administrator","date":"August 24, 2013","format":false,"excerpt":"http:\/\/medienwoche.ch\/2013\/03\/05\/der-bursche-hatte-was-drauf\/","rel":"","context":"In &quot;Deutsch&quot;","block_context":{"text":"Deutsch","link":"https:\/\/www.achimbrueckner.de\/dxradio\/php\/wordpress\/?cat=1"},"img":{"alt_text":"","src":"","width":0,"height":0},"classes":[]},{"id":33042,"url":"https:\/\/www.achimbrueckner.de\/dxradio\/php\/wordpress\/?p=33042","url_meta":{"origin":2406,"position":1},"title":"Andreas Bursche verl\u00e4sst 1LIVE \u2013 Heute startet neue Morningshow","author":"Administrator","date":"July 12, 2021","format":false,"excerpt":"https:\/\/www.radioszene.de\/155713\/andreas-bursche-verlaesst-1live-morningshow.html","rel":"","context":"In &quot;Deutsch&quot;","block_context":{"text":"Deutsch","link":"https:\/\/www.achimbrueckner.de\/dxradio\/php\/wordpress\/?cat=1"},"img":{"alt_text":"","src":"","width":0,"height":0},"classes":[]},{"id":30450,"url":"https:\/\/www.achimbrueckner.de\/dxradio\/php\/wordpress\/?p=30450","url_meta":{"origin":2406,"position":2},"title":"Radio-DJ, der 46 Jahre lang nur einen H\u00f6rer hatte, landet Traumberuf und sendet an Tausende","author":"Administrator","date":"October 16, 2020","format":false,"excerpt":"https:\/\/tekk.tv\/news\/radio-dj-der-46-jahre-lang-nur-einen-horer-hatte-landet-traumberuf-und-sendet-an-tausende\/","rel":"","context":"In &quot;Deutsch&quot;","block_context":{"text":"Deutsch","link":"https:\/\/www.achimbrueckner.de\/dxradio\/php\/wordpress\/?cat=1"},"img":{"alt_text":"","src":"","width":0,"height":0},"classes":[]},{"id":7376,"url":"https:\/\/www.achimbrueckner.de\/dxradio\/php\/wordpress\/?p=7376","url_meta":{"origin":2406,"position":3},"title":"31. Januar 2016 Sonntag ab 10 Uhr MEZ: &#8220;Radio. Menschen &#038; Geschichten&#8221;","author":"Administrator","date":"January 26, 2016","format":false,"excerpt":"Hallo in die Runde, Wir haben ja schon \u00fcber ein neues \"Radio-im-Radio-Magazin\" hier berichtet.. Dieses \"Corona-freie\", Ihr wisst schon. In 5 Tagen geht es dann also los mit Ausgabe 1. In den letzten Tagen hat sich einiges getan. Der Name steht fest: \"Radio. Menschen und Geschichten\". Ne Facebookseite gibt's derweil\u2026","rel":"","context":"In &quot;Deutsch&quot;","block_context":{"text":"Deutsch","link":"https:\/\/www.achimbrueckner.de\/dxradio\/php\/wordpress\/?cat=1"},"img":{"alt_text":"","src":"","width":0,"height":0},"classes":[]},{"id":39645,"url":"https:\/\/www.achimbrueckner.de\/dxradio\/php\/wordpress\/?p=39645","url_meta":{"origin":2406,"position":4},"title":"Radio Forum als Webradio zur\u00fcck!","author":"Administrator","date":"June 13, 2023","format":false,"excerpt":"Radio Forum als Webradio zur\u00fcck! Radio Forum, ein Pionier aus Lothringen, geh\u00f6rte in den 1980iger Jahren zu den Radiostationen, welche gezielt in Richtung Saarland sendeten. Mitte 2023 wurde ein Webstream gestartet: https:\/\/www.radio-forum2.de\/ Radio Forum - Wir H\u00f6ren uns Das Webradio wird von Bernd Sambo betrieben - mit dem ehemaligen UKW-Sender\u2026","rel":"","context":"In &quot;Deutsch&quot;","block_context":{"text":"Deutsch","link":"https:\/\/www.achimbrueckner.de\/dxradio\/php\/wordpress\/?cat=1"},"img":{"alt_text":"","src":"","width":0,"height":0},"classes":[]},{"id":6449,"url":"https:\/\/www.achimbrueckner.de\/dxradio\/php\/wordpress\/?p=6449","url_meta":{"origin":2406,"position":5},"title":"Als Bieber eine Tropfsteinh\u00f6hle hatte JUBIL\u00c4UM Brosch\u00fcre blickt in die Geschichte der Steinbr\u00fcche\/ Volksempf\u00e4nger repariert","author":"Administrator","date":"November 10, 2015","format":false,"excerpt":"http:\/\/www.mittelhessen.de\/lokales\/region-wetzlar_artikel,-Als-Bieber-eine-Tropfsteinhoehle-hatte-_arid,586693.html","rel":"","context":"In &quot;Deutsch&quot;","block_context":{"text":"Deutsch","link":"https:\/\/www.achimbrueckner.de\/dxradio\/php\/wordpress\/?cat=1"},"img":{"alt_text":"","src":"","width":0,"height":0},"classes":[]}],"_links":{"self":[{"href":"https:\/\/www.achimbrueckner.de\/dxradio\/php\/wordpress\/index.php?rest_route=\/wp\/v2\/posts\/2406","targetHints":{"allow":["GET"]}}],"collection":[{"href":"https:\/\/www.achimbrueckner.de\/dxradio\/php\/wordpress\/index.php?rest_route=\/wp\/v2\/posts"}],"about":[{"href":"https:\/\/www.achimbrueckner.de\/dxradio\/php\/wordpress\/index.php?rest_route=\/wp\/v2\/types\/post"}],"author":[{"embeddable":true,"href":"https:\/\/www.achimbrueckner.de\/dxradio\/php\/wordpress\/index.php?rest_route=\/wp\/v2\/users\/1"}],"replies":[{"embeddable":true,"href":"https:\/\/www.achimbrueckner.de\/dxradio\/php\/wordpress\/index.php?rest_route=%2Fwp%2Fv2%2Fcomments&post=2406"}],"version-history":[{"count":0,"href":"https:\/\/www.achimbrueckner.de\/dxradio\/php\/wordpress\/index.php?rest_route=\/wp\/v2\/posts\/2406\/revisions"}],"wp:attachment":[{"href":"https:\/\/www.achimbrueckner.de\/dxradio\/php\/wordpress\/index.php?rest_route=%2Fwp%2Fv2%2Fmedia&parent=2406"}],"wp:term":[{"taxonomy":"category","embeddable":true,"href":"https:\/\/www.achimbrueckner.de\/dxradio\/php\/wordpress\/index.php?rest_route=%2Fwp%2Fv2%2Fcategories&post=2406"},{"taxonomy":"post_tag","embeddable":true,"href":"https:\/\/www.achimbrueckner.de\/dxradio\/php\/wordpress\/index.php?rest_route=%2Fwp%2Fv2%2Ftags&post=2406"}],"curies":[{"name":"wp","href":"https:\/\/api.w.org\/{rel}","templated":true}]}}