{"id":24090,"date":"2019-08-04T13:18:31","date_gmt":"2019-08-04T13:18:31","guid":{"rendered":"https:\/\/www.achimbrueckner.de\/dxradio\/php\/wordpress\/?p=24090"},"modified":"2019-08-04T13:18:31","modified_gmt":"2019-08-04T13:18:31","slug":"hamburgs-erster-burgermeister-und-jan-fedder-ubernehmen-gastrollen-im-radio-hamburg-horspiel-krimi","status":"publish","type":"post","link":"https:\/\/www.achimbrueckner.de\/dxradio\/php\/wordpress\/?p=24090","title":{"rendered":"Hamburgs Erster B\u00fcrgermeister und Jan Fedder \u00fcbernehmen Gastrollen im Radio Hamburg H\u00f6rspiel-Krimi"},"content":{"rendered":"<p><a href=\"http:\/\/www.radiowoche.de\/hamburgs-erster-buergermeister-und-jan-fedder-uebernehmen-gastrollen-im-radio-hamburg-hoerspiel-krimi\/\" rel=\"noopener noreferrer\" target=\"_blank\">http:\/\/www.radiowoche.de\/hamburgs-erster-buergermeister-und-jan-fedder-uebernehmen-gastrollen-im-radio-hamburg-hoerspiel-krimi\/<\/a><\/p>\n","protected":false},"excerpt":{"rendered":"<p>http:\/\/www.radiowoche.de\/hamburgs-erster-buergermeister-und-jan-fedder-uebernehmen-gastrollen-im-radio-hamburg-hoerspiel-krimi\/<\/p>\n","protected":false},"author":1,"featured_media":0,"comment_status":"closed","ping_status":"open","sticky":false,"template":"","format":"standard","meta":{"_jetpack_memberships_contains_paid_content":false,"footnotes":"","jetpack_publicize_message":"","jetpack_publicize_feature_enabled":true,"jetpack_social_post_already_shared":true,"jetpack_social_options":{"image_generator_settings":{"template":"highway","default_image_id":0,"font":"","enabled":false},"version":2}},"categories":[1],"tags":[24],"class_list":["post-24090","post","type-post","status-publish","format-standard","hentry","category-deutsch","tag-am"],"jetpack_publicize_connections":[],"jetpack_featured_media_url":"","jetpack_sharing_enabled":true,"jetpack_shortlink":"https:\/\/wp.me\/p5CDmr-6gy","jetpack-related-posts":[{"id":28499,"url":"https:\/\/www.achimbrueckner.de\/dxradio\/php\/wordpress\/?p=28499","url_meta":{"origin":24090,"position":0},"title":"Plattenl\u00e4den, Tonstudios, Filmmusik Not und Chancen in Hamburgs Musikbranche","author":"Administrator","date":"May 5, 2020","format":false,"excerpt":"https:\/\/www.mopo.de\/hamburg\/plattenlaeden--tonstudios--filmmusik-not-und-chancen-in-hamburgs-musikbranche-36624666","rel":"","context":"In &quot;Deutsch&quot;","block_context":{"text":"Deutsch","link":"https:\/\/www.achimbrueckner.de\/dxradio\/php\/wordpress\/?cat=1"},"img":{"alt_text":"","src":"","width":0,"height":0},"classes":[]},{"id":10993,"url":"https:\/\/www.achimbrueckner.de\/dxradio\/php\/wordpress\/?p=10993","url_meta":{"origin":24090,"position":1},"title":"Beste Aussichten f\u00fcr Hamburgs Fernsehturm","author":"Administrator","date":"November 11, 2016","format":false,"excerpt":"http:\/\/m.abendblatt.de\/hamburg\/article208691871\/Beste-Aussichten-fuer-Hamburgs-Fernsehturm.html","rel":"","context":"In &quot;Deutsch&quot;","block_context":{"text":"Deutsch","link":"https:\/\/www.achimbrueckner.de\/dxradio\/php\/wordpress\/?cat=1"},"img":{"alt_text":"","src":"","width":0,"height":0},"classes":[]},{"id":41798,"url":"https:\/\/www.achimbrueckner.de\/dxradio\/php\/wordpress\/?p=41798","url_meta":{"origin":24090,"position":2},"title":"Rundfunk-Geb\u00fchren: Hamburgs Kultursenator Brosda warnt vor K\u00fcrzungen","author":"Administrator","date":"October 14, 2024","format":false,"excerpt":"https:\/\/www.ndr.de\/nachrichten\/hamburg\/Rundfunk-Gebuehren-Hamburgs-Kultursenator-Brosda-warnt-vor-Kuerzungen,kurzehh9220.html","rel":"","context":"In &quot;Deutsch&quot;","block_context":{"text":"Deutsch","link":"https:\/\/www.achimbrueckner.de\/dxradio\/php\/wordpress\/?cat=1"},"img":{"alt_text":"","src":"","width":0,"height":0},"classes":[]},{"id":17280,"url":"https:\/\/www.achimbrueckner.de\/dxradio\/php\/wordpress\/?p=17280","url_meta":{"origin":24090,"position":3},"title":"Radio Hamburg produziert Krimi-Serie","author":"Administrator","date":"April 9, 2018","format":false,"excerpt":"http:\/\/www.radiowoche.de\/radio-hamburg-produziert-krimiserie\/","rel":"","context":"In &quot;Deutsch&quot;","block_context":{"text":"Deutsch","link":"https:\/\/www.achimbrueckner.de\/dxradio\/php\/wordpress\/?cat=1"},"img":{"alt_text":"","src":"","width":0,"height":0},"classes":[]},{"id":11842,"url":"https:\/\/www.achimbrueckner.de\/dxradio\/php\/wordpress\/?p=11842","url_meta":{"origin":24090,"position":4},"title":"Der Heinrich-Hertz-Turm &#8211; Hamburgs &#8220;Telemichel&#8221;","author":"Administrator","date":"January 23, 2017","format":false,"excerpt":"https:\/\/www.ndr.de\/kultur\/geschichte\/Der-Heinrich-Hertz-Turm-Hamburgs-Telemichel,fernsehturm184.html","rel":"","context":"In &quot;Deutsch&quot;","block_context":{"text":"Deutsch","link":"https:\/\/www.achimbrueckner.de\/dxradio\/php\/wordpress\/?cat=1"},"img":{"alt_text":"","src":"","width":0,"height":0},"classes":[]},{"id":10493,"url":"https:\/\/www.achimbrueckner.de\/dxradio\/php\/wordpress\/?p=10493","url_meta":{"origin":24090,"position":5},"title":"Hamburgs Musiksender 917XFM revolutioniert mobile Radionutzung mit neuer App","author":"Administrator","date":"September 26, 2016","format":false,"excerpt":"http:\/\/www.radiowoche.de\/hamburgs-musiksender-917xfm-revolutioniert-mobile-radionutzung-mit-neuer-app\/","rel":"","context":"In &quot;Deutsch&quot;","block_context":{"text":"Deutsch","link":"https:\/\/www.achimbrueckner.de\/dxradio\/php\/wordpress\/?cat=1"},"img":{"alt_text":"","src":"","width":0,"height":0},"classes":[]}],"_links":{"self":[{"href":"https:\/\/www.achimbrueckner.de\/dxradio\/php\/wordpress\/index.php?rest_route=\/wp\/v2\/posts\/24090","targetHints":{"allow":["GET"]}}],"collection":[{"href":"https:\/\/www.achimbrueckner.de\/dxradio\/php\/wordpress\/index.php?rest_route=\/wp\/v2\/posts"}],"about":[{"href":"https:\/\/www.achimbrueckner.de\/dxradio\/php\/wordpress\/index.php?rest_route=\/wp\/v2\/types\/post"}],"author":[{"embeddable":true,"href":"https:\/\/www.achimbrueckner.de\/dxradio\/php\/wordpress\/index.php?rest_route=\/wp\/v2\/users\/1"}],"replies":[{"embeddable":true,"href":"https:\/\/www.achimbrueckner.de\/dxradio\/php\/wordpress\/index.php?rest_route=%2Fwp%2Fv2%2Fcomments&post=24090"}],"version-history":[{"count":0,"href":"https:\/\/www.achimbrueckner.de\/dxradio\/php\/wordpress\/index.php?rest_route=\/wp\/v2\/posts\/24090\/revisions"}],"wp:attachment":[{"href":"https:\/\/www.achimbrueckner.de\/dxradio\/php\/wordpress\/index.php?rest_route=%2Fwp%2Fv2%2Fmedia&parent=24090"}],"wp:term":[{"taxonomy":"category","embeddable":true,"href":"https:\/\/www.achimbrueckner.de\/dxradio\/php\/wordpress\/index.php?rest_route=%2Fwp%2Fv2%2Fcategories&post=24090"},{"taxonomy":"post_tag","embeddable":true,"href":"https:\/\/www.achimbrueckner.de\/dxradio\/php\/wordpress\/index.php?rest_route=%2Fwp%2Fv2%2Ftags&post=24090"}],"curies":[{"name":"wp","href":"https:\/\/api.w.org\/{rel}","templated":true}]}}