{"id":24265,"date":"2019-08-16T10:16:27","date_gmt":"2019-08-16T10:16:27","guid":{"rendered":"https:\/\/www.achimbrueckner.de\/dxradio\/php\/wordpress\/?p=24265"},"modified":"2019-08-16T10:16:27","modified_gmt":"2019-08-16T10:16:27","slug":"upfronts-bilanz-das-werbe-wunder-von-new-york","status":"publish","type":"post","link":"https:\/\/www.achimbrueckner.de\/dxradio\/php\/wordpress\/?p=24265","title":{"rendered":"Upfronts-Bilanz: Das Werbe-Wunder von New York"},"content":{"rendered":"<p><a href=\"https:\/\/www.dwdl.de\/usupdate\/73583\/upfrontsbilanz_das_werbewunder_von_new_york\/\" rel=\"noopener noreferrer\" target=\"_blank\">https:\/\/www.dwdl.de\/usupdate\/73583\/upfrontsbilanz_das_werbewunder_von_new_york\/<\/a><\/p>\n","protected":false},"excerpt":{"rendered":"<p>https:\/\/www.dwdl.de\/usupdate\/73583\/upfrontsbilanz_das_werbewunder_von_new_york\/<\/p>\n","protected":false},"author":1,"featured_media":0,"comment_status":"closed","ping_status":"open","sticky":false,"template":"","format":"standard","meta":{"_jetpack_memberships_contains_paid_content":false,"footnotes":"","jetpack_publicize_message":"","jetpack_publicize_feature_enabled":true,"jetpack_social_post_already_shared":true,"jetpack_social_options":{"image_generator_settings":{"template":"highway","default_image_id":0,"font":"","enabled":false},"version":2}},"categories":[1],"tags":[],"class_list":["post-24265","post","type-post","status-publish","format-standard","hentry","category-deutsch"],"jetpack_publicize_connections":[],"jetpack_featured_media_url":"","jetpack_sharing_enabled":true,"jetpack_shortlink":"https:\/\/wp.me\/p5CDmr-6jn","jetpack-related-posts":[{"id":29308,"url":"https:\/\/www.achimbrueckner.de\/dxradio\/php\/wordpress\/?p=29308","url_meta":{"origin":24265,"position":0},"title":"Corona rei\u00dft gro\u00dfe L\u00fccke ZDF erwartet Werbe-Minus in H\u00f6he von 40 Millionen Euro","author":"Administrator","date":"July 4, 2020","format":false,"excerpt":"https:\/\/www.dwdl.de\/nachrichten\/78354\/zdf_erwartet_werbeminus_in_hoehe_von_40_millionen_euro\/","rel":"","context":"In &quot;Deutsch&quot;","block_context":{"text":"Deutsch","link":"https:\/\/www.achimbrueckner.de\/dxradio\/php\/wordpress\/?cat=1"},"img":{"alt_text":"","src":"","width":0,"height":0},"classes":[]},{"id":36506,"url":"https:\/\/www.achimbrueckner.de\/dxradio\/php\/wordpress\/?p=36506","url_meta":{"origin":24265,"position":1},"title":"Saison-Bilanz 2021\/22 Das Erste: Verl\u00e4ssliche Pfeiler, mehr Raum f\u00fcr Innovation","author":"Administrator","date":"June 8, 2022","format":false,"excerpt":"https:\/\/www.dwdl.de\/magazin\/88219\/das_erste_verlaessliche_pfeiler_mehr_raum_fuer_innovation\/","rel":"","context":"In &quot;Deutsch&quot;","block_context":{"text":"Deutsch","link":"https:\/\/www.achimbrueckner.de\/dxradio\/php\/wordpress\/?cat=1"},"img":{"alt_text":"","src":"","width":0,"height":0},"classes":[]},{"id":28602,"url":"https:\/\/www.achimbrueckner.de\/dxradio\/php\/wordpress\/?p=28602","url_meta":{"origin":24265,"position":2},"title":"US-Upfronts 2020\/21 Nachschub-Problem: So wurstelt sich Fox durch den Herbst","author":"Administrator","date":"May 11, 2020","format":false,"excerpt":"https:\/\/www.dwdl.de\/nachrichten\/77590\/nachschubproblem_so_wurstelt_sich_fox_durch_den_herbst\/","rel":"","context":"In &quot;Deutsch&quot;","block_context":{"text":"Deutsch","link":"https:\/\/www.achimbrueckner.de\/dxradio\/php\/wordpress\/?cat=1"},"img":{"alt_text":"","src":"","width":0,"height":0},"classes":[]},{"id":36551,"url":"https:\/\/www.achimbrueckner.de\/dxradio\/php\/wordpress\/?p=36551","url_meta":{"origin":24265,"position":3},"title":"Saison-Bilanz 2021\/22 ProSieben-Bilanz: Gro\u00dfe Show-Hits alleine reichen nicht","author":"Administrator","date":"June 13, 2022","format":false,"excerpt":"https:\/\/www.dwdl.de\/magazin\/88282\/prosiebenbilanz_grosse_showhits_alleine_reichen_nicht\/","rel":"","context":"In &quot;Deutsch&quot;","block_context":{"text":"Deutsch","link":"https:\/\/www.achimbrueckner.de\/dxradio\/php\/wordpress\/?cat=1"},"img":{"alt_text":"","src":"","width":0,"height":0},"classes":[]},{"id":17540,"url":"https:\/\/www.achimbrueckner.de\/dxradio\/php\/wordpress\/?p=17540","url_meta":{"origin":24265,"position":4},"title":"Die \u00d6ffentlich-Rechtlichen als Werbe-Plattform f\u00fcr Facebook?","author":"Administrator","date":"April 29, 2018","format":false,"excerpt":"https:\/\/www.dwdl.de\/hoffzumsonntag\/66687\/die_ffentlichrechtlichen_als_werbeplattform_fr_facebook\/","rel":"","context":"In &quot;Deutsch&quot;","block_context":{"text":"Deutsch","link":"https:\/\/www.achimbrueckner.de\/dxradio\/php\/wordpress\/?cat=1"},"img":{"alt_text":"","src":"","width":0,"height":0},"classes":[]},{"id":29268,"url":"https:\/\/www.achimbrueckner.de\/dxradio\/php\/wordpress\/?p=29268","url_meta":{"origin":24265,"position":5},"title":"Social Network steht in der Kritik Facebook: News-Feed-\u00c4nderung und Werbe-Boykott","author":"Administrator","date":"July 1, 2020","format":false,"excerpt":"https:\/\/www.dwdl.de\/nachrichten\/78311\/facebook_newsfeedaenderung_und_werbeboykott\/","rel":"","context":"In &quot;Deutsch&quot;","block_context":{"text":"Deutsch","link":"https:\/\/www.achimbrueckner.de\/dxradio\/php\/wordpress\/?cat=1"},"img":{"alt_text":"","src":"","width":0,"height":0},"classes":[]}],"_links":{"self":[{"href":"https:\/\/www.achimbrueckner.de\/dxradio\/php\/wordpress\/index.php?rest_route=\/wp\/v2\/posts\/24265","targetHints":{"allow":["GET"]}}],"collection":[{"href":"https:\/\/www.achimbrueckner.de\/dxradio\/php\/wordpress\/index.php?rest_route=\/wp\/v2\/posts"}],"about":[{"href":"https:\/\/www.achimbrueckner.de\/dxradio\/php\/wordpress\/index.php?rest_route=\/wp\/v2\/types\/post"}],"author":[{"embeddable":true,"href":"https:\/\/www.achimbrueckner.de\/dxradio\/php\/wordpress\/index.php?rest_route=\/wp\/v2\/users\/1"}],"replies":[{"embeddable":true,"href":"https:\/\/www.achimbrueckner.de\/dxradio\/php\/wordpress\/index.php?rest_route=%2Fwp%2Fv2%2Fcomments&post=24265"}],"version-history":[{"count":0,"href":"https:\/\/www.achimbrueckner.de\/dxradio\/php\/wordpress\/index.php?rest_route=\/wp\/v2\/posts\/24265\/revisions"}],"wp:attachment":[{"href":"https:\/\/www.achimbrueckner.de\/dxradio\/php\/wordpress\/index.php?rest_route=%2Fwp%2Fv2%2Fmedia&parent=24265"}],"wp:term":[{"taxonomy":"category","embeddable":true,"href":"https:\/\/www.achimbrueckner.de\/dxradio\/php\/wordpress\/index.php?rest_route=%2Fwp%2Fv2%2Fcategories&post=24265"},{"taxonomy":"post_tag","embeddable":true,"href":"https:\/\/www.achimbrueckner.de\/dxradio\/php\/wordpress\/index.php?rest_route=%2Fwp%2Fv2%2Ftags&post=24265"}],"curies":[{"name":"wp","href":"https:\/\/api.w.org\/{rel}","templated":true}]}}