{"id":2427,"date":"2013-03-23T06:50:58","date_gmt":"2013-03-23T06:50:58","guid":{"rendered":"https:\/\/www.achimbrueckner.de\/dxradio\/php\/wordpress\/?p=2427"},"modified":"2013-03-23T06:50:58","modified_gmt":"2013-03-23T06:50:58","slug":"dx-camp-dobriach-2013","status":"publish","type":"post","link":"https:\/\/www.achimbrueckner.de\/dxradio\/php\/wordpress\/?p=2427","title":{"rendered":"DX-Camp D\u00f6briach 2013"},"content":{"rendered":"<p>DX-Camp D\u00f6briach 2013!!!<\/p>\n<p>Termin 2013: Samstag, 29. Juni bis Samstag, 13. Juli 2013<\/p>\n<p><a href=\"http:\/\/www.dxcamp.org\/\" target=\"_blank\">http:\/\/www.dxcamp.org\/<\/a><\/p>\n","protected":false},"excerpt":{"rendered":"<p>DX-Camp D\u00f6briach 2013!!! Termin 2013: Samstag, 29. Juni bis Samstag, 13. Juli 2013 http:\/\/www.dxcamp.org\/<\/p>\n","protected":false},"author":1,"featured_media":0,"comment_status":"open","ping_status":"open","sticky":false,"template":"","format":"standard","meta":{"_jetpack_memberships_contains_paid_content":false,"footnotes":"","jetpack_publicize_message":"","jetpack_publicize_feature_enabled":true,"jetpack_social_post_already_shared":false,"jetpack_social_options":{"image_generator_settings":{"template":"highway","default_image_id":0,"font":"","enabled":false},"version":2}},"categories":[5],"tags":[24,26,40],"class_list":["post-2427","post","type-post","status-publish","format-standard","hentry","category-camps","tag-am","tag-camp","tag-dx"],"jetpack_publicize_connections":[],"jetpack_featured_media_url":"","jetpack_sharing_enabled":true,"jetpack_shortlink":"https:\/\/wp.me\/p5CDmr-D9","jetpack-related-posts":[{"id":3697,"url":"https:\/\/www.achimbrueckner.de\/dxradio\/php\/wordpress\/?p=3697","url_meta":{"origin":2427,"position":0},"title":"DX-Camp D\u00f6briach 2015!!!  Termin 2015: Samstag, 4. bis Samstag, 18. Juli 2015","author":"Administrator","date":"October 22, 2014","format":false,"excerpt":"http:\/\/www.dxcamp.org\/","rel":"","context":"In &quot;camps&quot;","block_context":{"text":"camps","link":"https:\/\/www.achimbrueckner.de\/dxradio\/php\/wordpress\/?cat=5"},"img":{"alt_text":"","src":"","width":0,"height":0},"classes":[]},{"id":5088,"url":"https:\/\/www.achimbrueckner.de\/dxradio\/php\/wordpress\/?p=5088","url_meta":{"origin":2427,"position":1},"title":"DX-Camp D\u00f6briach 2015!!!  Termin 2015: Samstag, 4. bis Samstag, 18. Juli 2015","author":"Administrator","date":"July 2, 2015","format":false,"excerpt":"http:\/\/dxcamp.org\/","rel":"","context":"In &quot;camps&quot;","block_context":{"text":"camps","link":"https:\/\/www.achimbrueckner.de\/dxradio\/php\/wordpress\/?cat=5"},"img":{"alt_text":"","src":"","width":0,"height":0},"classes":[]},{"id":1632,"url":"https:\/\/www.achimbrueckner.de\/dxradio\/php\/wordpress\/?p=1632","url_meta":{"origin":2427,"position":2},"title":"DX Camp D\u00f6briach 2011","author":"Administrator","date":"July 2, 2011","format":false,"excerpt":"DX-Camp D\u00f6briach - Heuer wieder in D\u00f6briach!!! Termin 2011: 9.7. bis 24.7. 2011 http:\/\/dxcamp.org\/","rel":"","context":"In &quot;camps&quot;","block_context":{"text":"camps","link":"https:\/\/www.achimbrueckner.de\/dxradio\/php\/wordpress\/?cat=5"},"img":{"alt_text":"","src":"","width":0,"height":0},"classes":[]},{"id":8805,"url":"https:\/\/www.achimbrueckner.de\/dxradio\/php\/wordpress\/?p=8805","url_meta":{"origin":2427,"position":3},"title":"DX-Camp D\u00f6briach &#8211; 30. Juli bis 13. August 2016","author":"Administrator","date":"July 13, 2016","format":false,"excerpt":"Zur Erinnerung: Das diesj\u00e4hrige Hobbytreffen am K\u00e4rntner Millst\u00e4ttersee findet vom 30. Juli bis 13. August statt! Auch Kurzentschlossene sind herzlich willkommen! Es gibt vielleicht DX-Camps, in denen mehr Logs produziert werden, wer aber Hobby und Ferien im Kreise Gleichgesinnter machen m\u00f6chte, neben dem DX-Hobby etwas f\u00fcr Lagerfeuerromantik, gemeinsame Unternehmungen und\u2026","rel":"","context":"In &quot;camps&quot;","block_context":{"text":"camps","link":"https:\/\/www.achimbrueckner.de\/dxradio\/php\/wordpress\/?cat=5"},"img":{"alt_text":"","src":"","width":0,"height":0},"classes":[]},{"id":5113,"url":"https:\/\/www.achimbrueckner.de\/dxradio\/php\/wordpress\/?p=5113","url_meta":{"origin":2427,"position":4},"title":"DX-Camp D\u00f6briach: Radio was my first love","author":"Administrator","date":"July 5, 2015","format":false,"excerpt":"https:\/\/smartphonefan.wordpress.com\/2015\/07\/05\/dx-camp-dobriach-radio-was-my-first-love\/","rel":"","context":"In &quot;camps&quot;","block_context":{"text":"camps","link":"https:\/\/www.achimbrueckner.de\/dxradio\/php\/wordpress\/?cat=5"},"img":{"alt_text":"","src":"","width":0,"height":0},"classes":[]},{"id":2375,"url":"https:\/\/www.achimbrueckner.de\/dxradio\/php\/wordpress\/?p=2375","url_meta":{"origin":2427,"position":5},"title":"6. bis zum 10. M\u00e4rz 2013 Wintercamp der RADIOFREUNDE NRW","author":"Administrator","date":"January 26, 2013","format":false,"excerpt":"Hallo liebe YL und OM, vom 6. bis zum 10. M\u00e4rz findet das Wintercamp der RADIOFREUNDE NRW im Naturfreundehaus Holzerbachtal in Solingen, Ortsteil Solingen-Wald statt. Dort treffen sich bis zu 10 DXer zum H\u00f6ren, Fachsimpeln und gem\u00fctlichen Beisammensein. Die 10 Pl\u00e4tze waren diesmal in einer guten Woche ausgebucht. Tagesbesucher sind\u2026","rel":"","context":"In &quot;camps&quot;","block_context":{"text":"camps","link":"https:\/\/www.achimbrueckner.de\/dxradio\/php\/wordpress\/?cat=5"},"img":{"alt_text":"","src":"","width":0,"height":0},"classes":[]}],"_links":{"self":[{"href":"https:\/\/www.achimbrueckner.de\/dxradio\/php\/wordpress\/index.php?rest_route=\/wp\/v2\/posts\/2427","targetHints":{"allow":["GET"]}}],"collection":[{"href":"https:\/\/www.achimbrueckner.de\/dxradio\/php\/wordpress\/index.php?rest_route=\/wp\/v2\/posts"}],"about":[{"href":"https:\/\/www.achimbrueckner.de\/dxradio\/php\/wordpress\/index.php?rest_route=\/wp\/v2\/types\/post"}],"author":[{"embeddable":true,"href":"https:\/\/www.achimbrueckner.de\/dxradio\/php\/wordpress\/index.php?rest_route=\/wp\/v2\/users\/1"}],"replies":[{"embeddable":true,"href":"https:\/\/www.achimbrueckner.de\/dxradio\/php\/wordpress\/index.php?rest_route=%2Fwp%2Fv2%2Fcomments&post=2427"}],"version-history":[{"count":0,"href":"https:\/\/www.achimbrueckner.de\/dxradio\/php\/wordpress\/index.php?rest_route=\/wp\/v2\/posts\/2427\/revisions"}],"wp:attachment":[{"href":"https:\/\/www.achimbrueckner.de\/dxradio\/php\/wordpress\/index.php?rest_route=%2Fwp%2Fv2%2Fmedia&parent=2427"}],"wp:term":[{"taxonomy":"category","embeddable":true,"href":"https:\/\/www.achimbrueckner.de\/dxradio\/php\/wordpress\/index.php?rest_route=%2Fwp%2Fv2%2Fcategories&post=2427"},{"taxonomy":"post_tag","embeddable":true,"href":"https:\/\/www.achimbrueckner.de\/dxradio\/php\/wordpress\/index.php?rest_route=%2Fwp%2Fv2%2Ftags&post=2427"}],"curies":[{"name":"wp","href":"https:\/\/api.w.org\/{rel}","templated":true}]}}