{"id":24293,"date":"2019-08-18T09:40:17","date_gmt":"2019-08-18T09:40:17","guid":{"rendered":"https:\/\/www.achimbrueckner.de\/dxradio\/php\/wordpress\/?p=24293"},"modified":"2019-08-18T09:40:17","modified_gmt":"2019-08-18T09:40:17","slug":"nachrichtenagentur-dpa-feiert-jubilaum-70-jahr-alles-wahr","status":"publish","type":"post","link":"https:\/\/www.achimbrueckner.de\/dxradio\/php\/wordpress\/?p=24293","title":{"rendered":"Nachrichtenagentur dpa feiert Jubil\u00e4um 70 Jahr, alles wahr?"},"content":{"rendered":"<p><a href=\"https:\/\/taz.de\/Nachrichtenagentur-dpa-feiert-Jubilaeum\/!5615872\/\" rel=\"noopener noreferrer\" target=\"_blank\">https:\/\/taz.de\/Nachrichtenagentur-dpa-feiert-Jubilaeum\/!5615872\/<\/a><\/p>\n","protected":false},"excerpt":{"rendered":"<p>https:\/\/taz.de\/Nachrichtenagentur-dpa-feiert-Jubilaeum\/!5615872\/<\/p>\n","protected":false},"author":1,"featured_media":0,"comment_status":"closed","ping_status":"open","sticky":false,"template":"","format":"standard","meta":{"_jetpack_memberships_contains_paid_content":false,"footnotes":"","jetpack_publicize_message":"","jetpack_publicize_feature_enabled":true,"jetpack_social_post_already_shared":true,"jetpack_social_options":{"image_generator_settings":{"template":"highway","default_image_id":0,"font":"","enabled":false},"version":2}},"categories":[1],"tags":[],"class_list":["post-24293","post","type-post","status-publish","format-standard","hentry","category-deutsch"],"jetpack_publicize_connections":[],"jetpack_featured_media_url":"","jetpack_sharing_enabled":true,"jetpack_shortlink":"https:\/\/wp.me\/p5CDmr-6jP","jetpack-related-posts":[{"id":32131,"url":"https:\/\/www.achimbrueckner.de\/dxradio\/php\/wordpress\/?p=32131","url_meta":{"origin":24293,"position":0},"title":"Die SRG feiert ihr 90-Jahr-Jubil\u00e4um","author":"Administrator","date":"February 26, 2021","format":false,"excerpt":"https:\/\/www.srgssr.ch\/de\/news-medien\/news\/die-srg-feiert-ihr-90-jahr-jubilaeum","rel":"","context":"In &quot;Deutsch&quot;","block_context":{"text":"Deutsch","link":"https:\/\/www.achimbrueckner.de\/dxradio\/php\/wordpress\/?cat=1"},"img":{"alt_text":"","src":"","width":0,"height":0},"classes":[]},{"id":14406,"url":"https:\/\/www.achimbrueckner.de\/dxradio\/php\/wordpress\/?p=14406","url_meta":{"origin":24293,"position":1},"title":"Erfolgssender Radio RSG feiert Jubil\u00e4um","author":"Administrator","date":"September 3, 2017","format":false,"excerpt":"https:\/\/www.rga.de\/lokales\/remscheid\/erfolgssender-radio-feiert-jahre-jubilaeum-8641055.html","rel":"","context":"In &quot;Deutsch&quot;","block_context":{"text":"Deutsch","link":"https:\/\/www.achimbrueckner.de\/dxradio\/php\/wordpress\/?cat=1"},"img":{"alt_text":"","src":"","width":0,"height":0},"classes":[]},{"id":43668,"url":"https:\/\/www.achimbrueckner.de\/dxradio\/php\/wordpress\/?p=43668","url_meta":{"origin":24293,"position":2},"title":"Jubil\u00e4um: rbb24 Inforadio feiert 30. Geburtstag","author":"Administrator","date":"August 28, 2025","format":false,"excerpt":"https:\/\/www.radioblog.eu\/2025\/08\/27\/jubilaeum-rbb24-inforadio-feiert-30-geburtstag\/","rel":"","context":"In &quot;Deutsch&quot;","block_context":{"text":"Deutsch","link":"https:\/\/www.achimbrueckner.de\/dxradio\/php\/wordpress\/?cat=1"},"img":{"alt_text":"","src":"","width":0,"height":0},"classes":[]},{"id":43949,"url":"https:\/\/www.achimbrueckner.de\/dxradio\/php\/wordpress\/?p=43949","url_meta":{"origin":24293,"position":3},"title":"Radio Berg feiert 30-j\u00e4hriges Jubil\u00e4um","author":"Administrator","date":"October 6, 2025","format":false,"excerpt":"https:\/\/www.radioblog.eu\/2025\/10\/04\/radio-berg-feiert-30-jaehriges-jubilaeum\/","rel":"","context":"In &quot;Deutsch&quot;","block_context":{"text":"Deutsch","link":"https:\/\/www.achimbrueckner.de\/dxradio\/php\/wordpress\/?cat=1"},"img":{"alt_text":"","src":"","width":0,"height":0},"classes":[]},{"id":45430,"url":"https:\/\/www.achimbrueckner.de\/dxradio\/php\/wordpress\/?p=45430","url_meta":{"origin":24293,"position":4},"title":"Bremen Eins feiert 25-j\u00e4hriges Jubil\u00e4um","author":"Administrator","date":"April 13, 2026","format":false,"excerpt":"https:\/\/www.radioblog.eu\/2026\/04\/13\/bremen-eins-feiert-25-jaehriges-jubilaeum\/","rel":"","context":"In &quot;Deutsch&quot;","block_context":{"text":"Deutsch","link":"https:\/\/www.achimbrueckner.de\/dxradio\/php\/wordpress\/?cat=1"},"img":{"alt_text":"","src":"","width":0,"height":0},"classes":[]},{"id":29951,"url":"https:\/\/www.achimbrueckner.de\/dxradio\/php\/wordpress\/?p=29951","url_meta":{"origin":24293,"position":5},"title":"Robert Kratky feiert 30-j\u00e4hriges \u00d63-Jubil\u00e4um","author":"Administrator","date":"September 7, 2020","format":false,"excerpt":"https:\/\/www.smartphonefan.de\/2020\/09\/07\/robert-kratky-feiert-30-jaehriges-oe3-jubilaeum\/","rel":"","context":"In &quot;Deutsch&quot;","block_context":{"text":"Deutsch","link":"https:\/\/www.achimbrueckner.de\/dxradio\/php\/wordpress\/?cat=1"},"img":{"alt_text":"","src":"","width":0,"height":0},"classes":[]}],"_links":{"self":[{"href":"https:\/\/www.achimbrueckner.de\/dxradio\/php\/wordpress\/index.php?rest_route=\/wp\/v2\/posts\/24293","targetHints":{"allow":["GET"]}}],"collection":[{"href":"https:\/\/www.achimbrueckner.de\/dxradio\/php\/wordpress\/index.php?rest_route=\/wp\/v2\/posts"}],"about":[{"href":"https:\/\/www.achimbrueckner.de\/dxradio\/php\/wordpress\/index.php?rest_route=\/wp\/v2\/types\/post"}],"author":[{"embeddable":true,"href":"https:\/\/www.achimbrueckner.de\/dxradio\/php\/wordpress\/index.php?rest_route=\/wp\/v2\/users\/1"}],"replies":[{"embeddable":true,"href":"https:\/\/www.achimbrueckner.de\/dxradio\/php\/wordpress\/index.php?rest_route=%2Fwp%2Fv2%2Fcomments&post=24293"}],"version-history":[{"count":0,"href":"https:\/\/www.achimbrueckner.de\/dxradio\/php\/wordpress\/index.php?rest_route=\/wp\/v2\/posts\/24293\/revisions"}],"wp:attachment":[{"href":"https:\/\/www.achimbrueckner.de\/dxradio\/php\/wordpress\/index.php?rest_route=%2Fwp%2Fv2%2Fmedia&parent=24293"}],"wp:term":[{"taxonomy":"category","embeddable":true,"href":"https:\/\/www.achimbrueckner.de\/dxradio\/php\/wordpress\/index.php?rest_route=%2Fwp%2Fv2%2Fcategories&post=24293"},{"taxonomy":"post_tag","embeddable":true,"href":"https:\/\/www.achimbrueckner.de\/dxradio\/php\/wordpress\/index.php?rest_route=%2Fwp%2Fv2%2Ftags&post=24293"}],"curies":[{"name":"wp","href":"https:\/\/api.w.org\/{rel}","templated":true}]}}