{"id":2433,"date":"2013-03-27T08:18:35","date_gmt":"2013-03-27T08:18:35","guid":{"rendered":"https:\/\/www.achimbrueckner.de\/dxradio\/php\/wordpress\/?p=2433"},"modified":"2013-03-27T08:18:35","modified_gmt":"2013-03-27T08:18:35","slug":"ebu-will-ukw-digitalisieren","status":"publish","type":"post","link":"https:\/\/www.achimbrueckner.de\/dxradio\/php\/wordpress\/?p=2433","title":{"rendered":"EBU will UKW digitalisieren"},"content":{"rendered":"<p>EBU will UKW digitalisieren<\/p>\n<p><a href=\"http:\/\/www.rein-hoeren.de\/radio\/drm\/2013\/ebu-will-ukw-digitalisieren\/1704\" target=\"_blank\">http:\/\/www.rein-hoeren.de\/radio\/drm\/2013\/ebu-will-ukw-digitalisieren\/1704<\/a><\/p>\n","protected":false},"excerpt":{"rendered":"<p>EBU will UKW digitalisieren http:\/\/www.rein-hoeren.de\/radio\/drm\/2013\/ebu-will-ukw-digitalisieren\/1704<\/p>\n","protected":false},"author":1,"featured_media":0,"comment_status":"open","ping_status":"open","sticky":false,"template":"","format":"standard","meta":{"_jetpack_memberships_contains_paid_content":false,"footnotes":"","jetpack_publicize_message":"","jetpack_publicize_feature_enabled":true,"jetpack_social_post_already_shared":false,"jetpack_social_options":{"image_generator_settings":{"template":"highway","default_image_id":0,"font":"","enabled":false},"version":2}},"categories":[1],"tags":[27],"class_list":["post-2433","post","type-post","status-publish","format-standard","hentry","category-deutsch","tag-ukw"],"jetpack_publicize_connections":[],"jetpack_featured_media_url":"","jetpack_sharing_enabled":true,"jetpack_shortlink":"https:\/\/wp.me\/p5CDmr-Df","jetpack-related-posts":[{"id":4604,"url":"https:\/\/www.achimbrueckner.de\/dxradio\/php\/wordpress\/?p=4604","url_meta":{"origin":2433,"position":0},"title":"UKW, DAB+ und DRM+ in einer App: Wavesink plus im Test","author":"Administrator","date":"May 13, 2015","format":false,"excerpt":"http:\/\/www.rein-hoeren.de\/content\/ukw-dab-und-drm-einer-app-wavesink-plus-im-test","rel":"","context":"In &quot;Deutsch&quot;","block_context":{"text":"Deutsch","link":"https:\/\/www.achimbrueckner.de\/dxradio\/php\/wordpress\/?cat=1"},"img":{"alt_text":"","src":"","width":0,"height":0},"classes":[]},{"id":8006,"url":"https:\/\/www.achimbrueckner.de\/dxradio\/php\/wordpress\/?p=8006","url_meta":{"origin":2433,"position":1},"title":"DAB+-\/UKW-Radio im Miniformat f\u00fcr unterwegs","author":"Administrator","date":"April 9, 2016","format":false,"excerpt":"http:\/\/www.rein-hoeren.de\/radio\/dabplus\/albrecht\/dr-72\/1971","rel":"","context":"In &quot;Deutsch&quot;","block_context":{"text":"Deutsch","link":"https:\/\/www.achimbrueckner.de\/dxradio\/php\/wordpress\/?cat=1"},"img":{"alt_text":"","src":"","width":0,"height":0},"classes":[]},{"id":1532,"url":"https:\/\/www.achimbrueckner.de\/dxradio\/php\/wordpress\/?p=1532","url_meta":{"origin":2433,"position":2},"title":"Rundfunk auf UKW","author":"Administrator","date":"May 4, 2011","format":false,"excerpt":"Rundfunk auf UKW http:\/\/www.rein-hoeren.de\/content\/rundfunk-auf-ukw","rel":"","context":"In &quot;Deutsch&quot;","block_context":{"text":"Deutsch","link":"https:\/\/www.achimbrueckner.de\/dxradio\/php\/wordpress\/?cat=1"},"img":{"alt_text":"","src":"","width":0,"height":0},"classes":[]},{"id":1488,"url":"https:\/\/www.achimbrueckner.de\/dxradio\/php\/wordpress\/?p=1488","url_meta":{"origin":2433,"position":3},"title":"Laufzeitverl\u00e4ngerung f\u00fcr UKW","author":"Administrator","date":"April 20, 2011","format":false,"excerpt":"Laufzeitverl\u00e4ngerung f\u00fcr UKW http:\/\/www.rein-hoeren.de\/content\/laufzeitverl%C3%A4ngerung-f%C3%BCr-ukw","rel":"","context":"In &quot;Deutsch&quot;","block_context":{"text":"Deutsch","link":"https:\/\/www.achimbrueckner.de\/dxradio\/php\/wordpress\/?cat=1"},"img":{"alt_text":"","src":"","width":0,"height":0},"classes":[]},{"id":3728,"url":"https:\/\/www.achimbrueckner.de\/dxradio\/php\/wordpress\/?p=3728","url_meta":{"origin":2433,"position":4},"title":"Glaubensfrage UKW-Abschaltung","author":"Administrator","date":"November 4, 2014","format":false,"excerpt":"http:\/\/www.rein-hoeren.de\/dabplus\/deutschland\/2014\/glaubensfrage-ukw\/1817","rel":"","context":"In &quot;Deutsch&quot;","block_context":{"text":"Deutsch","link":"https:\/\/www.achimbrueckner.de\/dxradio\/php\/wordpress\/?cat=1"},"img":{"alt_text":"","src":"","width":0,"height":0},"classes":[]},{"id":7791,"url":"https:\/\/www.achimbrueckner.de\/dxradio\/php\/wordpress\/?p=7791","url_meta":{"origin":2433,"position":5},"title":"UKW-Abschied in Norwegen r\u00fcckt n\u00e4her","author":"Administrator","date":"March 8, 2016","format":false,"excerpt":"http:\/\/www.rein-hoeren.de\/dabplus\/norwegen\/2016\/ukw-abschaltung\/1965","rel":"","context":"In &quot;Deutsch&quot;","block_context":{"text":"Deutsch","link":"https:\/\/www.achimbrueckner.de\/dxradio\/php\/wordpress\/?cat=1"},"img":{"alt_text":"","src":"","width":0,"height":0},"classes":[]}],"_links":{"self":[{"href":"https:\/\/www.achimbrueckner.de\/dxradio\/php\/wordpress\/index.php?rest_route=\/wp\/v2\/posts\/2433","targetHints":{"allow":["GET"]}}],"collection":[{"href":"https:\/\/www.achimbrueckner.de\/dxradio\/php\/wordpress\/index.php?rest_route=\/wp\/v2\/posts"}],"about":[{"href":"https:\/\/www.achimbrueckner.de\/dxradio\/php\/wordpress\/index.php?rest_route=\/wp\/v2\/types\/post"}],"author":[{"embeddable":true,"href":"https:\/\/www.achimbrueckner.de\/dxradio\/php\/wordpress\/index.php?rest_route=\/wp\/v2\/users\/1"}],"replies":[{"embeddable":true,"href":"https:\/\/www.achimbrueckner.de\/dxradio\/php\/wordpress\/index.php?rest_route=%2Fwp%2Fv2%2Fcomments&post=2433"}],"version-history":[{"count":0,"href":"https:\/\/www.achimbrueckner.de\/dxradio\/php\/wordpress\/index.php?rest_route=\/wp\/v2\/posts\/2433\/revisions"}],"wp:attachment":[{"href":"https:\/\/www.achimbrueckner.de\/dxradio\/php\/wordpress\/index.php?rest_route=%2Fwp%2Fv2%2Fmedia&parent=2433"}],"wp:term":[{"taxonomy":"category","embeddable":true,"href":"https:\/\/www.achimbrueckner.de\/dxradio\/php\/wordpress\/index.php?rest_route=%2Fwp%2Fv2%2Fcategories&post=2433"},{"taxonomy":"post_tag","embeddable":true,"href":"https:\/\/www.achimbrueckner.de\/dxradio\/php\/wordpress\/index.php?rest_route=%2Fwp%2Fv2%2Ftags&post=2433"}],"curies":[{"name":"wp","href":"https:\/\/api.w.org\/{rel}","templated":true}]}}