{"id":2434,"date":"2013-03-27T14:57:45","date_gmt":"2013-03-27T14:57:45","guid":{"rendered":"https:\/\/www.achimbrueckner.de\/dxradio\/php\/wordpress\/?p=2434"},"modified":"2013-03-27T14:57:45","modified_gmt":"2013-03-27T14:57:45","slug":"the-ronny-b-goode-show","status":"publish","type":"post","link":"https:\/\/www.achimbrueckner.de\/dxradio\/php\/wordpress\/?p=2434","title":{"rendered":"The Ronny B Goode Show"},"content":{"rendered":"<p>Ronny von Radio Oesteraker hat Interesse an Empfangsresultaten seiner Sendung am Mittwoch ueber 1485 kHz. -> info@rock.x.se<\/p>\n<p>Ansonsten auch<br \/>\n<a href=\"http:\/\/lyssna.osteraker.se\/live-mp3-128\" target=\"_blank\">http:\/\/lyssna.osteraker.se\/live-mp3-128<\/a><br \/>\n<a href=\"http:\/\/lyssna.osteraker.se\/live-320\" target=\"_blank\">http:\/\/lyssna.osteraker.se\/live-320<\/a><br \/>\nWednesday+Sunday 18-19.00utc<\/p>\n<p>Info via <a href=\"http:\/\/www.ratzer.at\" target=\"_blank\">Net-Radio<\/a><\/p>\n","protected":false},"excerpt":{"rendered":"<p>Ronny von Radio Oesteraker hat Interesse an Empfangsresultaten seiner Sendung am Mittwoch ueber 1485 kHz. -> info@rock.x.se Ansonsten auch http:\/\/lyssna.osteraker.se\/live-mp3-128 http:\/\/lyssna.osteraker.se\/live-320 Wednesday+Sunday 18-19.00utc Info via Net-Radio<\/p>\n","protected":false},"author":1,"featured_media":0,"comment_status":"open","ping_status":"open","sticky":false,"template":"","format":"standard","meta":{"_jetpack_memberships_contains_paid_content":false,"footnotes":"","jetpack_publicize_message":"","jetpack_publicize_feature_enabled":true,"jetpack_social_post_already_shared":false,"jetpack_social_options":{"image_generator_settings":{"template":"highway","default_image_id":0,"font":"","enabled":false},"version":2}},"categories":[1,3,2],"tags":[24,42],"class_list":["post-2434","post","type-post","status-publish","format-standard","hentry","category-deutsch","category-empfang","category-english","tag-am","tag-empfang"],"jetpack_publicize_connections":[],"jetpack_featured_media_url":"","jetpack_sharing_enabled":true,"jetpack_shortlink":"https:\/\/wp.me\/p5CDmr-Dg","jetpack-related-posts":[{"id":39884,"url":"https:\/\/www.achimbrueckner.de\/dxradio\/php\/wordpress\/?p=39884","url_meta":{"origin":2434,"position":0},"title":"Ronny Schulz wird neuer Programmdirektor von radio SAW","author":"Administrator","date":"July 21, 2023","format":false,"excerpt":"https:\/\/www.radiowoche.de\/ronny-schulz-wird-neuer-programmdirektor-von-radio-saw\/","rel":"","context":"In &quot;Deutsch&quot;","block_context":{"text":"Deutsch","link":"https:\/\/www.achimbrueckner.de\/dxradio\/php\/wordpress\/?cat=1"},"img":{"alt_text":"","src":"","width":0,"height":0},"classes":[]},{"id":2243,"url":"https:\/\/www.achimbrueckner.de\/dxradio\/php\/wordpress\/?p=2243","url_meta":{"origin":2434,"position":1},"title":"SWEDEN. Radio Dellen International &#8211; 1-3 Jun 2012","author":"Administrator","date":"May 27, 2012","format":false,"excerpt":"** SWEDEN. Radio Dellen International - 1-3 June --- News of a low-powered Swedish station on air next week from Ronny Forslund: \"I would like to mention a very special project which will be on the air. It is an event station called Radio Dellen International and we will be\u2026","rel":"","context":"In &quot;English&quot;","block_context":{"text":"English","link":"https:\/\/www.achimbrueckner.de\/dxradio\/php\/wordpress\/?cat=2"},"img":{"alt_text":"","src":"","width":0,"height":0},"classes":[]},{"id":42063,"url":"https:\/\/www.achimbrueckner.de\/dxradio\/php\/wordpress\/?p=42063","url_meta":{"origin":2434,"position":2},"title":"1494 Khz December 2024","author":"Administrator","date":"December 20, 2024","format":false,"excerpt":"The Arctic Radio Club will be running special programmes from 2200-2300 UTC on MW 1494 kHz from December 21 to 30. Reception reports can be sent to: Ronny Forslund Arctic Radio Club Vita Huset Svartsj\u00f6v\u00e4gen 3 A SE-17995 Svartsj\u00f6 Sweden Please include return postage (2 IRC or $\/\u20ac 5) and\u2026","rel":"","context":"In &quot;English&quot;","block_context":{"text":"English","link":"https:\/\/www.achimbrueckner.de\/dxradio\/php\/wordpress\/?cat=2"},"img":{"alt_text":"","src":"","width":0,"height":0},"classes":[]},{"id":25773,"url":"https:\/\/www.achimbrueckner.de\/dxradio\/php\/wordpress\/?p=25773","url_meta":{"origin":2434,"position":3},"title":"Media Broadcast \u00fcbertr\u00e4gt \u201eFr\u00fchstyxradio\u201c Kult-Duo Kalkofe und Wischmeyer weltweit live via Kurzwelle","author":"Administrator","date":"November 15, 2019","format":false,"excerpt":"https:\/\/www.digitalfernsehen.de\/news\/empfang\/radio\/media-broadcast-uebertraegt-fruehstyxradio-kult-duo-kalkofe-und-wischmeyer-weltweit-live-via-kurzwelle-548718\/","rel":"","context":"In &quot;Deutsch&quot;","block_context":{"text":"Deutsch","link":"https:\/\/www.achimbrueckner.de\/dxradio\/php\/wordpress\/?cat=1"},"img":{"alt_text":"","src":"","width":0,"height":0},"classes":[]},{"id":2793,"url":"https:\/\/www.achimbrueckner.de\/dxradio\/php\/wordpress\/?p=2793","url_meta":{"origin":2434,"position":4},"title":"The Swedish DX Federation will have three broadcasts on mediumwave and shortwave in early 2014","author":"Administrator","date":"December 16, 2013","format":false,"excerpt":"The Swedish DX Federation will have three broadcasts on mediumwave and shortwave in early 2014 as follows: Sunday 5 January at 1800-1900 UTC on 1485 kHz (Radio Merkurs, Latvia) Saturday 11 January at 1200-1300 UTC on 7265 kHz (Hamburger Lokalradio) Sunday 9 February at 1800-1900 UTC on 1485 kHz (Radio\u2026","rel":"","context":"In &quot;English&quot;","block_context":{"text":"English","link":"https:\/\/www.achimbrueckner.de\/dxradio\/php\/wordpress\/?cat=2"},"img":{"alt_text":"","src":"","width":0,"height":0},"classes":[]},{"id":25801,"url":"https:\/\/www.achimbrueckner.de\/dxradio\/php\/wordpress\/?p=25801","url_meta":{"origin":2434,"position":5},"title":"DARC Mitgliederversammlung 2019 | Interview mit dem Vorstandsmitglied Ronny Jerke, DG2RON.","author":"Administrator","date":"November 17, 2019","format":false,"excerpt":"https:\/\/www.youtube.com\/watch?v=gzTH49WX9-k&feature=youtu.be","rel":"","context":"In &quot;Deutsch&quot;","block_context":{"text":"Deutsch","link":"https:\/\/www.achimbrueckner.de\/dxradio\/php\/wordpress\/?cat=1"},"img":{"alt_text":"","src":"","width":0,"height":0},"classes":[]}],"_links":{"self":[{"href":"https:\/\/www.achimbrueckner.de\/dxradio\/php\/wordpress\/index.php?rest_route=\/wp\/v2\/posts\/2434","targetHints":{"allow":["GET"]}}],"collection":[{"href":"https:\/\/www.achimbrueckner.de\/dxradio\/php\/wordpress\/index.php?rest_route=\/wp\/v2\/posts"}],"about":[{"href":"https:\/\/www.achimbrueckner.de\/dxradio\/php\/wordpress\/index.php?rest_route=\/wp\/v2\/types\/post"}],"author":[{"embeddable":true,"href":"https:\/\/www.achimbrueckner.de\/dxradio\/php\/wordpress\/index.php?rest_route=\/wp\/v2\/users\/1"}],"replies":[{"embeddable":true,"href":"https:\/\/www.achimbrueckner.de\/dxradio\/php\/wordpress\/index.php?rest_route=%2Fwp%2Fv2%2Fcomments&post=2434"}],"version-history":[{"count":0,"href":"https:\/\/www.achimbrueckner.de\/dxradio\/php\/wordpress\/index.php?rest_route=\/wp\/v2\/posts\/2434\/revisions"}],"wp:attachment":[{"href":"https:\/\/www.achimbrueckner.de\/dxradio\/php\/wordpress\/index.php?rest_route=%2Fwp%2Fv2%2Fmedia&parent=2434"}],"wp:term":[{"taxonomy":"category","embeddable":true,"href":"https:\/\/www.achimbrueckner.de\/dxradio\/php\/wordpress\/index.php?rest_route=%2Fwp%2Fv2%2Fcategories&post=2434"},{"taxonomy":"post_tag","embeddable":true,"href":"https:\/\/www.achimbrueckner.de\/dxradio\/php\/wordpress\/index.php?rest_route=%2Fwp%2Fv2%2Ftags&post=2434"}],"curies":[{"name":"wp","href":"https:\/\/api.w.org\/{rel}","templated":true}]}}