{"id":24447,"date":"2019-08-24T18:40:15","date_gmt":"2019-08-24T18:40:15","guid":{"rendered":"https:\/\/www.achimbrueckner.de\/dxradio\/php\/wordpress\/?p=24447"},"modified":"2019-08-24T18:40:15","modified_gmt":"2019-08-24T18:40:15","slug":"pressefreiheit-in-ecuador-mediale-einfalt","status":"publish","type":"post","link":"https:\/\/www.achimbrueckner.de\/dxradio\/php\/wordpress\/?p=24447","title":{"rendered":"Pressefreiheit in Ecuador Mediale Einfalt"},"content":{"rendered":"<p><a href=\"https:\/\/taz.de\/Pressefreiheit-in-Ecuador\/!5616138\/\" rel=\"noopener noreferrer\" target=\"_blank\">https:\/\/taz.de\/Pressefreiheit-in-Ecuador\/!5616138\/<\/a><\/p>\n","protected":false},"excerpt":{"rendered":"<p>https:\/\/taz.de\/Pressefreiheit-in-Ecuador\/!5616138\/<\/p>\n","protected":false},"author":1,"featured_media":0,"comment_status":"closed","ping_status":"open","sticky":false,"template":"","format":"standard","meta":{"_jetpack_memberships_contains_paid_content":false,"footnotes":"","jetpack_publicize_message":"","jetpack_publicize_feature_enabled":true,"jetpack_social_post_already_shared":true,"jetpack_social_options":{"image_generator_settings":{"template":"highway","default_image_id":0,"font":"","enabled":false},"version":2}},"categories":[1,17],"tags":[46],"class_list":["post-24447","post","type-post","status-publish","format-standard","hentry","category-deutsch","category-media","tag-media"],"jetpack_publicize_connections":[],"jetpack_featured_media_url":"","jetpack_sharing_enabled":true,"jetpack_shortlink":"https:\/\/wp.me\/p5CDmr-6mj","jetpack-related-posts":[{"id":33361,"url":"https:\/\/www.achimbrueckner.de\/dxradio\/php\/wordpress\/?p=33361","url_meta":{"origin":24447,"position":0},"title":"Journalistenverb\u00e4nde Apple-Pl\u00e4ne gef\u00e4hrden Pressefreiheit","author":"Administrator","date":"August 17, 2021","format":false,"excerpt":"https:\/\/netzpolitik.org\/2021\/journalistenverbaende-apple-plaene-gefaehrden-pressefreiheit\/","rel":"","context":"In &quot;Deutsch&quot;","block_context":{"text":"Deutsch","link":"https:\/\/www.achimbrueckner.de\/dxradio\/php\/wordpress\/?cat=1"},"img":{"alt_text":"","src":"","width":0,"height":0},"classes":[]},{"id":29498,"url":"https:\/\/www.achimbrueckner.de\/dxradio\/php\/wordpress\/?p=29498","url_meta":{"origin":24447,"position":1},"title":"PRESSEFREIHEIT IN IRLAND: POLITISCHE GLEICHG\u00dcLTIGKEIT UND KOMMERZIALISIERUNG VON INFORMATIONEN","author":"Administrator","date":"July 21, 2020","format":false,"excerpt":"https:\/\/www.treffpunkteuropa.de\/pressefreiheit-irland?lang=fr","rel":"","context":"In &quot;Deutsch&quot;","block_context":{"text":"Deutsch","link":"https:\/\/www.achimbrueckner.de\/dxradio\/php\/wordpress\/?cat=1"},"img":{"alt_text":"","src":"","width":0,"height":0},"classes":[]},{"id":27645,"url":"https:\/\/www.achimbrueckner.de\/dxradio\/php\/wordpress\/?p=27645","url_meta":{"origin":24447,"position":2},"title":"Zensurheberrecht Automatisierte Urheberrechtsdurchsetzungen gef\u00e4hrden die Pressefreiheit","author":"Administrator","date":"March 19, 2020","format":false,"excerpt":"https:\/\/netzpolitik.org\/2020\/automatisierte-urheberrechtsdurchsetzungen-gefaehrden-die-pressefreiheit\/","rel":"","context":"In &quot;Deutsch&quot;","block_context":{"text":"Deutsch","link":"https:\/\/www.achimbrueckner.de\/dxradio\/php\/wordpress\/?cat=1"},"img":{"alt_text":"","src":"","width":0,"height":0},"classes":[]},{"id":19295,"url":"https:\/\/www.achimbrueckner.de\/dxradio\/php\/wordpress\/?p=19295","url_meta":{"origin":24447,"position":3},"title":"Pressefreiheit in \u00d6sterreich TV-Sendung unter polizeilicher Hoheit?","author":"Administrator","date":"September 25, 2018","format":false,"excerpt":"https:\/\/www.tagesschau.de\/ausland\/oesterreich-pressefreiheit-101.html","rel":"","context":"In &quot;Deutsch&quot;","block_context":{"text":"Deutsch","link":"https:\/\/www.achimbrueckner.de\/dxradio\/php\/wordpress\/?cat=1"},"img":{"alt_text":"","src":"","width":0,"height":0},"classes":[]},{"id":30724,"url":"https:\/\/www.achimbrueckner.de\/dxradio\/php\/wordpress\/?p=30724","url_meta":{"origin":24447,"position":4},"title":"Pressefreiheit in Bulgarien : Runter auf Platz 111","author":"Administrator","date":"November 7, 2020","format":false,"excerpt":"https:\/\/www.sueddeutsche.de\/medien\/bulgarien-pressefreiheit-radio-1.5102662","rel":"","context":"In &quot;Deutsch&quot;","block_context":{"text":"Deutsch","link":"https:\/\/www.achimbrueckner.de\/dxradio\/php\/wordpress\/?cat=1"},"img":{"alt_text":"","src":"","width":0,"height":0},"classes":[]},{"id":28464,"url":"https:\/\/www.achimbrueckner.de\/dxradio\/php\/wordpress\/?p=28464","url_meta":{"origin":24447,"position":5},"title":"Pressefreiheit : Licht gegen die neue Dunkelheit","author":"Administrator","date":"May 2, 2020","format":false,"excerpt":"https:\/\/www.sueddeutsche.de\/medien\/pressefreiheit-demokratie-corona-krise-1.4892465","rel":"","context":"In &quot;Deutsch&quot;","block_context":{"text":"Deutsch","link":"https:\/\/www.achimbrueckner.de\/dxradio\/php\/wordpress\/?cat=1"},"img":{"alt_text":"","src":"","width":0,"height":0},"classes":[]}],"_links":{"self":[{"href":"https:\/\/www.achimbrueckner.de\/dxradio\/php\/wordpress\/index.php?rest_route=\/wp\/v2\/posts\/24447","targetHints":{"allow":["GET"]}}],"collection":[{"href":"https:\/\/www.achimbrueckner.de\/dxradio\/php\/wordpress\/index.php?rest_route=\/wp\/v2\/posts"}],"about":[{"href":"https:\/\/www.achimbrueckner.de\/dxradio\/php\/wordpress\/index.php?rest_route=\/wp\/v2\/types\/post"}],"author":[{"embeddable":true,"href":"https:\/\/www.achimbrueckner.de\/dxradio\/php\/wordpress\/index.php?rest_route=\/wp\/v2\/users\/1"}],"replies":[{"embeddable":true,"href":"https:\/\/www.achimbrueckner.de\/dxradio\/php\/wordpress\/index.php?rest_route=%2Fwp%2Fv2%2Fcomments&post=24447"}],"version-history":[{"count":0,"href":"https:\/\/www.achimbrueckner.de\/dxradio\/php\/wordpress\/index.php?rest_route=\/wp\/v2\/posts\/24447\/revisions"}],"wp:attachment":[{"href":"https:\/\/www.achimbrueckner.de\/dxradio\/php\/wordpress\/index.php?rest_route=%2Fwp%2Fv2%2Fmedia&parent=24447"}],"wp:term":[{"taxonomy":"category","embeddable":true,"href":"https:\/\/www.achimbrueckner.de\/dxradio\/php\/wordpress\/index.php?rest_route=%2Fwp%2Fv2%2Fcategories&post=24447"},{"taxonomy":"post_tag","embeddable":true,"href":"https:\/\/www.achimbrueckner.de\/dxradio\/php\/wordpress\/index.php?rest_route=%2Fwp%2Fv2%2Ftags&post=24447"}],"curies":[{"name":"wp","href":"https:\/\/api.w.org\/{rel}","templated":true}]}}