{"id":24449,"date":"2019-08-24T18:44:44","date_gmt":"2019-08-24T18:44:44","guid":{"rendered":"https:\/\/www.achimbrueckner.de\/dxradio\/php\/wordpress\/?p=24449"},"modified":"2019-08-24T18:44:44","modified_gmt":"2019-08-24T18:44:44","slug":"proteste-in-hongkong-wie-china-die-berichterstattung-manipuliert","status":"publish","type":"post","link":"https:\/\/www.achimbrueckner.de\/dxradio\/php\/wordpress\/?p=24449","title":{"rendered":"Proteste in Hongkong: Wie China die Berichterstattung manipuliert"},"content":{"rendered":"<p><a href=\"https:\/\/www.br.de\/radio\/b5-aktuell\/sendungen\/medienmagazin\/proteste-hongkong-china-manipuliert-berichterstattung-100.html\" rel=\"noopener noreferrer\" target=\"_blank\">https:\/\/www.br.de\/radio\/b5-aktuell\/sendungen\/medienmagazin\/proteste-hongkong-china-manipuliert-berichterstattung-100.html<\/a><\/p>\n","protected":false},"excerpt":{"rendered":"<p>https:\/\/www.br.de\/radio\/b5-aktuell\/sendungen\/medienmagazin\/proteste-hongkong-china-manipuliert-berichterstattung-100.html<\/p>\n","protected":false},"author":1,"featured_media":0,"comment_status":"closed","ping_status":"open","sticky":false,"template":"","format":"standard","meta":{"_jetpack_memberships_contains_paid_content":false,"footnotes":"","jetpack_publicize_message":"","jetpack_publicize_feature_enabled":true,"jetpack_social_post_already_shared":true,"jetpack_social_options":{"image_generator_settings":{"template":"highway","default_image_id":0,"font":"","enabled":false},"version":2}},"categories":[1,15],"tags":[45],"class_list":["post-24449","post","type-post","status-publish","format-standard","hentry","category-deutsch","category-medien","tag-medien"],"jetpack_publicize_connections":[],"jetpack_featured_media_url":"","jetpack_sharing_enabled":true,"jetpack_shortlink":"https:\/\/wp.me\/p5CDmr-6ml","jetpack-related-posts":[{"id":24344,"url":"https:\/\/www.achimbrueckner.de\/dxradio\/php\/wordpress\/?p=24344","url_meta":{"origin":24449,"position":0},"title":"Nach Desinformation gegen Hongkong-Proteste: Twitter verbietet Werbung von Staatsmedien","author":"Administrator","date":"August 20, 2019","format":false,"excerpt":"https:\/\/netzpolitik.org\/2019\/nach-desinformation-gegen-hongkong-proteste-twitter-verbietet-werbung-von-staatsmedien\/","rel":"","context":"In &quot;Deutsch&quot;","block_context":{"text":"Deutsch","link":"https:\/\/www.achimbrueckner.de\/dxradio\/php\/wordpress\/?cat=1"},"img":{"alt_text":"","src":"","width":0,"height":0},"classes":[]},{"id":29295,"url":"https:\/\/www.achimbrueckner.de\/dxradio\/php\/wordpress\/?p=29295","url_meta":{"origin":24449,"position":1},"title":"China geht gegen US-Medien vor","author":"Administrator","date":"July 2, 2020","format":false,"excerpt":"https:\/\/www.zeit.de\/politik\/ausland\/2020-07\/pressefreiheit-china-usa-medien-berichterstattung","rel":"","context":"In &quot;Deutsch&quot;","block_context":{"text":"Deutsch","link":"https:\/\/www.achimbrueckner.de\/dxradio\/php\/wordpress\/?cat=1"},"img":{"alt_text":"","src":"","width":0,"height":0},"classes":[]},{"id":29098,"url":"https:\/\/www.achimbrueckner.de\/dxradio\/php\/wordpress\/?p=29098","url_meta":{"origin":24449,"position":2},"title":"Medienclub diskutiert Corona-Berichterstattung","author":"Administrator","date":"June 16, 2020","format":false,"excerpt":"https:\/\/www.persoenlich.com\/medien\/medienclub-diskutiert-corona-berichterstattung","rel":"","context":"In &quot;Deutsch&quot;","block_context":{"text":"Deutsch","link":"https:\/\/www.achimbrueckner.de\/dxradio\/php\/wordpress\/?cat=1"},"img":{"alt_text":"","src":"","width":0,"height":0},"classes":[]},{"id":11468,"url":"https:\/\/www.achimbrueckner.de\/dxradio\/php\/wordpress\/?p=11468","url_meta":{"origin":24449,"position":3},"title":"Berichterstattung \u00fcber Berliner Anschlag &#8220;Medien k\u00f6nnen den Geschwindigkeitswettbewerb nicht gewinnen&#8221;","author":"Administrator","date":"December 20, 2016","format":false,"excerpt":"http:\/\/www.deutschlandfunk.de\/berichterstattung-ueber-berliner-anschlag-medien-koennen.691.de.html?dram%3Aarticle_id=374447","rel":"","context":"In &quot;Deutsch&quot;","block_context":{"text":"Deutsch","link":"https:\/\/www.achimbrueckner.de\/dxradio\/php\/wordpress\/?cat=1"},"img":{"alt_text":"","src":"","width":0,"height":0},"classes":[]},{"id":8422,"url":"https:\/\/www.achimbrueckner.de\/dxradio\/php\/wordpress\/?p=8422","url_meta":{"origin":24449,"position":4},"title":"Berichterstattung in Westjordanland und Gaza M\u00e4rtyrer f\u00fcr die einen, M\u00f6rder f\u00fcr die anderen","author":"Administrator","date":"May 30, 2016","format":false,"excerpt":"http:\/\/www.tagesspiegel.de\/medien\/berichterstattung-in-westjordanland-und-gaza-maertyrer-fuer-die-einen-moerder-fuer-die-anderen\/13657558.html","rel":"","context":"In &quot;Deutsch&quot;","block_context":{"text":"Deutsch","link":"https:\/\/www.achimbrueckner.de\/dxradio\/php\/wordpress\/?cat=1"},"img":{"alt_text":"","src":"","width":0,"height":0},"classes":[]},{"id":36729,"url":"https:\/\/www.achimbrueckner.de\/dxradio\/php\/wordpress\/?p=36729","url_meta":{"origin":24449,"position":5},"title":"Online-Petition prangert \u201ctrans-feindliche Berichterstattung\u201d der Medien an.","author":"Administrator","date":"June 27, 2022","format":false,"excerpt":"https:\/\/www.turi2.de\/aktuell\/online-petition-prangert-trans-feindliche-berichterstattung-der-medien-an\/","rel":"","context":"In &quot;Deutsch&quot;","block_context":{"text":"Deutsch","link":"https:\/\/www.achimbrueckner.de\/dxradio\/php\/wordpress\/?cat=1"},"img":{"alt_text":"","src":"","width":0,"height":0},"classes":[]}],"_links":{"self":[{"href":"https:\/\/www.achimbrueckner.de\/dxradio\/php\/wordpress\/index.php?rest_route=\/wp\/v2\/posts\/24449","targetHints":{"allow":["GET"]}}],"collection":[{"href":"https:\/\/www.achimbrueckner.de\/dxradio\/php\/wordpress\/index.php?rest_route=\/wp\/v2\/posts"}],"about":[{"href":"https:\/\/www.achimbrueckner.de\/dxradio\/php\/wordpress\/index.php?rest_route=\/wp\/v2\/types\/post"}],"author":[{"embeddable":true,"href":"https:\/\/www.achimbrueckner.de\/dxradio\/php\/wordpress\/index.php?rest_route=\/wp\/v2\/users\/1"}],"replies":[{"embeddable":true,"href":"https:\/\/www.achimbrueckner.de\/dxradio\/php\/wordpress\/index.php?rest_route=%2Fwp%2Fv2%2Fcomments&post=24449"}],"version-history":[{"count":0,"href":"https:\/\/www.achimbrueckner.de\/dxradio\/php\/wordpress\/index.php?rest_route=\/wp\/v2\/posts\/24449\/revisions"}],"wp:attachment":[{"href":"https:\/\/www.achimbrueckner.de\/dxradio\/php\/wordpress\/index.php?rest_route=%2Fwp%2Fv2%2Fmedia&parent=24449"}],"wp:term":[{"taxonomy":"category","embeddable":true,"href":"https:\/\/www.achimbrueckner.de\/dxradio\/php\/wordpress\/index.php?rest_route=%2Fwp%2Fv2%2Fcategories&post=24449"},{"taxonomy":"post_tag","embeddable":true,"href":"https:\/\/www.achimbrueckner.de\/dxradio\/php\/wordpress\/index.php?rest_route=%2Fwp%2Fv2%2Ftags&post=24449"}],"curies":[{"name":"wp","href":"https:\/\/api.w.org\/{rel}","templated":true}]}}