{"id":24514,"date":"2019-08-28T17:12:12","date_gmt":"2019-08-28T17:12:12","guid":{"rendered":"https:\/\/www.achimbrueckner.de\/dxradio\/php\/wordpress\/?p=24514"},"modified":"2019-08-28T17:12:12","modified_gmt":"2019-08-28T17:12:12","slug":"internet-radio-neustadter-burgerrundfunk-geht-online","status":"publish","type":"post","link":"https:\/\/www.achimbrueckner.de\/dxradio\/php\/wordpress\/?p=24514","title":{"rendered":"Internet-Radio: Neust\u00e4dter B\u00fcrgerrundfunk geht online"},"content":{"rendered":"<p><a href=\"https:\/\/www.haz.de\/Umland\/Neustadt\/Neustaedter-Buergerrundfunk-geht-ins-Internet\" rel=\"noopener noreferrer\" target=\"_blank\">https:\/\/www.haz.de\/Umland\/Neustadt\/Neustaedter-Buergerrundfunk-geht-ins-Internet<\/a><\/p>\n","protected":false},"excerpt":{"rendered":"<p>https:\/\/www.haz.de\/Umland\/Neustadt\/Neustaedter-Buergerrundfunk-geht-ins-Internet<\/p>\n","protected":false},"author":1,"featured_media":0,"comment_status":"closed","ping_status":"open","sticky":false,"template":"","format":"standard","meta":{"_jetpack_memberships_contains_paid_content":false,"footnotes":"","jetpack_publicize_message":"","jetpack_publicize_feature_enabled":true,"jetpack_social_post_already_shared":true,"jetpack_social_options":{"image_generator_settings":{"template":"highway","default_image_id":0,"font":"","enabled":false},"version":2}},"categories":[1],"tags":[],"class_list":["post-24514","post","type-post","status-publish","format-standard","hentry","category-deutsch"],"jetpack_publicize_connections":[],"jetpack_featured_media_url":"","jetpack_sharing_enabled":true,"jetpack_shortlink":"https:\/\/wp.me\/p5CDmr-6no","jetpack-related-posts":[{"id":30472,"url":"https:\/\/www.achimbrueckner.de\/dxradio\/php\/wordpress\/?p=30472","url_meta":{"origin":24514,"position":0},"title":"Meer Radio ist f\u00fcr den nieders\u00e4chsischen Medienpreis nominiert","author":"Administrator","date":"October 16, 2020","format":false,"excerpt":"https:\/\/www.haz.de\/Umland\/Neustadt\/Neustadt-Meer-Radio-fuer-Medienpreis-nominiert","rel":"","context":"In &quot;Deutsch&quot;","block_context":{"text":"Deutsch","link":"https:\/\/www.achimbrueckner.de\/dxradio\/php\/wordpress\/?cat=1"},"img":{"alt_text":"","src":"","width":0,"height":0},"classes":[]},{"id":31058,"url":"https:\/\/www.achimbrueckner.de\/dxradio\/php\/wordpress\/?p=31058","url_meta":{"origin":24514,"position":1},"title":"NLM verl\u00e4ngert zwei weitere Zulassungen im B\u00fcrgerrundfunk","author":"Administrator","date":"December 7, 2020","format":false,"excerpt":"https:\/\/www.radiowoche.de\/nlm-verlaengert-zwei-weitere-zulassungen-im-buergerrundfunk\/","rel":"","context":"In &quot;Deutsch&quot;","block_context":{"text":"Deutsch","link":"https:\/\/www.achimbrueckner.de\/dxradio\/php\/wordpress\/?cat=1"},"img":{"alt_text":"","src":"","width":0,"height":0},"classes":[]},{"id":22190,"url":"https:\/\/www.achimbrueckner.de\/dxradio\/php\/wordpress\/?p=22190","url_meta":{"origin":24514,"position":2},"title":"Radio Rinteln geht vom Netz: Lokalradio Rinteln sendet im Internet f\u00fcr die Weserstadt","author":"Administrator","date":"March 16, 2019","format":false,"excerpt":"https:\/\/www.rinteln-aktuell.de\/radio-rinteln-geht-vom-netz-lokalradio-rinteln-sendet-im-internet-fuer-die-weserstadt\/","rel":"","context":"In &quot;Deutsch&quot;","block_context":{"text":"Deutsch","link":"https:\/\/www.achimbrueckner.de\/dxradio\/php\/wordpress\/?cat=1"},"img":{"alt_text":"","src":"","width":0,"height":0},"classes":[]},{"id":1972,"url":"https:\/\/www.achimbrueckner.de\/dxradio\/php\/wordpress\/?p=1972","url_meta":{"origin":24514,"position":3},"title":"H\u00f6rerzahlen f\u00fcr Nieders\u00e4chsischer B\u00fcrgerrundfunk ver\u00f6ffentlicht","author":"Administrator","date":"November 24, 2011","format":false,"excerpt":"H\u00f6rerzahlen f\u00fcr Nieders\u00e4chsischer B\u00fcrgerrundfunk ver\u00f6ffentlicht http:\/\/www.radiowoche.de\/meldungen\/1\/11090\/hoererzahlen-fuer-niedersaechsischer-buergerrundfunk-veroeffentlicht\/","rel":"","context":"In &quot;Deutsch&quot;","block_context":{"text":"Deutsch","link":"https:\/\/www.achimbrueckner.de\/dxradio\/php\/wordpress\/?cat=1"},"img":{"alt_text":"","src":"","width":0,"height":0},"classes":[]},{"id":30293,"url":"https:\/\/www.achimbrueckner.de\/dxradio\/php\/wordpress\/?p=30293","url_meta":{"origin":24514,"position":4},"title":"Erste Kirche in Niedersachsen hat Lizenz f\u00fcr Radio-Gottesdienste \u2013 doch es fehlt Geld","author":"Administrator","date":"October 2, 2020","format":false,"excerpt":"https:\/\/www.haz.de\/Umland\/Wedemark\/Wedemark-Erste-Kirche-in-Niedersachsen-hat-Lizenz-fuer-Radio-Gottesdienste-doch-es-fehlt-Geld","rel":"","context":"In &quot;Deutsch&quot;","block_context":{"text":"Deutsch","link":"https:\/\/www.achimbrueckner.de\/dxradio\/php\/wordpress\/?cat=1"},"img":{"alt_text":"","src":"","width":0,"height":0},"classes":[]},{"id":19697,"url":"https:\/\/www.achimbrueckner.de\/dxradio\/php\/wordpress\/?p=19697","url_meta":{"origin":24514,"position":5},"title":"Radio geht ins Ohr \u2013 jetzt digital","author":"Administrator","date":"October 23, 2018","format":false,"excerpt":"https:\/\/www.shz.de\/lokales\/husumer-nachrichten\/radio-geht-ins-ohr-jetzt-digital-id21400547.html","rel":"","context":"In &quot;Deutsch&quot;","block_context":{"text":"Deutsch","link":"https:\/\/www.achimbrueckner.de\/dxradio\/php\/wordpress\/?cat=1"},"img":{"alt_text":"","src":"","width":0,"height":0},"classes":[]}],"_links":{"self":[{"href":"https:\/\/www.achimbrueckner.de\/dxradio\/php\/wordpress\/index.php?rest_route=\/wp\/v2\/posts\/24514","targetHints":{"allow":["GET"]}}],"collection":[{"href":"https:\/\/www.achimbrueckner.de\/dxradio\/php\/wordpress\/index.php?rest_route=\/wp\/v2\/posts"}],"about":[{"href":"https:\/\/www.achimbrueckner.de\/dxradio\/php\/wordpress\/index.php?rest_route=\/wp\/v2\/types\/post"}],"author":[{"embeddable":true,"href":"https:\/\/www.achimbrueckner.de\/dxradio\/php\/wordpress\/index.php?rest_route=\/wp\/v2\/users\/1"}],"replies":[{"embeddable":true,"href":"https:\/\/www.achimbrueckner.de\/dxradio\/php\/wordpress\/index.php?rest_route=%2Fwp%2Fv2%2Fcomments&post=24514"}],"version-history":[{"count":0,"href":"https:\/\/www.achimbrueckner.de\/dxradio\/php\/wordpress\/index.php?rest_route=\/wp\/v2\/posts\/24514\/revisions"}],"wp:attachment":[{"href":"https:\/\/www.achimbrueckner.de\/dxradio\/php\/wordpress\/index.php?rest_route=%2Fwp%2Fv2%2Fmedia&parent=24514"}],"wp:term":[{"taxonomy":"category","embeddable":true,"href":"https:\/\/www.achimbrueckner.de\/dxradio\/php\/wordpress\/index.php?rest_route=%2Fwp%2Fv2%2Fcategories&post=24514"},{"taxonomy":"post_tag","embeddable":true,"href":"https:\/\/www.achimbrueckner.de\/dxradio\/php\/wordpress\/index.php?rest_route=%2Fwp%2Fv2%2Ftags&post=24514"}],"curies":[{"name":"wp","href":"https:\/\/api.w.org\/{rel}","templated":true}]}}