{"id":24538,"date":"2019-08-31T09:46:11","date_gmt":"2019-08-31T09:46:11","guid":{"rendered":"https:\/\/www.achimbrueckner.de\/dxradio\/php\/wordpress\/?p=24538"},"modified":"2019-08-31T09:46:11","modified_gmt":"2019-08-31T09:46:11","slug":"die-schweiz-auf-kurzwelle-musik-programm-geschichten-buch-gebraucht-antiquarisch-neu-kaufen","status":"publish","type":"post","link":"https:\/\/www.achimbrueckner.de\/dxradio\/php\/wordpress\/?p=24538","title":{"rendered":"Die Schweiz auf Kurzwelle &#8211; Musik \u2013 Programm \u2013 Geschichte(n) \u2013 Buch gebraucht, antiquarisch &#038; neu kaufen"},"content":{"rendered":"<p><a href=\"https:\/\/www.booklooker.de\/B%C3%BCcher\/Die-Schweiz-auf-Kurzwelle-Musik-Programm-Geschichte-n\/isbn\/9783034013338\/a\" rel=\"noopener noreferrer\" target=\"_blank\">https:\/\/www.booklooker.de\/B%C3%BCcher\/Die-Schweiz-auf-Kurzwelle-Musik-Programm-Geschichte-n\/isbn\/9783034013338\/a<\/a><\/p>\n","protected":false},"excerpt":{"rendered":"<p>https:\/\/www.booklooker.de\/B%C3%BCcher\/Die-Schweiz-auf-Kurzwelle-Musik-Programm-Geschichte-n\/isbn\/9783034013338\/a<\/p>\n","protected":false},"author":1,"featured_media":0,"comment_status":"closed","ping_status":"open","sticky":false,"template":"","format":"standard","meta":{"_jetpack_memberships_contains_paid_content":false,"footnotes":"","jetpack_publicize_message":"","jetpack_publicize_feature_enabled":true,"jetpack_social_post_already_shared":true,"jetpack_social_options":{"image_generator_settings":{"template":"highway","default_image_id":0,"font":"","enabled":false},"version":2}},"categories":[1],"tags":[24],"class_list":["post-24538","post","type-post","status-publish","format-standard","hentry","category-deutsch","tag-am"],"jetpack_publicize_connections":[],"jetpack_featured_media_url":"","jetpack_sharing_enabled":true,"jetpack_shortlink":"https:\/\/wp.me\/p5CDmr-6nM","jetpack-related-posts":[{"id":11739,"url":"https:\/\/www.achimbrueckner.de\/dxradio\/php\/wordpress\/?p=11739","url_meta":{"origin":24538,"position":0},"title":"Die Schweiz auf Kurzwelle. Musik &#8211; Programm &#8211; Geschichten","author":"Administrator","date":"January 15, 2017","format":false,"excerpt":"https:\/\/forschdb2.unibas.ch\/inf2\/rm_projects\/object_view.php?r=3718823","rel":"","context":"In &quot;Deutsch&quot;","block_context":{"text":"Deutsch","link":"https:\/\/www.achimbrueckner.de\/dxradio\/php\/wordpress\/?cat=1"},"img":{"alt_text":"","src":"","width":0,"height":0},"classes":[]},{"id":1442,"url":"https:\/\/www.achimbrueckner.de\/dxradio\/php\/wordpress\/?p=1442","url_meta":{"origin":24538,"position":1},"title":"Radio Gloria 6085 Khz","author":"Administrator","date":"April 5, 2011","format":false,"excerpt":"Demn\u00e4chst sendet das bereits aus der Weihnachtszeit bekannte Radio Gloria (aus der Schweiz) wieder auf Kurzwelle. Der Regelbetrieb via Kall-Krekel auf 6085 kHz beginnt am 01.05.2011, Sendezeit 0600-1630 UTC. Als Besonderheit ist neben dem regul\u00e4ren Programm (siehe http:\/\/www.radiogloria.ch & Astra-Digital) auch eine Hobbyecke f\u00fcr DXer und die Freunde des internationalen\u2026","rel":"","context":"In &quot;Deutsch&quot;","block_context":{"text":"Deutsch","link":"https:\/\/www.achimbrueckner.de\/dxradio\/php\/wordpress\/?cat=1"},"img":{"alt_text":"","src":"","width":0,"height":0},"classes":[]},{"id":16,"url":"https:\/\/www.achimbrueckner.de\/dxradio\/php\/wordpress\/?p=16","url_meta":{"origin":24538,"position":2},"title":"Radio Warna auf 7235 Khz","author":"Administrator","date":"September 23, 2005","format":false,"excerpt":"Heute sind gute Asien-Bedingungen im 41m Band. Radio Warna aus Singapur konnte ich zum Sendeschlu\u00df um 1601 Utc auf 7235 Khz mit O=3 aufnehmen. Um die gleiche Zeit waren auch die Relays in Thailand und Sri Lanka von VOA, BBC und Deutsche Welle brauchbar h\u00f6rbar. Tentativ FEBC Manila kommt auf\u2026","rel":"","context":"In &quot;Empfang&quot;","block_context":{"text":"Empfang","link":"https:\/\/www.achimbrueckner.de\/dxradio\/php\/wordpress\/?cat=3"},"img":{"alt_text":"","src":"","width":0,"height":0},"classes":[]},{"id":34905,"url":"https:\/\/www.achimbrueckner.de\/dxradio\/php\/wordpress\/?p=34905","url_meta":{"origin":24538,"position":3},"title":"Ukraine-Krieg: BBC bietet Programm auf Kurzwelle f\u00fcr die Ukraine an","author":"Administrator","date":"March 4, 2022","format":false,"excerpt":"https:\/\/www.heise.de\/news\/Ukraine-Krieg-BBC-bietet-Programm-auf-Kurzwelle-fuer-die-Ukraine-an-6535188.html","rel":"","context":"In &quot;Deutsch&quot;","block_context":{"text":"Deutsch","link":"https:\/\/www.achimbrueckner.de\/dxradio\/php\/wordpress\/?cat=1"},"img":{"alt_text":"","src":"","width":0,"height":0},"classes":[]},{"id":29738,"url":"https:\/\/www.achimbrueckner.de\/dxradio\/php\/wordpress\/?p=29738","url_meta":{"origin":24538,"position":4},"title":"Radio. Menschen und Geschichten am 16. August 2020","author":"Administrator","date":"August 12, 2020","format":false,"excerpt":"Werte H\u00f6rende, Kleider machen Leute, Ereignisse machen Sendungen. Nach l\u00e4ngerer Pause treibt es das Rundfunkballett Eifel wieder auf die Bretter, die die Welt bedeuten. Da Ballett im Radio \u00e4hnlich spannend ist, wie Zeitunglesen unter Wasser, verdingen sich die Prachtelf:Innen dieses H\u00f6rfunkelaborats sprechenderweise an kommenden Sonntag (16.08.2020) Hier schon mal 2\u2026","rel":"","context":"In &quot;Deutsch&quot;","block_context":{"text":"Deutsch","link":"https:\/\/www.achimbrueckner.de\/dxradio\/php\/wordpress\/?cat=1"},"img":{"alt_text":"","src":"","width":0,"height":0},"classes":[]},{"id":4305,"url":"https:\/\/www.achimbrueckner.de\/dxradio\/php\/wordpress\/?p=4305","url_meta":{"origin":24538,"position":5},"title":"Radio 700 Spenden","author":"Administrator","date":"March 27, 2015","format":false,"excerpt":"Liebe Freunde der Kurzwelle, Seit 8 Jahren senden wir mit unseren im Vergleich zu den (ex)-staatlichen Gro\u00dfsendeanlagen bescheidenen Mitteln auf Kurzwelle. Was anfangs mit ein paar Stunden t\u00e4glich auf einer Frequenz begann hat sich mittlerweile zu einer \"oppulenteren Angelegenheit\" gemausert. Ab April 2015 strahlen wir w\u00f6chentlich 365 Stunden (gut 52\u2026","rel":"","context":"In &quot;Deutsch&quot;","block_context":{"text":"Deutsch","link":"https:\/\/www.achimbrueckner.de\/dxradio\/php\/wordpress\/?cat=1"},"img":{"alt_text":"","src":"","width":0,"height":0},"classes":[]}],"_links":{"self":[{"href":"https:\/\/www.achimbrueckner.de\/dxradio\/php\/wordpress\/index.php?rest_route=\/wp\/v2\/posts\/24538","targetHints":{"allow":["GET"]}}],"collection":[{"href":"https:\/\/www.achimbrueckner.de\/dxradio\/php\/wordpress\/index.php?rest_route=\/wp\/v2\/posts"}],"about":[{"href":"https:\/\/www.achimbrueckner.de\/dxradio\/php\/wordpress\/index.php?rest_route=\/wp\/v2\/types\/post"}],"author":[{"embeddable":true,"href":"https:\/\/www.achimbrueckner.de\/dxradio\/php\/wordpress\/index.php?rest_route=\/wp\/v2\/users\/1"}],"replies":[{"embeddable":true,"href":"https:\/\/www.achimbrueckner.de\/dxradio\/php\/wordpress\/index.php?rest_route=%2Fwp%2Fv2%2Fcomments&post=24538"}],"version-history":[{"count":0,"href":"https:\/\/www.achimbrueckner.de\/dxradio\/php\/wordpress\/index.php?rest_route=\/wp\/v2\/posts\/24538\/revisions"}],"wp:attachment":[{"href":"https:\/\/www.achimbrueckner.de\/dxradio\/php\/wordpress\/index.php?rest_route=%2Fwp%2Fv2%2Fmedia&parent=24538"}],"wp:term":[{"taxonomy":"category","embeddable":true,"href":"https:\/\/www.achimbrueckner.de\/dxradio\/php\/wordpress\/index.php?rest_route=%2Fwp%2Fv2%2Fcategories&post=24538"},{"taxonomy":"post_tag","embeddable":true,"href":"https:\/\/www.achimbrueckner.de\/dxradio\/php\/wordpress\/index.php?rest_route=%2Fwp%2Fv2%2Ftags&post=24538"}],"curies":[{"name":"wp","href":"https:\/\/api.w.org\/{rel}","templated":true}]}}