{"id":24539,"date":"2019-08-31T09:48:31","date_gmt":"2019-08-31T09:48:31","guid":{"rendered":"https:\/\/www.achimbrueckner.de\/dxradio\/php\/wordpress\/?p=24539"},"modified":"2019-08-31T09:48:31","modified_gmt":"2019-08-31T09:48:31","slug":"publicom-das-sind-die-sympathisten-radios","status":"publish","type":"post","link":"https:\/\/www.achimbrueckner.de\/dxradio\/php\/wordpress\/?p=24539","title":{"rendered":"Publicom Das sind die sympathisten Radios"},"content":{"rendered":"<p><a href=\"https:\/\/www.persoenlich.com\/medien\/das-sind-die-sympathischsten-radios\" rel=\"noopener noreferrer\" target=\"_blank\">https:\/\/www.persoenlich.com\/medien\/das-sind-die-sympathischsten-radios<\/a><\/p>\n","protected":false},"excerpt":{"rendered":"<p>https:\/\/www.persoenlich.com\/medien\/das-sind-die-sympathischsten-radios<\/p>\n","protected":false},"author":1,"featured_media":0,"comment_status":"closed","ping_status":"open","sticky":false,"template":"","format":"standard","meta":{"_jetpack_memberships_contains_paid_content":false,"footnotes":"","jetpack_publicize_message":"","jetpack_publicize_feature_enabled":true,"jetpack_social_post_already_shared":true,"jetpack_social_options":{"image_generator_settings":{"template":"highway","default_image_id":0,"font":"","enabled":false},"version":2}},"categories":[1,15],"tags":[45],"class_list":["post-24539","post","type-post","status-publish","format-standard","hentry","category-deutsch","category-medien","tag-medien"],"jetpack_publicize_connections":[],"jetpack_featured_media_url":"","jetpack_sharing_enabled":true,"jetpack_shortlink":"https:\/\/wp.me\/p5CDmr-6nN","jetpack-related-posts":[{"id":24534,"url":"https:\/\/www.achimbrueckner.de\/dxradio\/php\/wordpress\/?p=24534","url_meta":{"origin":24539,"position":0},"title":"Deutschschweizer Radios sind weniger informativ","author":"Administrator","date":"August 30, 2019","format":false,"excerpt":"https:\/\/www.persoenlich.com\/medien\/deutschschweizer-radios-sind-weniger-informativ","rel":"","context":"In &quot;Deutsch&quot;","block_context":{"text":"Deutsch","link":"https:\/\/www.achimbrueckner.de\/dxradio\/php\/wordpress\/?cat=1"},"img":{"alt_text":"","src":"","width":0,"height":0},"classes":[]},{"id":18394,"url":"https:\/\/www.achimbrueckner.de\/dxradio\/php\/wordpress\/?p=18394","url_meta":{"origin":24539,"position":1},"title":"NZZ-Gruppe Weitere Radios verzichten auf die Konzession","author":"Administrator","date":"June 28, 2018","format":false,"excerpt":"https:\/\/www.persoenlich.com\/medien\/weitere-radios-verzichten-auf-die-konzession","rel":"","context":"In &quot;Deutsch&quot;","block_context":{"text":"Deutsch","link":"https:\/\/www.achimbrueckner.de\/dxradio\/php\/wordpress\/?cat=1"},"img":{"alt_text":"","src":"","width":0,"height":0},"classes":[]},{"id":26286,"url":"https:\/\/www.achimbrueckner.de\/dxradio\/php\/wordpress\/?p=26286","url_meta":{"origin":24539,"position":2},"title":"Schwarzer Tag f\u00fcr die Medienfreiheit in Ungarn","author":"Administrator","date":"December 21, 2019","format":false,"excerpt":"Heute ist ein weiterer schwarzer Tag f\u00fcr die Medienfreiheit in Ungarn. Das selbstverwaltete, nichtkommerzielle CIVIL R\u00c1DI\u00d3 - FM 98 muss heute Nacht zum Sonntag um 2 Uhr nach 25 Jahren seine UKW-Frequenz 98,0 MHz in Budapest aufgeben und im Internet weitersenden. Die Medienbeh\u00f6rde hatte die UKW-Lizenz nicht verl\u00e4ngert. Damit wird\u2026","rel":"","context":"In &quot;Deutsch&quot;","block_context":{"text":"Deutsch","link":"https:\/\/www.achimbrueckner.de\/dxradio\/php\/wordpress\/?cat=1"},"img":{"alt_text":"","src":"","width":0,"height":0},"classes":[]},{"id":26249,"url":"https:\/\/www.achimbrueckner.de\/dxradio\/php\/wordpress\/?p=26249","url_meta":{"origin":24539,"position":3},"title":"Das sind die Podcast-Tipps im Dezember","author":"Administrator","date":"December 20, 2019","format":false,"excerpt":"https:\/\/www.sueddeutsche.de\/medien\/journalismus-das-sind-die-podcast-tipps-im-dezember-1.4725261","rel":"","context":"In &quot;Deutsch&quot;","block_context":{"text":"Deutsch","link":"https:\/\/www.achimbrueckner.de\/dxradio\/php\/wordpress\/?cat=1"},"img":{"alt_text":"","src":"","width":0,"height":0},"classes":[]},{"id":31541,"url":"https:\/\/www.achimbrueckner.de\/dxradio\/php\/wordpress\/?p=31541","url_meta":{"origin":24539,"position":4},"title":"Das sind die gro\u00dfen Mediennutzungstrends 2021","author":"Administrator","date":"January 6, 2021","format":false,"excerpt":"https:\/\/meedia.de\/2021\/01\/05\/das-sind-die-grossen-mediennutzungstrends-2021\/?utm_source=dlvr.it&utm_medium=facebook","rel":"","context":"In &quot;Deutsch&quot;","block_context":{"text":"Deutsch","link":"https:\/\/www.achimbrueckner.de\/dxradio\/php\/wordpress\/?cat=1"},"img":{"alt_text":"","src":"","width":0,"height":0},"classes":[]},{"id":26142,"url":"https:\/\/www.achimbrueckner.de\/dxradio\/php\/wordpress\/?p=26142","url_meta":{"origin":24539,"position":5},"title":"MEEDIA-Jahrbuch 2019: Das sind die erfolgreichsten Medienmacher des Jahres","author":"Administrator","date":"December 12, 2019","format":false,"excerpt":"https:\/\/meedia.de\/2019\/12\/12\/meedia-jahrbuch-2019-das-sind-die-erfolgreichsten-medienmacher-des-jahres\/","rel":"","context":"In &quot;Deutsch&quot;","block_context":{"text":"Deutsch","link":"https:\/\/www.achimbrueckner.de\/dxradio\/php\/wordpress\/?cat=1"},"img":{"alt_text":"","src":"","width":0,"height":0},"classes":[]}],"_links":{"self":[{"href":"https:\/\/www.achimbrueckner.de\/dxradio\/php\/wordpress\/index.php?rest_route=\/wp\/v2\/posts\/24539","targetHints":{"allow":["GET"]}}],"collection":[{"href":"https:\/\/www.achimbrueckner.de\/dxradio\/php\/wordpress\/index.php?rest_route=\/wp\/v2\/posts"}],"about":[{"href":"https:\/\/www.achimbrueckner.de\/dxradio\/php\/wordpress\/index.php?rest_route=\/wp\/v2\/types\/post"}],"author":[{"embeddable":true,"href":"https:\/\/www.achimbrueckner.de\/dxradio\/php\/wordpress\/index.php?rest_route=\/wp\/v2\/users\/1"}],"replies":[{"embeddable":true,"href":"https:\/\/www.achimbrueckner.de\/dxradio\/php\/wordpress\/index.php?rest_route=%2Fwp%2Fv2%2Fcomments&post=24539"}],"version-history":[{"count":0,"href":"https:\/\/www.achimbrueckner.de\/dxradio\/php\/wordpress\/index.php?rest_route=\/wp\/v2\/posts\/24539\/revisions"}],"wp:attachment":[{"href":"https:\/\/www.achimbrueckner.de\/dxradio\/php\/wordpress\/index.php?rest_route=%2Fwp%2Fv2%2Fmedia&parent=24539"}],"wp:term":[{"taxonomy":"category","embeddable":true,"href":"https:\/\/www.achimbrueckner.de\/dxradio\/php\/wordpress\/index.php?rest_route=%2Fwp%2Fv2%2Fcategories&post=24539"},{"taxonomy":"post_tag","embeddable":true,"href":"https:\/\/www.achimbrueckner.de\/dxradio\/php\/wordpress\/index.php?rest_route=%2Fwp%2Fv2%2Ftags&post=24539"}],"curies":[{"name":"wp","href":"https:\/\/api.w.org\/{rel}","templated":true}]}}