{"id":24563,"date":"2019-09-01T12:17:44","date_gmt":"2019-09-01T12:17:44","guid":{"rendered":"https:\/\/www.achimbrueckner.de\/dxradio\/php\/wordpress\/?p=24563"},"modified":"2019-09-01T12:17:44","modified_gmt":"2019-09-01T12:17:44","slug":"exklusiv-verwerter-planen-lobby-und-medienkampagne-gegen-digitalkonzerne","status":"publish","type":"post","link":"https:\/\/www.achimbrueckner.de\/dxradio\/php\/wordpress\/?p=24563","title":{"rendered":"Exklusiv: Verwerter planen Lobby- und Medienkampagne gegen Digitalkonzerne"},"content":{"rendered":"<p><a href=\"https:\/\/netzpolitik.org\/2019\/exklusiv-verwerter-planen-lobby-und-medienkampagne-gegen-digitalkonzerne\/\" rel=\"noopener noreferrer\" target=\"_blank\">https:\/\/netzpolitik.org\/2019\/exklusiv-verwerter-planen-lobby-und-medienkampagne-gegen-digitalkonzerne\/<\/a><\/p>\n","protected":false},"excerpt":{"rendered":"<p>https:\/\/netzpolitik.org\/2019\/exklusiv-verwerter-planen-lobby-und-medienkampagne-gegen-digitalkonzerne\/<\/p>\n","protected":false},"author":1,"featured_media":0,"comment_status":"closed","ping_status":"open","sticky":false,"template":"","format":"standard","meta":{"_jetpack_memberships_contains_paid_content":false,"footnotes":"","jetpack_publicize_message":"","jetpack_publicize_feature_enabled":true,"jetpack_social_post_already_shared":true,"jetpack_social_options":{"image_generator_settings":{"template":"highway","default_image_id":0,"font":"","enabled":false},"version":2}},"categories":[1,15],"tags":[24,45],"class_list":["post-24563","post","type-post","status-publish","format-standard","hentry","category-deutsch","category-medien","tag-am","tag-medien"],"jetpack_publicize_connections":[],"jetpack_featured_media_url":"","jetpack_sharing_enabled":true,"jetpack_shortlink":"https:\/\/wp.me\/p5CDmr-6ob","jetpack-related-posts":[{"id":31672,"url":"https:\/\/www.achimbrueckner.de\/dxradio\/php\/wordpress\/?p=31672","url_meta":{"origin":24563,"position":0},"title":"Kartellamt kann sch\u00e4rfer gegen Digitalkonzerne wie Facebook und Amazon vorgehen","author":"Administrator","date":"January 14, 2021","format":false,"excerpt":"https:\/\/meedia.de\/2021\/01\/14\/kartellamt-kann-schaerfer-gegen-digitalkonzerne-wie-facebook-amazon-und-google-vorgehen\/?utm_source=dlvr.it&utm_medium=facebook","rel":"","context":"In &quot;Deutsch&quot;","block_context":{"text":"Deutsch","link":"https:\/\/www.achimbrueckner.de\/dxradio\/php\/wordpress\/?cat=1"},"img":{"alt_text":"","src":"","width":0,"height":0},"classes":[]},{"id":7628,"url":"https:\/\/www.achimbrueckner.de\/dxradio\/php\/wordpress\/?p=7628","url_meta":{"origin":24563,"position":1},"title":"Kanzleramt will Aufkl\u00e4rung \u00fcber m\u00f6gliche russische Medienkampagne","author":"Administrator","date":"February 19, 2016","format":false,"excerpt":"http:\/\/www.heise.de\/tp\/artikel\/47\/47455\/1.html","rel":"","context":"In &quot;Deutsch&quot;","block_context":{"text":"Deutsch","link":"https:\/\/www.achimbrueckner.de\/dxradio\/php\/wordpress\/?cat=1"},"img":{"alt_text":"","src":"","width":0,"height":0},"classes":[]},{"id":19604,"url":"https:\/\/www.achimbrueckner.de\/dxradio\/php\/wordpress\/?p=19604","url_meta":{"origin":24563,"position":2},"title":"Digitalkonzerne vs. Deutschland: Es ist kompliziert!","author":"Administrator","date":"October 17, 2018","format":false,"excerpt":"https:\/\/www.basicthinking.de\/blog\/2018\/10\/17\/digitalkonzerne-misstrauen\/","rel":"","context":"In &quot;Deutsch&quot;","block_context":{"text":"Deutsch","link":"https:\/\/www.achimbrueckner.de\/dxradio\/php\/wordpress\/?cat=1"},"img":{"alt_text":"","src":"","width":0,"height":0},"classes":[]},{"id":4236,"url":"https:\/\/www.achimbrueckner.de\/dxradio\/php\/wordpress\/?p=4236","url_meta":{"origin":24563,"position":3},"title":"Schweiz: SRG und Privatradioverb\u00e4nde planen Marketingoffensive f\u00fcr DAB+","author":"Administrator","date":"March 19, 2015","format":false,"excerpt":"http:\/\/www.blick.ch\/news\/wirtschaft\/medien-srg-und-privatradioverbaende-planen-marketingoffensive-fuer-dab-id3578783.html","rel":"","context":"In &quot;Deutsch&quot;","block_context":{"text":"Deutsch","link":"https:\/\/www.achimbrueckner.de\/dxradio\/php\/wordpress\/?cat=1"},"img":{"alt_text":"","src":"","width":0,"height":0},"classes":[]},{"id":20266,"url":"https:\/\/www.achimbrueckner.de\/dxradio\/php\/wordpress\/?p=20266","url_meta":{"origin":24563,"position":4},"title":"Neues Kinder-Medienangebot MDR TWEENS exklusiv auf DAB+","author":"Administrator","date":"December 5, 2018","format":false,"excerpt":"https:\/\/www.bayerndigitalradio.de\/2018\/12\/04\/neues-kinder-medienangebot-mdr-tweens-exklusiv-auf-dab\/","rel":"","context":"In &quot;Deutsch&quot;","block_context":{"text":"Deutsch","link":"https:\/\/www.achimbrueckner.de\/dxradio\/php\/wordpress\/?cat=1"},"img":{"alt_text":"","src":"","width":0,"height":0},"classes":[]},{"id":21245,"url":"https:\/\/www.achimbrueckner.de\/dxradio\/php\/wordpress\/?p=21245","url_meta":{"origin":24563,"position":5},"title":"Forderung der Privatfunk-Lobby ARD und ZDF auf Grundwerte reduzieren","author":"Administrator","date":"January 31, 2019","format":false,"excerpt":"https:\/\/www.tagesspiegel.de\/gesellschaft\/medien\/forderung-der-privatfunk-lobby-ard-und-zdf-auf-grundwerte-reduzieren\/23929212.html","rel":"","context":"In &quot;Deutsch&quot;","block_context":{"text":"Deutsch","link":"https:\/\/www.achimbrueckner.de\/dxradio\/php\/wordpress\/?cat=1"},"img":{"alt_text":"","src":"","width":0,"height":0},"classes":[]}],"_links":{"self":[{"href":"https:\/\/www.achimbrueckner.de\/dxradio\/php\/wordpress\/index.php?rest_route=\/wp\/v2\/posts\/24563","targetHints":{"allow":["GET"]}}],"collection":[{"href":"https:\/\/www.achimbrueckner.de\/dxradio\/php\/wordpress\/index.php?rest_route=\/wp\/v2\/posts"}],"about":[{"href":"https:\/\/www.achimbrueckner.de\/dxradio\/php\/wordpress\/index.php?rest_route=\/wp\/v2\/types\/post"}],"author":[{"embeddable":true,"href":"https:\/\/www.achimbrueckner.de\/dxradio\/php\/wordpress\/index.php?rest_route=\/wp\/v2\/users\/1"}],"replies":[{"embeddable":true,"href":"https:\/\/www.achimbrueckner.de\/dxradio\/php\/wordpress\/index.php?rest_route=%2Fwp%2Fv2%2Fcomments&post=24563"}],"version-history":[{"count":0,"href":"https:\/\/www.achimbrueckner.de\/dxradio\/php\/wordpress\/index.php?rest_route=\/wp\/v2\/posts\/24563\/revisions"}],"wp:attachment":[{"href":"https:\/\/www.achimbrueckner.de\/dxradio\/php\/wordpress\/index.php?rest_route=%2Fwp%2Fv2%2Fmedia&parent=24563"}],"wp:term":[{"taxonomy":"category","embeddable":true,"href":"https:\/\/www.achimbrueckner.de\/dxradio\/php\/wordpress\/index.php?rest_route=%2Fwp%2Fv2%2Fcategories&post=24563"},{"taxonomy":"post_tag","embeddable":true,"href":"https:\/\/www.achimbrueckner.de\/dxradio\/php\/wordpress\/index.php?rest_route=%2Fwp%2Fv2%2Ftags&post=24563"}],"curies":[{"name":"wp","href":"https:\/\/api.w.org\/{rel}","templated":true}]}}