{"id":24590,"date":"2019-09-02T14:37:29","date_gmt":"2019-09-02T14:37:29","guid":{"rendered":"https:\/\/www.achimbrueckner.de\/dxradio\/php\/wordpress\/?p=24590"},"modified":"2019-09-02T14:37:29","modified_gmt":"2019-09-02T14:37:29","slug":"reprint-wrth-auf-dvd","status":"publish","type":"post","link":"https:\/\/www.achimbrueckner.de\/dxradio\/php\/wordpress\/?p=24590","title":{"rendered":"Reprint WRTH auf DVD"},"content":{"rendered":"<p>Das World Radio TV Handbook \u2013 Reprint der Ausgaben von 1947-1998 (!) auf DVD. Gesamtpreis: 149 Euro oder alternativ 49 Euro pro Jahrzehnt.<br \/>\nBestellung bitte per E-Mail an: redaktion@radio-kurier.de<\/p>\n","protected":false},"excerpt":{"rendered":"<p>Das World Radio TV Handbook \u2013 Reprint der Ausgaben von 1947-1998 (!) auf DVD. Gesamtpreis: 149 Euro oder alternativ 49 Euro pro Jahrzehnt. Bestellung bitte per E-Mail an: redaktion@radio-kurier.de<\/p>\n","protected":false},"author":1,"featured_media":0,"comment_status":"closed","ping_status":"open","sticky":false,"template":"","format":"standard","meta":{"_jetpack_memberships_contains_paid_content":false,"footnotes":"","jetpack_publicize_message":"","jetpack_publicize_feature_enabled":true,"jetpack_social_post_already_shared":true,"jetpack_social_options":{"image_generator_settings":{"template":"highway","default_image_id":0,"font":"","enabled":false},"version":2}},"categories":[1],"tags":[24],"class_list":["post-24590","post","type-post","status-publish","format-standard","hentry","category-deutsch","tag-am"],"jetpack_publicize_connections":[],"jetpack_featured_media_url":"","jetpack_sharing_enabled":true,"jetpack_shortlink":"https:\/\/wp.me\/p5CDmr-6oC","jetpack-related-posts":[{"id":6692,"url":"https:\/\/www.achimbrueckner.de\/dxradio\/php\/wordpress\/?p=6692","url_meta":{"origin":24590,"position":0},"title":"\u201eShortwave News\u201c on DVD \u2013 Digital Reprint of all Editions ever published from 1957-2015","author":"Administrator","date":"November 30, 2015","format":false,"excerpt":"http:\/\/www.dswci.org\/dvd\/","rel":"","context":"In &quot;English&quot;","block_context":{"text":"English","link":"https:\/\/www.achimbrueckner.de\/dxradio\/php\/wordpress\/?cat=2"},"img":{"alt_text":"","src":"","width":0,"height":0},"classes":[]},{"id":3255,"url":"https:\/\/www.achimbrueckner.de\/dxradio\/php\/wordpress\/?p=3255","url_meta":{"origin":24590,"position":1},"title":"adxb-DL WM 2014 Kontest","author":"Administrator","date":"June 11, 2014","format":false,"excerpt":"Die Assoziation junger DXer e.V. (adxb-DL) richtet aus Anlass der Fu\u00dfball-Weltmeisterschaft 2014 in Brasilien vom 12. Juni bis 13. Juli 2014 wieder einen Kontest aus. Jeder Kurzwellenh\u00f6rer ist eingeladen, daran teilzunehmen. Eine Mitgliedschaft in einem Kurzwellenh\u00f6rerverein ist nicht erforderlich. Zu h\u00f6ren ist jeweils eine Rundfunkstation aus den 32 an der\u2026","rel":"","context":"In &quot;contests&quot;","block_context":{"text":"contests","link":"https:\/\/www.achimbrueckner.de\/dxradio\/php\/wordpress\/?cat=6"},"img":{"alt_text":"","src":"","width":0,"height":0},"classes":[]},{"id":3147,"url":"https:\/\/www.achimbrueckner.de\/dxradio\/php\/wordpress\/?p=3147","url_meta":{"origin":24590,"position":2},"title":"adxb-DL WM 2014 Kontest","author":"Administrator","date":"May 7, 2014","format":false,"excerpt":"Die Assoziation junger DXer e.V. (adxb-DL) richtet aus Anlass der Fu\u00dfball-Weltmeisterschaft 2014 in Brasilien vom 12. Juni bis 13. Juli 2014 wieder einen Kontest aus. Jeder Kurzwellenh\u00f6rer ist eingeladen, daran teilzunehmen. Eine Mitgliedschaft in einem Kurzwellenh\u00f6rerverein ist nicht erforderlich. Zu h\u00f6ren ist jeweils eine Rundfunkstation aus den 32 an der\u2026","rel":"","context":"In &quot;contests&quot;","block_context":{"text":"contests","link":"https:\/\/www.achimbrueckner.de\/dxradio\/php\/wordpress\/?cat=6"},"img":{"alt_text":"","src":"","width":0,"height":0},"classes":[]},{"id":34686,"url":"https:\/\/www.achimbrueckner.de\/dxradio\/php\/wordpress\/?p=34686","url_meta":{"origin":24590,"position":3},"title":"Reprints des &#8220;International Radio Club&#8221; mit \u00fcber 900 Artikeln","author":"Administrator","date":"February 20, 2022","format":false,"excerpt":"die Sammlung der Reprints des \"International Radio Club\" mit \u00fcber 900 Artikeln \u00fcber Antennen, Funkausbreitung, Empf\u00e4nger, Zubeh\u00f6r und allgemeines Interesse f\u00fcr MW-DXer wurde aktuell erg\u00e4nzt und ist unter https:\/\/www.ircaonline.org\/editor_upload\/File\/reprints\/irca-reprint-index.pdf abrufbar. Vielen Dank an den SWLing Post-Mitarbeiter Nick Hall-Patch, der diesen Hinweis unter https:\/\/swling.com\/blog\/2022\/02\/international-radio-clubs-reprints-collection-of-900-articles\/ geteilt hat. Info via A-DX","rel":"","context":"In &quot;Deutsch&quot;","block_context":{"text":"Deutsch","link":"https:\/\/www.achimbrueckner.de\/dxradio\/php\/wordpress\/?cat=1"},"img":{"alt_text":"","src":"","width":0,"height":0},"classes":[]},{"id":870,"url":"https:\/\/www.achimbrueckner.de\/dxradio\/php\/wordpress\/?p=870","url_meta":{"origin":24590,"position":4},"title":"adxb-DL Fu\u00dfball-WM 2010 Kontest","author":"Administrator","date":"January 23, 2010","format":false,"excerpt":"Die Assoziation junger DXer e.V. (adxb-DL) richtet aus Anlass der Fu\u00dfball-Weltmeisterschaft 2010 in S\u00fcdafrika vom 11. Juni bis 11. Juli 2010 einen Kontest aus. Jeder Kurzwellenh\u00f6rer ist eingeladen, daran teilzunehmen. Eine Mitgliedschaft in einem Kurzwellenh\u00f6rerverein ist nicht erforderlich. Zu h\u00f6ren ist jeweils eine Rundfunkstation aus den 32 an der WM\u2026","rel":"","context":"In &quot;contests&quot;","block_context":{"text":"contests","link":"https:\/\/www.achimbrueckner.de\/dxradio\/php\/wordpress\/?cat=6"},"img":{"alt_text":"","src":"","width":0,"height":0},"classes":[]},{"id":1014,"url":"https:\/\/www.achimbrueckner.de\/dxradio\/php\/wordpress\/?p=1014","url_meta":{"origin":24590,"position":5},"title":"adxb-DL Fu\u00dfball-WM 2010 Kontest","author":"Administrator","date":"May 12, 2010","format":false,"excerpt":"Die Assoziation junger DXer e.V. (adxb-DL) richtet aus Anlass der Fu\u00dfball-Weltmeisterschaft 2010 in S\u00fcdafrika vom 11. Juni bis 11. Juli 2010 einen Kontest aus. Jeder Kurzwellenh\u00f6rer ist eingeladen, daran teilzunehmen. Eine Mitgliedschaft in einem Kurzwellenh\u00f6rerverein ist nicht erforderlich. Zu h\u00f6ren ist jeweils eine Rundfunkstation aus den 32 an der WM\u2026","rel":"","context":"In &quot;contests&quot;","block_context":{"text":"contests","link":"https:\/\/www.achimbrueckner.de\/dxradio\/php\/wordpress\/?cat=6"},"img":{"alt_text":"","src":"","width":0,"height":0},"classes":[]}],"_links":{"self":[{"href":"https:\/\/www.achimbrueckner.de\/dxradio\/php\/wordpress\/index.php?rest_route=\/wp\/v2\/posts\/24590","targetHints":{"allow":["GET"]}}],"collection":[{"href":"https:\/\/www.achimbrueckner.de\/dxradio\/php\/wordpress\/index.php?rest_route=\/wp\/v2\/posts"}],"about":[{"href":"https:\/\/www.achimbrueckner.de\/dxradio\/php\/wordpress\/index.php?rest_route=\/wp\/v2\/types\/post"}],"author":[{"embeddable":true,"href":"https:\/\/www.achimbrueckner.de\/dxradio\/php\/wordpress\/index.php?rest_route=\/wp\/v2\/users\/1"}],"replies":[{"embeddable":true,"href":"https:\/\/www.achimbrueckner.de\/dxradio\/php\/wordpress\/index.php?rest_route=%2Fwp%2Fv2%2Fcomments&post=24590"}],"version-history":[{"count":0,"href":"https:\/\/www.achimbrueckner.de\/dxradio\/php\/wordpress\/index.php?rest_route=\/wp\/v2\/posts\/24590\/revisions"}],"wp:attachment":[{"href":"https:\/\/www.achimbrueckner.de\/dxradio\/php\/wordpress\/index.php?rest_route=%2Fwp%2Fv2%2Fmedia&parent=24590"}],"wp:term":[{"taxonomy":"category","embeddable":true,"href":"https:\/\/www.achimbrueckner.de\/dxradio\/php\/wordpress\/index.php?rest_route=%2Fwp%2Fv2%2Fcategories&post=24590"},{"taxonomy":"post_tag","embeddable":true,"href":"https:\/\/www.achimbrueckner.de\/dxradio\/php\/wordpress\/index.php?rest_route=%2Fwp%2Fv2%2Ftags&post=24590"}],"curies":[{"name":"wp","href":"https:\/\/api.w.org\/{rel}","templated":true}]}}