{"id":24597,"date":"2019-09-02T15:10:58","date_gmt":"2019-09-02T15:10:58","guid":{"rendered":"https:\/\/www.achimbrueckner.de\/dxradio\/php\/wordpress\/?p=24597"},"modified":"2019-09-02T15:10:58","modified_gmt":"2019-09-02T15:10:58","slug":"kein-radio-mehr-fur-zielgruppen-sondern-fur-raume-und-fussganger","status":"publish","type":"post","link":"https:\/\/www.achimbrueckner.de\/dxradio\/php\/wordpress\/?p=24597","title":{"rendered":"Kein Radio mehr f\u00fcr Zielgruppen, sondern f\u00fcr R\u00e4ume und Fussg\u00e4nger"},"content":{"rendered":"<p><a href=\"https:\/\/www.horizont.net\/schweiz\/nachrichten\/swiss-radio-day-nicht-radio-fuer-zielgruppen-sondern-fue-zielraeume-177209\" rel=\"noopener noreferrer\" target=\"_blank\">https:\/\/www.horizont.net\/schweiz\/nachrichten\/swiss-radio-day-nicht-radio-fuer-zielgruppen-sondern-fue-zielraeume-177209<\/a><\/p>\n","protected":false},"excerpt":{"rendered":"<p>https:\/\/www.horizont.net\/schweiz\/nachrichten\/swiss-radio-day-nicht-radio-fuer-zielgruppen-sondern-fue-zielraeume-177209<\/p>\n","protected":false},"author":1,"featured_media":0,"comment_status":"closed","ping_status":"open","sticky":false,"template":"","format":"standard","meta":{"_jetpack_memberships_contains_paid_content":false,"footnotes":"","jetpack_publicize_message":"","jetpack_publicize_feature_enabled":true,"jetpack_social_post_already_shared":true,"jetpack_social_options":{"image_generator_settings":{"template":"highway","default_image_id":0,"font":"","enabled":false},"version":2}},"categories":[1],"tags":[],"class_list":["post-24597","post","type-post","status-publish","format-standard","hentry","category-deutsch"],"jetpack_publicize_connections":[],"jetpack_featured_media_url":"","jetpack_sharing_enabled":true,"jetpack_shortlink":"https:\/\/wp.me\/p5CDmr-6oJ","jetpack-related-posts":[{"id":7373,"url":"https:\/\/www.achimbrueckner.de\/dxradio\/php\/wordpress\/?p=7373","url_meta":{"origin":24597,"position":0},"title":"Radio, das Werbemedium f\u00fcr mobile Zielgruppen","author":"Administrator","date":"January 26, 2016","format":false,"excerpt":"http:\/\/www.wuv.de\/medien\/radio_das_werbemedium_fuer_mobile_zielgruppen","rel":"","context":"In &quot;Deutsch&quot;","block_context":{"text":"Deutsch","link":"https:\/\/www.achimbrueckner.de\/dxradio\/php\/wordpress\/?cat=1"},"img":{"alt_text":"","src":"","width":0,"height":0},"classes":[]},{"id":22872,"url":"https:\/\/www.achimbrueckner.de\/dxradio\/php\/wordpress\/?p=22872","url_meta":{"origin":24597,"position":1},"title":"Digitale Sprachassistenten: Diese Zielgruppen interessieren sich f\u00fcr Alexa, Siri und Co.","author":"Administrator","date":"April 25, 2019","format":false,"excerpt":"https:\/\/t3n.de\/news\/digitale-sprachassistenten-zielgruppen-1158865\/","rel":"","context":"In &quot;Deutsch&quot;","block_context":{"text":"Deutsch","link":"https:\/\/www.achimbrueckner.de\/dxradio\/php\/wordpress\/?cat=1"},"img":{"alt_text":"","src":"","width":0,"height":0},"classes":[]},{"id":6466,"url":"https:\/\/www.achimbrueckner.de\/dxradio\/php\/wordpress\/?p=6466","url_meta":{"origin":24597,"position":2},"title":"#RAS16: Mit Radio mobile Zielgruppen erreichen","author":"Administrator","date":"November 11, 2015","format":false,"excerpt":"http:\/\/www.wuv.de\/medien\/ras16_mit_radio_mobile_zielgruppen_erreichen","rel":"","context":"In &quot;Deutsch&quot;","block_context":{"text":"Deutsch","link":"https:\/\/www.achimbrueckner.de\/dxradio\/php\/wordpress\/?cat=1"},"img":{"alt_text":"","src":"","width":0,"height":0},"classes":[]},{"id":6418,"url":"https:\/\/www.achimbrueckner.de\/dxradio\/php\/wordpress\/?p=6418","url_meta":{"origin":24597,"position":3},"title":"Warum Radio gut zu immer mobileren Zielgruppen passt","author":"Administrator","date":"November 7, 2015","format":false,"excerpt":"http:\/\/www.wuv.de\/medien\/warum_radio_gut_zu_immer_mobileren_zielgruppen_passt","rel":"","context":"In &quot;Deutsch&quot;","block_context":{"text":"Deutsch","link":"https:\/\/www.achimbrueckner.de\/dxradio\/php\/wordpress\/?cat=1"},"img":{"alt_text":"","src":"","width":0,"height":0},"classes":[]},{"id":42480,"url":"https:\/\/www.achimbrueckner.de\/dxradio\/php\/wordpress\/?p=42480","url_meta":{"origin":24597,"position":4},"title":"WDR-Programmdirektorin Andrea Schafarczyk &#8220;Den Abgesang auf das Radio bei jungen Zielgruppen teile ich nicht&#8221;","author":"Administrator","date":"March 31, 2025","format":false,"excerpt":"https:\/\/www.dwdl.de\/interviews\/101910\/den_abgesang_auf_das_radio_bei_jungen_zielgruppen_teile_ich_nicht\/","rel":"","context":"In &quot;Deutsch&quot;","block_context":{"text":"Deutsch","link":"https:\/\/www.achimbrueckner.de\/dxradio\/php\/wordpress\/?cat=1"},"img":{"alt_text":"","src":"","width":0,"height":0},"classes":[]},{"id":21393,"url":"https:\/\/www.achimbrueckner.de\/dxradio\/php\/wordpress\/?p=21393","url_meta":{"origin":24597,"position":5},"title":"Radiosender-Zielgruppen: Spitz gegen Breit","author":"Administrator","date":"February 8, 2019","format":false,"excerpt":"https:\/\/www.horizont.at\/home\/news\/detail\/radiosender-zielgruppen-spitz-gegen-breit.html","rel":"","context":"In &quot;Deutsch&quot;","block_context":{"text":"Deutsch","link":"https:\/\/www.achimbrueckner.de\/dxradio\/php\/wordpress\/?cat=1"},"img":{"alt_text":"","src":"","width":0,"height":0},"classes":[]}],"_links":{"self":[{"href":"https:\/\/www.achimbrueckner.de\/dxradio\/php\/wordpress\/index.php?rest_route=\/wp\/v2\/posts\/24597","targetHints":{"allow":["GET"]}}],"collection":[{"href":"https:\/\/www.achimbrueckner.de\/dxradio\/php\/wordpress\/index.php?rest_route=\/wp\/v2\/posts"}],"about":[{"href":"https:\/\/www.achimbrueckner.de\/dxradio\/php\/wordpress\/index.php?rest_route=\/wp\/v2\/types\/post"}],"author":[{"embeddable":true,"href":"https:\/\/www.achimbrueckner.de\/dxradio\/php\/wordpress\/index.php?rest_route=\/wp\/v2\/users\/1"}],"replies":[{"embeddable":true,"href":"https:\/\/www.achimbrueckner.de\/dxradio\/php\/wordpress\/index.php?rest_route=%2Fwp%2Fv2%2Fcomments&post=24597"}],"version-history":[{"count":0,"href":"https:\/\/www.achimbrueckner.de\/dxradio\/php\/wordpress\/index.php?rest_route=\/wp\/v2\/posts\/24597\/revisions"}],"wp:attachment":[{"href":"https:\/\/www.achimbrueckner.de\/dxradio\/php\/wordpress\/index.php?rest_route=%2Fwp%2Fv2%2Fmedia&parent=24597"}],"wp:term":[{"taxonomy":"category","embeddable":true,"href":"https:\/\/www.achimbrueckner.de\/dxradio\/php\/wordpress\/index.php?rest_route=%2Fwp%2Fv2%2Fcategories&post=24597"},{"taxonomy":"post_tag","embeddable":true,"href":"https:\/\/www.achimbrueckner.de\/dxradio\/php\/wordpress\/index.php?rest_route=%2Fwp%2Fv2%2Ftags&post=24597"}],"curies":[{"name":"wp","href":"https:\/\/api.w.org\/{rel}","templated":true}]}}