{"id":24616,"date":"2019-09-03T15:19:28","date_gmt":"2019-09-03T15:19:28","guid":{"rendered":"https:\/\/www.achimbrueckner.de\/dxradio\/php\/wordpress\/?p=24616"},"modified":"2019-09-03T15:19:28","modified_gmt":"2019-09-03T15:19:28","slug":"fake-news-sind-nichts-neues","status":"publish","type":"post","link":"https:\/\/www.achimbrueckner.de\/dxradio\/php\/wordpress\/?p=24616","title":{"rendered":"Fake News sind nichts Neues"},"content":{"rendered":"<p><a href=\"https:\/\/www.luzernerzeitung.ch\/wirtschaft\/fake-news-sind-nichts-neues-ld.1148273\" rel=\"noopener noreferrer\" target=\"_blank\">https:\/\/www.luzernerzeitung.ch\/wirtschaft\/fake-news-sind-nichts-neues-ld.1148273<\/a><\/p>\n","protected":false},"excerpt":{"rendered":"<p>https:\/\/www.luzernerzeitung.ch\/wirtschaft\/fake-news-sind-nichts-neues-ld.1148273<\/p>\n","protected":false},"author":1,"featured_media":0,"comment_status":"closed","ping_status":"open","sticky":false,"template":"","format":"standard","meta":{"_jetpack_memberships_contains_paid_content":false,"footnotes":"","jetpack_publicize_message":"","jetpack_publicize_feature_enabled":true,"jetpack_social_post_already_shared":true,"jetpack_social_options":{"image_generator_settings":{"template":"highway","default_image_id":0,"font":"","enabled":false},"version":2}},"categories":[1],"tags":[],"class_list":["post-24616","post","type-post","status-publish","format-standard","hentry","category-deutsch"],"jetpack_publicize_connections":[],"jetpack_featured_media_url":"","jetpack_sharing_enabled":true,"jetpack_shortlink":"https:\/\/wp.me\/p5CDmr-6p2","jetpack-related-posts":[{"id":21278,"url":"https:\/\/www.achimbrueckner.de\/dxradio\/php\/wordpress\/?p=21278","url_meta":{"origin":24616,"position":0},"title":"Schon wieder ein neues Radio f\u00fcr die Zentralschweiz: Central-Gruppe greift die SRG an","author":"Administrator","date":"February 2, 2019","format":false,"excerpt":"https:\/\/www.luzernerzeitung.ch\/zentralschweiz\/luzern\/schon-wieder-ein-neues-radio-fuer-die-zentralschweiz-central-gruppe-greift-die-srg-an-ld.1090354","rel":"","context":"In &quot;Deutsch&quot;","block_context":{"text":"Deutsch","link":"https:\/\/www.achimbrueckner.de\/dxradio\/php\/wordpress\/?cat=1"},"img":{"alt_text":"","src":"","width":0,"height":0},"classes":[]},{"id":17454,"url":"https:\/\/www.achimbrueckner.de\/dxradio\/php\/wordpress\/?p=17454","url_meta":{"origin":24616,"position":1},"title":"Im Radio nichts Neues: TuneIn stoppt Sender-Aufnahme","author":"Administrator","date":"April 22, 2018","format":false,"excerpt":"https:\/\/www.smartdroid.de\/im-radio-nichts-neues-tunein-stoppt-sender-aufnahme\/","rel":"","context":"In &quot;Deutsch&quot;","block_context":{"text":"Deutsch","link":"https:\/\/www.achimbrueckner.de\/dxradio\/php\/wordpress\/?cat=1"},"img":{"alt_text":"","src":"","width":0,"height":0},"classes":[]},{"id":23411,"url":"https:\/\/www.achimbrueckner.de\/dxradio\/php\/wordpress\/?p=23411","url_meta":{"origin":24616,"position":2},"title":"Junge Leute sind weniger anf\u00e4llig f\u00fcr Fake News als \u00e4ltere","author":"Administrator","date":"June 12, 2019","format":false,"excerpt":"https:\/\/www.jetzt.de\/politik\/baby-boomer-sind-die-staerksten-verbreiter-von-fake-news","rel":"","context":"In &quot;Deutsch&quot;","block_context":{"text":"Deutsch","link":"https:\/\/www.achimbrueckner.de\/dxradio\/php\/wordpress\/?cat=1"},"img":{"alt_text":"","src":"","width":0,"height":0},"classes":[]},{"id":4556,"url":"https:\/\/www.achimbrueckner.de\/dxradio\/php\/wordpress\/?p=4556","url_meta":{"origin":24616,"position":3},"title":"US-Auslandssender Im Westen nichts Neues","author":"Administrator","date":"May 7, 2015","format":false,"excerpt":"http:\/\/www.sueddeutsche.de\/medien\/us-auslandssender-im-westen-nichts-neues-1.2467636","rel":"","context":"In &quot;Deutsch&quot;","block_context":{"text":"Deutsch","link":"https:\/\/www.achimbrueckner.de\/dxradio\/php\/wordpress\/?cat=1"},"img":{"alt_text":"","src":"","width":0,"height":0},"classes":[]},{"id":16892,"url":"https:\/\/www.achimbrueckner.de\/dxradio\/php\/wordpress\/?p=16892","url_meta":{"origin":24616,"position":4},"title":"Heikler Kampf gegen Fake News","author":"Administrator","date":"March 13, 2018","format":false,"excerpt":"http:\/\/www.luzernerzeitung.ch\/nachrichten\/international\/heikler-kampf-gegen-fake-news;art9640,1216223","rel":"","context":"In &quot;Deutsch&quot;","block_context":{"text":"Deutsch","link":"https:\/\/www.achimbrueckner.de\/dxradio\/php\/wordpress\/?cat=1"},"img":{"alt_text":"","src":"","width":0,"height":0},"classes":[]},{"id":28827,"url":"https:\/\/www.achimbrueckner.de\/dxradio\/php\/wordpress\/?p=28827","url_meta":{"origin":24616,"position":5},"title":"Coronavirus und Covid-19 Twitter: 82 Prozent der 50 einflussreichsten Retweet-Accounts sind Bots","author":"Administrator","date":"May 26, 2020","format":false,"excerpt":"https:\/\/www.deutschlandfunknova.de\/beitrag\/fake-news-82-prozent-der-50-einflussreichsten-retweeter-sind-bots","rel":"","context":"In &quot;Deutsch&quot;","block_context":{"text":"Deutsch","link":"https:\/\/www.achimbrueckner.de\/dxradio\/php\/wordpress\/?cat=1"},"img":{"alt_text":"","src":"","width":0,"height":0},"classes":[]}],"_links":{"self":[{"href":"https:\/\/www.achimbrueckner.de\/dxradio\/php\/wordpress\/index.php?rest_route=\/wp\/v2\/posts\/24616","targetHints":{"allow":["GET"]}}],"collection":[{"href":"https:\/\/www.achimbrueckner.de\/dxradio\/php\/wordpress\/index.php?rest_route=\/wp\/v2\/posts"}],"about":[{"href":"https:\/\/www.achimbrueckner.de\/dxradio\/php\/wordpress\/index.php?rest_route=\/wp\/v2\/types\/post"}],"author":[{"embeddable":true,"href":"https:\/\/www.achimbrueckner.de\/dxradio\/php\/wordpress\/index.php?rest_route=\/wp\/v2\/users\/1"}],"replies":[{"embeddable":true,"href":"https:\/\/www.achimbrueckner.de\/dxradio\/php\/wordpress\/index.php?rest_route=%2Fwp%2Fv2%2Fcomments&post=24616"}],"version-history":[{"count":0,"href":"https:\/\/www.achimbrueckner.de\/dxradio\/php\/wordpress\/index.php?rest_route=\/wp\/v2\/posts\/24616\/revisions"}],"wp:attachment":[{"href":"https:\/\/www.achimbrueckner.de\/dxradio\/php\/wordpress\/index.php?rest_route=%2Fwp%2Fv2%2Fmedia&parent=24616"}],"wp:term":[{"taxonomy":"category","embeddable":true,"href":"https:\/\/www.achimbrueckner.de\/dxradio\/php\/wordpress\/index.php?rest_route=%2Fwp%2Fv2%2Fcategories&post=24616"},{"taxonomy":"post_tag","embeddable":true,"href":"https:\/\/www.achimbrueckner.de\/dxradio\/php\/wordpress\/index.php?rest_route=%2Fwp%2Fv2%2Ftags&post=24616"}],"curies":[{"name":"wp","href":"https:\/\/api.w.org\/{rel}","templated":true}]}}