{"id":24628,"date":"2019-09-04T19:29:36","date_gmt":"2019-09-04T19:29:36","guid":{"rendered":"https:\/\/www.achimbrueckner.de\/dxradio\/php\/wordpress\/?p=24628"},"modified":"2019-09-04T19:29:36","modified_gmt":"2019-09-04T19:29:36","slug":"stadtgeschichte-radio-kreise-trotzen-den-nazis","status":"publish","type":"post","link":"https:\/\/www.achimbrueckner.de\/dxradio\/php\/wordpress\/?p=24628","title":{"rendered":"Stadtgeschichte: Radio-Kreise trotzen den Nazis"},"content":{"rendered":"<p><a href=\"https:\/\/www.lz.de\/lippe\/oerlinghausen\/22551399_Stadtgeschichte-Radio-Kreise-trotzen-den-Nazis.html\" rel=\"noopener noreferrer\" target=\"_blank\">https:\/\/www.lz.de\/lippe\/oerlinghausen\/22551399_Stadtgeschichte-Radio-Kreise-trotzen-den-Nazis.html<\/a><\/p>\n","protected":false},"excerpt":{"rendered":"<p>https:\/\/www.lz.de\/lippe\/oerlinghausen\/22551399_Stadtgeschichte-Radio-Kreise-trotzen-den-Nazis.html<\/p>\n","protected":false},"author":1,"featured_media":0,"comment_status":"closed","ping_status":"open","sticky":false,"template":"","format":"standard","meta":{"_jetpack_memberships_contains_paid_content":false,"footnotes":"","jetpack_publicize_message":"","jetpack_publicize_feature_enabled":true,"jetpack_social_post_already_shared":true,"jetpack_social_options":{"image_generator_settings":{"template":"highway","default_image_id":0,"font":"","enabled":false},"version":2}},"categories":[1],"tags":[],"class_list":["post-24628","post","type-post","status-publish","format-standard","hentry","category-deutsch"],"jetpack_publicize_connections":[],"jetpack_featured_media_url":"","jetpack_sharing_enabled":true,"jetpack_shortlink":"https:\/\/wp.me\/p5CDmr-6pe","jetpack-related-posts":[{"id":12730,"url":"https:\/\/www.achimbrueckner.de\/dxradio\/php\/wordpress\/?p=12730","url_meta":{"origin":24628,"position":0},"title":"Traditionelle Medien trotzen dem Internet","author":"Administrator","date":"April 3, 2017","format":false,"excerpt":"http:\/\/www.wort.lu\/de\/business\/mediennutzung-traditionelle-medien-trotzen-dem-internet-58dcb8a5a5e74263e13acc54","rel":"","context":"In &quot;Deutsch&quot;","block_context":{"text":"Deutsch","link":"https:\/\/www.achimbrueckner.de\/dxradio\/php\/wordpress\/?cat=1"},"img":{"alt_text":"","src":"","width":0,"height":0},"classes":[]},{"id":28127,"url":"https:\/\/www.achimbrueckner.de\/dxradio\/php\/wordpress\/?p=28127","url_meta":{"origin":24628,"position":1},"title":"Ein Weg aus der Isolation: Funkamateure in Augsburg trotzen der Corona-Krise","author":"Administrator","date":"April 14, 2020","format":false,"excerpt":"https:\/\/www.stadtzeitung.de\/region\/augsburg\/lokales\/weg-isolation-funkamateure-augsburg-trotzen-corona-krise-id205556.html","rel":"","context":"In &quot;Deutsch&quot;","block_context":{"text":"Deutsch","link":"https:\/\/www.achimbrueckner.de\/dxradio\/php\/wordpress\/?cat=1"},"img":{"alt_text":"","src":"","width":0,"height":0},"classes":[]},{"id":41808,"url":"https:\/\/www.achimbrueckner.de\/dxradio\/php\/wordpress\/?p=41808","url_meta":{"origin":24628,"position":2},"title":"Kreise: RSA Radio (Allg\u00e4u) schaltet erste UKW-Frequenzen ab","author":"Administrator","date":"October 15, 2024","format":false,"excerpt":"https:\/\/www.satellifax.de\/mlesen.php?id=4e3d1fb36e82f17cae888a1b2d35cf73","rel":"","context":"In &quot;Deutsch&quot;","block_context":{"text":"Deutsch","link":"https:\/\/www.achimbrueckner.de\/dxradio\/php\/wordpress\/?cat=1"},"img":{"alt_text":"","src":"","width":0,"height":0},"classes":[]},{"id":13318,"url":"https:\/\/www.achimbrueckner.de\/dxradio\/php\/wordpress\/?p=13318","url_meta":{"origin":24628,"position":3},"title":"Telekom will Funkt\u00fcrme bis Ende des Jahres verkaufen","author":"Administrator","date":"June 2, 2017","format":false,"excerpt":"http:\/\/www.wiwo.de\/unternehmen\/it\/kreise-telekom-will-funktuerme-bis-ende-des-jahres-verkaufen\/19880432.html","rel":"","context":"In &quot;Deutsch&quot;","block_context":{"text":"Deutsch","link":"https:\/\/www.achimbrueckner.de\/dxradio\/php\/wordpress\/?cat=1"},"img":{"alt_text":"","src":"","width":0,"height":0},"classes":[]},{"id":8805,"url":"https:\/\/www.achimbrueckner.de\/dxradio\/php\/wordpress\/?p=8805","url_meta":{"origin":24628,"position":4},"title":"DX-Camp D\u00f6briach &#8211; 30. Juli bis 13. August 2016","author":"Administrator","date":"July 13, 2016","format":false,"excerpt":"Zur Erinnerung: Das diesj\u00e4hrige Hobbytreffen am K\u00e4rntner Millst\u00e4ttersee findet vom 30. Juli bis 13. August statt! Auch Kurzentschlossene sind herzlich willkommen! Es gibt vielleicht DX-Camps, in denen mehr Logs produziert werden, wer aber Hobby und Ferien im Kreise Gleichgesinnter machen m\u00f6chte, neben dem DX-Hobby etwas f\u00fcr Lagerfeuerromantik, gemeinsame Unternehmungen und\u2026","rel":"","context":"In &quot;camps&quot;","block_context":{"text":"camps","link":"https:\/\/www.achimbrueckner.de\/dxradio\/php\/wordpress\/?cat=5"},"img":{"alt_text":"","src":"","width":0,"height":0},"classes":[]},{"id":1850,"url":"https:\/\/www.achimbrueckner.de\/dxradio\/php\/wordpress\/?p=1850","url_meta":{"origin":24628,"position":5},"title":"Die Nummer 1 in den deutschen Radio-Facebook-Charts","author":"Administrator","date":"October 26, 2011","format":false,"excerpt":"Die Nummer 1 in den deutschen Radio-Facebook-Charts http:\/\/www.radioszene.de\/31018\/die-nummer-1-in-den-deutschen-radio-facebook-charts.html","rel":"","context":"In &quot;Deutsch&quot;","block_context":{"text":"Deutsch","link":"https:\/\/www.achimbrueckner.de\/dxradio\/php\/wordpress\/?cat=1"},"img":{"alt_text":"","src":"","width":0,"height":0},"classes":[]}],"_links":{"self":[{"href":"https:\/\/www.achimbrueckner.de\/dxradio\/php\/wordpress\/index.php?rest_route=\/wp\/v2\/posts\/24628","targetHints":{"allow":["GET"]}}],"collection":[{"href":"https:\/\/www.achimbrueckner.de\/dxradio\/php\/wordpress\/index.php?rest_route=\/wp\/v2\/posts"}],"about":[{"href":"https:\/\/www.achimbrueckner.de\/dxradio\/php\/wordpress\/index.php?rest_route=\/wp\/v2\/types\/post"}],"author":[{"embeddable":true,"href":"https:\/\/www.achimbrueckner.de\/dxradio\/php\/wordpress\/index.php?rest_route=\/wp\/v2\/users\/1"}],"replies":[{"embeddable":true,"href":"https:\/\/www.achimbrueckner.de\/dxradio\/php\/wordpress\/index.php?rest_route=%2Fwp%2Fv2%2Fcomments&post=24628"}],"version-history":[{"count":0,"href":"https:\/\/www.achimbrueckner.de\/dxradio\/php\/wordpress\/index.php?rest_route=\/wp\/v2\/posts\/24628\/revisions"}],"wp:attachment":[{"href":"https:\/\/www.achimbrueckner.de\/dxradio\/php\/wordpress\/index.php?rest_route=%2Fwp%2Fv2%2Fmedia&parent=24628"}],"wp:term":[{"taxonomy":"category","embeddable":true,"href":"https:\/\/www.achimbrueckner.de\/dxradio\/php\/wordpress\/index.php?rest_route=%2Fwp%2Fv2%2Fcategories&post=24628"},{"taxonomy":"post_tag","embeddable":true,"href":"https:\/\/www.achimbrueckner.de\/dxradio\/php\/wordpress\/index.php?rest_route=%2Fwp%2Fv2%2Ftags&post=24628"}],"curies":[{"name":"wp","href":"https:\/\/api.w.org\/{rel}","templated":true}]}}