{"id":24639,"date":"2019-09-06T15:31:01","date_gmt":"2019-09-06T15:31:01","guid":{"rendered":"https:\/\/www.achimbrueckner.de\/dxradio\/php\/wordpress\/?p=24639"},"modified":"2019-09-06T15:31:01","modified_gmt":"2019-09-06T15:31:01","slug":"sie-glauben-nicht-welche-vorteile-dab-hat","status":"publish","type":"post","link":"https:\/\/www.achimbrueckner.de\/dxradio\/php\/wordpress\/?p=24639","title":{"rendered":"Sie glauben nicht, welche Vorteile DAB+ hat!"},"content":{"rendered":"<p><a href=\"https:\/\/www.swr.de\/home\/Diese-Vorteile-hat-DAB,thementag-100.html\" rel=\"noopener noreferrer\" target=\"_blank\">https:\/\/www.swr.de\/home\/Diese-Vorteile-hat-DAB,thementag-100.html<\/a><\/p>\n","protected":false},"excerpt":{"rendered":"<p>https:\/\/www.swr.de\/home\/Diese-Vorteile-hat-DAB,thementag-100.html<\/p>\n","protected":false},"author":1,"featured_media":0,"comment_status":"closed","ping_status":"open","sticky":false,"template":"","format":"standard","meta":{"_jetpack_memberships_contains_paid_content":false,"footnotes":"","jetpack_publicize_message":"","jetpack_publicize_feature_enabled":true,"jetpack_social_post_already_shared":true,"jetpack_social_options":{"image_generator_settings":{"template":"highway","default_image_id":0,"font":"","enabled":false},"version":2}},"categories":[1],"tags":[31],"class_list":["post-24639","post","type-post","status-publish","format-standard","hentry","category-deutsch","tag-dab"],"jetpack_publicize_connections":[],"jetpack_featured_media_url":"","jetpack_sharing_enabled":true,"jetpack_shortlink":"https:\/\/wp.me\/p5CDmr-6pp","jetpack-related-posts":[{"id":32377,"url":"https:\/\/www.achimbrueckner.de\/dxradio\/php\/wordpress\/?p=32377","url_meta":{"origin":24639,"position":0},"title":"DAB-Digitalradio im Auto hat viele Vorteile: So g\u00fcnstig ist das Nachr\u00fcsten \u00e4lterer Fahrzeuge","author":"Administrator","date":"March 30, 2021","format":false,"excerpt":"https:\/\/www.hna.de\/auto\/dab-digitalradio-fahrer-vorteile-preis-nachruestung-alter-fahrzeug-technik-adapter-empfang-koeln-zr-90272754.html","rel":"","context":"In &quot;Deutsch&quot;","block_context":{"text":"Deutsch","link":"https:\/\/www.achimbrueckner.de\/dxradio\/php\/wordpress\/?cat=1"},"img":{"alt_text":"","src":"","width":0,"height":0},"classes":[]},{"id":29480,"url":"https:\/\/www.achimbrueckner.de\/dxradio\/php\/wordpress\/?p=29480","url_meta":{"origin":24639,"position":1},"title":"Was sind die Vorteile vom DAB+ Radio?","author":"Administrator","date":"July 20, 2020","format":false,"excerpt":"https:\/\/www.ndr.de\/fernsehen\/sendungen\/nordmagazin\/Was-sind-die-Vorteile-vom-DAB-Radio,nordmagazin75746.html","rel":"","context":"In &quot;Deutsch&quot;","block_context":{"text":"Deutsch","link":"https:\/\/www.achimbrueckner.de\/dxradio\/php\/wordpress\/?cat=1"},"img":{"alt_text":"","src":"","width":0,"height":0},"classes":[]},{"id":10161,"url":"https:\/\/www.achimbrueckner.de\/dxradio\/php\/wordpress\/?p=10161","url_meta":{"origin":24639,"position":2},"title":"Thementag in der ARD Rundfunk wirbt f\u00fcr das Digitalradio","author":"Administrator","date":"August 31, 2016","format":false,"excerpt":"http:\/\/www.br.de\/mediathek\/video\/sendungen\/nachrichten\/ard-thementag-dab-plus-digitalradio-100.html","rel":"","context":"In &quot;Deutsch&quot;","block_context":{"text":"Deutsch","link":"https:\/\/www.achimbrueckner.de\/dxradio\/php\/wordpress\/?cat=1"},"img":{"alt_text":"","src":"","width":0,"height":0},"classes":[]},{"id":25631,"url":"https:\/\/www.achimbrueckner.de\/dxradio\/php\/wordpress\/?p=25631","url_meta":{"origin":24639,"position":3},"title":"DAB+ oder UKW: Jede Rundfunktechnologie besitzt charakteristische Vor- und Nachteile","author":"Administrator","date":"November 5, 2019","format":false,"excerpt":"https:\/\/www.radioszene.de\/138124\/dab-ukw-vorteile-nachteile-michael-radomski.html","rel":"","context":"In &quot;Deutsch&quot;","block_context":{"text":"Deutsch","link":"https:\/\/www.achimbrueckner.de\/dxradio\/php\/wordpress\/?cat=1"},"img":{"alt_text":"","src":"","width":0,"height":0},"classes":[]},{"id":37911,"url":"https:\/\/www.achimbrueckner.de\/dxradio\/php\/wordpress\/?p=37911","url_meta":{"origin":24639,"position":4},"title":"Ohne Rauschen &#8211; DAB+ ist das Radio der Zukunft","author":"Administrator","date":"November 11, 2022","format":false,"excerpt":"https:\/\/www.swr.de\/swr4\/tipps\/artikel-dab-plus-empfang-tipps-100.html","rel":"","context":"In &quot;Deutsch&quot;","block_context":{"text":"Deutsch","link":"https:\/\/www.achimbrueckner.de\/dxradio\/php\/wordpress\/?cat=1"},"img":{"alt_text":"","src":"","width":0,"height":0},"classes":[]},{"id":11149,"url":"https:\/\/www.achimbrueckner.de\/dxradio\/php\/wordpress\/?p=11149","url_meta":{"origin":24639,"position":5},"title":"DAB+. Mehr Radio.","author":"Administrator","date":"November 25, 2016","format":false,"excerpt":"http:\/\/www.ndr.de\/radio\/DAB-plus-digitalradio-thementag,dabplus144.html","rel":"","context":"In &quot;Deutsch&quot;","block_context":{"text":"Deutsch","link":"https:\/\/www.achimbrueckner.de\/dxradio\/php\/wordpress\/?cat=1"},"img":{"alt_text":"","src":"","width":0,"height":0},"classes":[]}],"_links":{"self":[{"href":"https:\/\/www.achimbrueckner.de\/dxradio\/php\/wordpress\/index.php?rest_route=\/wp\/v2\/posts\/24639","targetHints":{"allow":["GET"]}}],"collection":[{"href":"https:\/\/www.achimbrueckner.de\/dxradio\/php\/wordpress\/index.php?rest_route=\/wp\/v2\/posts"}],"about":[{"href":"https:\/\/www.achimbrueckner.de\/dxradio\/php\/wordpress\/index.php?rest_route=\/wp\/v2\/types\/post"}],"author":[{"embeddable":true,"href":"https:\/\/www.achimbrueckner.de\/dxradio\/php\/wordpress\/index.php?rest_route=\/wp\/v2\/users\/1"}],"replies":[{"embeddable":true,"href":"https:\/\/www.achimbrueckner.de\/dxradio\/php\/wordpress\/index.php?rest_route=%2Fwp%2Fv2%2Fcomments&post=24639"}],"version-history":[{"count":0,"href":"https:\/\/www.achimbrueckner.de\/dxradio\/php\/wordpress\/index.php?rest_route=\/wp\/v2\/posts\/24639\/revisions"}],"wp:attachment":[{"href":"https:\/\/www.achimbrueckner.de\/dxradio\/php\/wordpress\/index.php?rest_route=%2Fwp%2Fv2%2Fmedia&parent=24639"}],"wp:term":[{"taxonomy":"category","embeddable":true,"href":"https:\/\/www.achimbrueckner.de\/dxradio\/php\/wordpress\/index.php?rest_route=%2Fwp%2Fv2%2Fcategories&post=24639"},{"taxonomy":"post_tag","embeddable":true,"href":"https:\/\/www.achimbrueckner.de\/dxradio\/php\/wordpress\/index.php?rest_route=%2Fwp%2Fv2%2Ftags&post=24639"}],"curies":[{"name":"wp","href":"https:\/\/api.w.org\/{rel}","templated":true}]}}