{"id":24659,"date":"2019-09-06T21:27:34","date_gmt":"2019-09-06T21:27:34","guid":{"rendered":"https:\/\/www.achimbrueckner.de\/dxradio\/php\/wordpress\/?p=24659"},"modified":"2019-09-06T21:27:34","modified_gmt":"2019-09-06T21:27:34","slug":"wiedereroeffnung-nur-ein-pr-gag-niemand-will-den-telemichel","status":"publish","type":"post","link":"https:\/\/www.achimbrueckner.de\/dxradio\/php\/wordpress\/?p=24659","title":{"rendered":"wiedereroeffnung-nur-ein-pr-gag&#8211;niemand-will-den-telemichel"},"content":{"rendered":"<p><a href=\"https:\/\/www.mopo.de\/hamburg\/wiedereroeffnung-nur-ein-pr-gag--niemand-will-den-telemichel--33122686\" rel=\"noopener noreferrer\" target=\"_blank\">https:\/\/www.mopo.de\/hamburg\/wiedereroeffnung-nur-ein-pr-gag&#8211;niemand-will-den-telemichel&#8211;33122686<\/a><\/p>\n","protected":false},"excerpt":{"rendered":"<p>https:\/\/www.mopo.de\/hamburg\/wiedereroeffnung-nur-ein-pr-gag&#8211;niemand-will-den-telemichel&#8211;33122686<\/p>\n","protected":false},"author":1,"featured_media":0,"comment_status":"closed","ping_status":"open","sticky":false,"template":"","format":"standard","meta":{"_jetpack_memberships_contains_paid_content":false,"footnotes":"","jetpack_publicize_message":"","jetpack_publicize_feature_enabled":true,"jetpack_social_post_already_shared":true,"jetpack_social_options":{"image_generator_settings":{"template":"highway","default_image_id":0,"font":"","enabled":false},"version":2}},"categories":[1],"tags":[24],"class_list":["post-24659","post","type-post","status-publish","format-standard","hentry","category-deutsch","tag-am"],"jetpack_publicize_connections":[],"jetpack_featured_media_url":"","jetpack_sharing_enabled":true,"jetpack_shortlink":"https:\/\/wp.me\/p5CDmr-6pJ","jetpack-related-posts":[{"id":11842,"url":"https:\/\/www.achimbrueckner.de\/dxradio\/php\/wordpress\/?p=11842","url_meta":{"origin":24659,"position":0},"title":"Der Heinrich-Hertz-Turm &#8211; Hamburgs &#8220;Telemichel&#8221;","author":"Administrator","date":"January 23, 2017","format":false,"excerpt":"https:\/\/www.ndr.de\/kultur\/geschichte\/Der-Heinrich-Hertz-Turm-Hamburgs-Telemichel,fernsehturm184.html","rel":"","context":"In &quot;Deutsch&quot;","block_context":{"text":"Deutsch","link":"https:\/\/www.achimbrueckner.de\/dxradio\/php\/wordpress\/?cat=1"},"img":{"alt_text":"","src":"","width":0,"height":0},"classes":[]},{"id":17603,"url":"https:\/\/www.achimbrueckner.de\/dxradio\/php\/wordpress\/?p=17603","url_meta":{"origin":24659,"position":1},"title":"Mobiles Studio im 22. Stock: HAMBURG ZWEI sendet am Freitag live vom Telemichel","author":"Administrator","date":"May 3, 2018","format":false,"excerpt":"http:\/\/www.radiowoche.de\/mobiles-studio-im-22-stock-hamburg-zwei-sendet-am-freitag-live-vom-telemichel\/","rel":"","context":"In &quot;Deutsch&quot;","block_context":{"text":"Deutsch","link":"https:\/\/www.achimbrueckner.de\/dxradio\/php\/wordpress\/?cat=1"},"img":{"alt_text":"","src":"","width":0,"height":0},"classes":[]},{"id":43016,"url":"https:\/\/www.achimbrueckner.de\/dxradio\/php\/wordpress\/?p=43016","url_meta":{"origin":24659,"position":2},"title":"DFMG reicht Bauantr\u00e4ge ein: Wiederer\u00f6ffnung des Hamburger Fernsehturms r\u00fcckt n\u00e4her","author":"Administrator","date":"June 13, 2025","format":false,"excerpt":"https:\/\/www.radioblog.eu\/2025\/06\/13\/dfmg-reicht-bauantraege-ein-wiedereroeffnung-des-hamburger-fernsehturms-rueckt-naeher\/","rel":"","context":"In &quot;Deutsch&quot;","block_context":{"text":"Deutsch","link":"https:\/\/www.achimbrueckner.de\/dxradio\/php\/wordpress\/?cat=1"},"img":{"alt_text":"","src":"","width":0,"height":0},"classes":[]},{"id":13524,"url":"https:\/\/www.achimbrueckner.de\/dxradio\/php\/wordpress\/?p=13524","url_meta":{"origin":24659,"position":3},"title":"Dresdner Fernsehturm Keine Wiederer\u00f6ffnung, keine Seilbahn","author":"Administrator","date":"June 24, 2017","format":false,"excerpt":"http:\/\/www.dnn.de\/Dresden\/Lokales\/Keine-Wiedereroeffnung-keine-Seilbahn","rel":"","context":"In &quot;Deutsch&quot;","block_context":{"text":"Deutsch","link":"https:\/\/www.achimbrueckner.de\/dxradio\/php\/wordpress\/?cat=1"},"img":{"alt_text":"","src":"","width":0,"height":0},"classes":[]},{"id":25302,"url":"https:\/\/www.achimbrueckner.de\/dxradio\/php\/wordpress\/?p=25302","url_meta":{"origin":24659,"position":4},"title":"Wiederer\u00f6ffnung des Fernsehturms: In Wachwitz regt sich der Widerstand","author":"Administrator","date":"October 14, 2019","format":false,"excerpt":"https:\/\/www.tag24.de\/nachrichten\/wiedereroeffnung-des-fernsehturms-in-wachwitz-regt-sich-der-widerstand-1248692","rel":"","context":"In &quot;Deutsch&quot;","block_context":{"text":"Deutsch","link":"https:\/\/www.achimbrueckner.de\/dxradio\/php\/wordpress\/?cat=1"},"img":{"alt_text":"","src":"","width":0,"height":0},"classes":[]},{"id":20749,"url":"https:\/\/www.achimbrueckner.de\/dxradio\/php\/wordpress\/?p=20749","url_meta":{"origin":24659,"position":5},"title":"2023 ist Wiederer\u00f6ffnung Neuer Betreiber f\u00fcr Fernsehturm steht fest","author":"Administrator","date":"January 5, 2019","format":false,"excerpt":"https:\/\/www.mopo.de\/hamburg\/2023-ist-wiedereroeffnung-neuer-betreiber-fuer-fernsehturm-steht-fest-31820468?dmcid=sm_fb","rel":"","context":"In &quot;Deutsch&quot;","block_context":{"text":"Deutsch","link":"https:\/\/www.achimbrueckner.de\/dxradio\/php\/wordpress\/?cat=1"},"img":{"alt_text":"","src":"","width":0,"height":0},"classes":[]}],"_links":{"self":[{"href":"https:\/\/www.achimbrueckner.de\/dxradio\/php\/wordpress\/index.php?rest_route=\/wp\/v2\/posts\/24659","targetHints":{"allow":["GET"]}}],"collection":[{"href":"https:\/\/www.achimbrueckner.de\/dxradio\/php\/wordpress\/index.php?rest_route=\/wp\/v2\/posts"}],"about":[{"href":"https:\/\/www.achimbrueckner.de\/dxradio\/php\/wordpress\/index.php?rest_route=\/wp\/v2\/types\/post"}],"author":[{"embeddable":true,"href":"https:\/\/www.achimbrueckner.de\/dxradio\/php\/wordpress\/index.php?rest_route=\/wp\/v2\/users\/1"}],"replies":[{"embeddable":true,"href":"https:\/\/www.achimbrueckner.de\/dxradio\/php\/wordpress\/index.php?rest_route=%2Fwp%2Fv2%2Fcomments&post=24659"}],"version-history":[{"count":0,"href":"https:\/\/www.achimbrueckner.de\/dxradio\/php\/wordpress\/index.php?rest_route=\/wp\/v2\/posts\/24659\/revisions"}],"wp:attachment":[{"href":"https:\/\/www.achimbrueckner.de\/dxradio\/php\/wordpress\/index.php?rest_route=%2Fwp%2Fv2%2Fmedia&parent=24659"}],"wp:term":[{"taxonomy":"category","embeddable":true,"href":"https:\/\/www.achimbrueckner.de\/dxradio\/php\/wordpress\/index.php?rest_route=%2Fwp%2Fv2%2Fcategories&post=24659"},{"taxonomy":"post_tag","embeddable":true,"href":"https:\/\/www.achimbrueckner.de\/dxradio\/php\/wordpress\/index.php?rest_route=%2Fwp%2Fv2%2Ftags&post=24659"}],"curies":[{"name":"wp","href":"https:\/\/api.w.org\/{rel}","templated":true}]}}