{"id":24675,"date":"2019-09-08T08:47:32","date_gmt":"2019-09-08T08:47:32","guid":{"rendered":"https:\/\/www.achimbrueckner.de\/dxradio\/php\/wordpress\/?p=24675"},"modified":"2019-09-08T08:47:32","modified_gmt":"2019-09-08T08:47:32","slug":"umbauprozess-der-br-reduziert-seine-direktionen-von-sechs-auf-funf","status":"publish","type":"post","link":"https:\/\/www.achimbrueckner.de\/dxradio\/php\/wordpress\/?p=24675","title":{"rendered":"Umbauprozess: Der BR reduziert seine Direktionen von sechs auf f\u00fcnf"},"content":{"rendered":"<p><a href=\"https:\/\/www.medienkorrespondenz.de\/politik\/artikel\/umbauprozess-der-br-reduziert-seine-direktionen-von-sechs-auf-fuenf.html\" rel=\"noopener noreferrer\" target=\"_blank\">https:\/\/www.medienkorrespondenz.de\/politik\/artikel\/umbauprozess-der-br-reduziert-seine-direktionen-von-sechs-auf-fuenf.html<\/a><\/p>\n","protected":false},"excerpt":{"rendered":"<p>https:\/\/www.medienkorrespondenz.de\/politik\/artikel\/umbauprozess-der-br-reduziert-seine-direktionen-von-sechs-auf-fuenf.html<\/p>\n","protected":false},"author":1,"featured_media":0,"comment_status":"closed","ping_status":"open","sticky":false,"template":"","format":"standard","meta":{"_jetpack_memberships_contains_paid_content":false,"footnotes":"","jetpack_publicize_message":"","jetpack_publicize_feature_enabled":true,"jetpack_social_post_already_shared":true,"jetpack_social_options":{"image_generator_settings":{"template":"highway","default_image_id":0,"font":"","enabled":false},"version":2}},"categories":[1,15],"tags":[45],"class_list":["post-24675","post","type-post","status-publish","format-standard","hentry","category-deutsch","category-medien","tag-medien"],"jetpack_publicize_connections":[],"jetpack_featured_media_url":"","jetpack_sharing_enabled":true,"jetpack_shortlink":"https:\/\/wp.me\/p5CDmr-6pZ","jetpack-related-posts":[{"id":27453,"url":"https:\/\/www.achimbrueckner.de\/dxradio\/php\/wordpress\/?p=27453","url_meta":{"origin":24675,"position":0},"title":"Fernseh- und H\u00f6rfunkdirektionen werden aufgel\u00f6st Neuaufstellung: HR reduziert Anzahl der Direktionen","author":"Administrator","date":"March 6, 2020","format":false,"excerpt":"https:\/\/www.dwdl.de\/nachrichten\/76554\/neuaufstellung_hr_reduziert_anzahl_der_direktionen\/","rel":"","context":"In &quot;Deutsch&quot;","block_context":{"text":"Deutsch","link":"https:\/\/www.achimbrueckner.de\/dxradio\/php\/wordpress\/?cat=1"},"img":{"alt_text":"","src":"","width":0,"height":0},"classes":[]},{"id":29261,"url":"https:\/\/www.achimbrueckner.de\/dxradio\/php\/wordpress\/?p=29261","url_meta":{"origin":24675,"position":1},"title":"H\u00f6rfunkdirektor Martin Wagner sagt ade! \u2013 BR stellt Direktionen vollst\u00e4ndig nach Inhalten auf","author":"Administrator","date":"July 1, 2020","format":false,"excerpt":"http:\/\/www.radiowoche.de\/hoerfunkdirektor-martin-wagner-sagt-ade-br-stellt-direktionen-vollstaendig-nach-inhalten-auf\/","rel":"","context":"In &quot;Deutsch&quot;","block_context":{"text":"Deutsch","link":"https:\/\/www.achimbrueckner.de\/dxradio\/php\/wordpress\/?cat=1"},"img":{"alt_text":"","src":"","width":0,"height":0},"classes":[]},{"id":39857,"url":"https:\/\/www.achimbrueckner.de\/dxradio\/php\/wordpress\/?p=39857","url_meta":{"origin":24675,"position":2},"title":"Taiwan reduziert KW-Aussendungen","author":"Administrator","date":"July 15, 2023","format":false,"excerpt":"Ab dem 1. August wird die Taiwan Central Broadcasting Corporation (CTV), die Betreibergesellschaft von Taiwan International Broadcasting \/ Radio Taiwan International, die Sendezeiten und Frequenzen auf der Kurzwelle reduzieren, um Kosten zu sparen. Folgende sechs Sprachen sind davon betroffen bzw. werden wie folgt ab Anfang August ausgesendet: Japanisch: 9740 kHz\u2026","rel":"","context":"In &quot;Deutsch&quot;","block_context":{"text":"Deutsch","link":"https:\/\/www.achimbrueckner.de\/dxradio\/php\/wordpress\/?cat=1"},"img":{"alt_text":"","src":"","width":0,"height":0},"classes":[]},{"id":29032,"url":"https:\/\/www.achimbrueckner.de\/dxradio\/php\/wordpress\/?p=29032","url_meta":{"origin":24675,"position":3},"title":"Sechs Radiosender setzen auf \u00abNewscloud\u00bb","author":"Administrator","date":"June 10, 2020","format":false,"excerpt":"https:\/\/www.persoenlich.com\/medien\/sechs-radiosender-setzen-auf-newscloud","rel":"","context":"In &quot;Deutsch&quot;","block_context":{"text":"Deutsch","link":"https:\/\/www.achimbrueckner.de\/dxradio\/php\/wordpress\/?cat=1"},"img":{"alt_text":"","src":"","width":0,"height":0},"classes":[]},{"id":34695,"url":"https:\/\/www.achimbrueckner.de\/dxradio\/php\/wordpress\/?p=34695","url_meta":{"origin":24675,"position":4},"title":"Sport1 holt sechs Sender auf seine Streamingplattform","author":"Administrator","date":"February 22, 2022","format":false,"excerpt":"https:\/\/www.digitalfernsehen.de\/news\/empfang\/streaming-empfang\/sport1-holt-sechs-sender-auf-seine-streamingplattform-589939\/","rel":"","context":"In &quot;Deutsch&quot;","block_context":{"text":"Deutsch","link":"https:\/\/www.achimbrueckner.de\/dxradio\/php\/wordpress\/?cat=1"},"img":{"alt_text":"","src":"","width":0,"height":0},"classes":[]},{"id":37347,"url":"https:\/\/www.achimbrueckner.de\/dxradio\/php\/wordpress\/?p=37347","url_meta":{"origin":24675,"position":5},"title":"Radio Menschen und Geschichten 28 August 2022","author":"Administrator","date":"August 26, 2022","format":false,"excerpt":"Nach knapp 2 Jahren gibt's noch einmal(?) eine Ausgabe von \"Radio. Menschen & Geschichten\". Reduziert auf 30 Minuten, daf\u00fcr mit allen wichtigen Inhaltsstoffen f\u00fcr eine hoffentlich ausgewogene Ohr-Kost ohne Massenausw\u00fcrfe mit folgenden Themen: * Tag 186 des russischen Angriffskrieges auf die Ukraine \u2013 und er geht auch nicht am Rundfunk\u2026","rel":"","context":"In &quot;Deutsch&quot;","block_context":{"text":"Deutsch","link":"https:\/\/www.achimbrueckner.de\/dxradio\/php\/wordpress\/?cat=1"},"img":{"alt_text":"","src":"","width":0,"height":0},"classes":[]}],"_links":{"self":[{"href":"https:\/\/www.achimbrueckner.de\/dxradio\/php\/wordpress\/index.php?rest_route=\/wp\/v2\/posts\/24675","targetHints":{"allow":["GET"]}}],"collection":[{"href":"https:\/\/www.achimbrueckner.de\/dxradio\/php\/wordpress\/index.php?rest_route=\/wp\/v2\/posts"}],"about":[{"href":"https:\/\/www.achimbrueckner.de\/dxradio\/php\/wordpress\/index.php?rest_route=\/wp\/v2\/types\/post"}],"author":[{"embeddable":true,"href":"https:\/\/www.achimbrueckner.de\/dxradio\/php\/wordpress\/index.php?rest_route=\/wp\/v2\/users\/1"}],"replies":[{"embeddable":true,"href":"https:\/\/www.achimbrueckner.de\/dxradio\/php\/wordpress\/index.php?rest_route=%2Fwp%2Fv2%2Fcomments&post=24675"}],"version-history":[{"count":0,"href":"https:\/\/www.achimbrueckner.de\/dxradio\/php\/wordpress\/index.php?rest_route=\/wp\/v2\/posts\/24675\/revisions"}],"wp:attachment":[{"href":"https:\/\/www.achimbrueckner.de\/dxradio\/php\/wordpress\/index.php?rest_route=%2Fwp%2Fv2%2Fmedia&parent=24675"}],"wp:term":[{"taxonomy":"category","embeddable":true,"href":"https:\/\/www.achimbrueckner.de\/dxradio\/php\/wordpress\/index.php?rest_route=%2Fwp%2Fv2%2Fcategories&post=24675"},{"taxonomy":"post_tag","embeddable":true,"href":"https:\/\/www.achimbrueckner.de\/dxradio\/php\/wordpress\/index.php?rest_route=%2Fwp%2Fv2%2Ftags&post=24675"}],"curies":[{"name":"wp","href":"https:\/\/api.w.org\/{rel}","templated":true}]}}