{"id":24693,"date":"2019-09-09T14:58:31","date_gmt":"2019-09-09T14:58:31","guid":{"rendered":"https:\/\/www.achimbrueckner.de\/dxradio\/php\/wordpress\/?p=24693"},"modified":"2019-09-09T14:58:31","modified_gmt":"2019-09-09T14:58:31","slug":"wie-viel-soll-ein-stream-wert-sein","status":"publish","type":"post","link":"https:\/\/www.achimbrueckner.de\/dxradio\/php\/wordpress\/?p=24693","title":{"rendered":"Wie viel soll ein Stream wert sein `?"},"content":{"rendered":"<p><a href=\"https:\/\/www.faz.net\/aktuell\/wirtschaft\/diginomics\/einfluss-auf-musik-charts-wie-viel-soll-ein-stream-wert-sein-16374683.html\" rel=\"noopener noreferrer\" target=\"_blank\">https:\/\/www.faz.net\/aktuell\/wirtschaft\/diginomics\/einfluss-auf-musik-charts-wie-viel-soll-ein-stream-wert-sein-16374683.html<\/a><\/p>\n","protected":false},"excerpt":{"rendered":"<p>https:\/\/www.faz.net\/aktuell\/wirtschaft\/diginomics\/einfluss-auf-musik-charts-wie-viel-soll-ein-stream-wert-sein-16374683.html<\/p>\n","protected":false},"author":1,"featured_media":0,"comment_status":"closed","ping_status":"open","sticky":false,"template":"","format":"standard","meta":{"_jetpack_memberships_contains_paid_content":false,"footnotes":"","jetpack_publicize_message":"","jetpack_publicize_feature_enabled":true,"jetpack_social_post_already_shared":true,"jetpack_social_options":{"image_generator_settings":{"template":"highway","default_image_id":0,"font":"","enabled":false},"version":2}},"categories":[1],"tags":[24],"class_list":["post-24693","post","type-post","status-publish","format-standard","hentry","category-deutsch","tag-am"],"jetpack_publicize_connections":[],"jetpack_featured_media_url":"","jetpack_sharing_enabled":true,"jetpack_shortlink":"https:\/\/wp.me\/p5CDmr-6qh","jetpack-related-posts":[{"id":2610,"url":"https:\/\/www.achimbrueckner.de\/dxradio\/php\/wordpress\/?p=2610","url_meta":{"origin":24693,"position":0},"title":"Heute Wiederholung Sendung: Jubi deutschsprachige Sendungen aus Quito","author":"Administrator","date":"August 17, 2013","format":false,"excerpt":"Hallo zusammen, anl\u00e4sslich des Jubil\u00e4ums \"60 Jahre deutschsprachige Sendungen aus Quito\" wiederholen wir heute Abend nochmal die Sondersendung vom Dienstag, heute Abend 17.08.2013, 20.30 UTC ( 22.30 MESZ) auf 3995 kHz und nat\u00fcrlich auch per Internetstream und Phonecast. Anschliessend dann wie \u00fcblich die DX Sendung. Mehr Infos siehe unten. 73,\u2026","rel":"","context":"In &quot;Deutsch&quot;","block_context":{"text":"Deutsch","link":"https:\/\/www.achimbrueckner.de\/dxradio\/php\/wordpress\/?cat=1"},"img":{"alt_text":"","src":"","width":0,"height":0},"classes":[]},{"id":13982,"url":"https:\/\/www.achimbrueckner.de\/dxradio\/php\/wordpress\/?p=13982","url_meta":{"origin":24693,"position":1},"title":"\u201eRundfunkpyramide\u201c soll ein nationales Kulturdenkmal sein","author":"Administrator","date":"August 1, 2017","format":false,"excerpt":"http:\/\/dersi.rtvs.sk\/clanky\/nachrichten\/139597\/rundfunkpyramide-soll-ein-nationales-kulturdenkmal-sein","rel":"","context":"In &quot;Deutsch&quot;","block_context":{"text":"Deutsch","link":"https:\/\/www.achimbrueckner.de\/dxradio\/php\/wordpress\/?cat=1"},"img":{"alt_text":"","src":"","width":0,"height":0},"classes":[]},{"id":11692,"url":"https:\/\/www.achimbrueckner.de\/dxradio\/php\/wordpress\/?p=11692","url_meta":{"origin":24693,"position":2},"title":"Unabh\u00e4ngige Medien m\u00fcssen dem Bund etwas wert sein","author":"Administrator","date":"January 11, 2017","format":false,"excerpt":"http:\/\/www.srf.ch\/news\/schweiz\/unabhaengige-medien-muessen-dem-bund-etwas-wert-sein","rel":"","context":"In &quot;Deutsch&quot;","block_context":{"text":"Deutsch","link":"https:\/\/www.achimbrueckner.de\/dxradio\/php\/wordpress\/?cat=1"},"img":{"alt_text":"","src":"","width":0,"height":0},"classes":[]},{"id":25335,"url":"https:\/\/www.achimbrueckner.de\/dxradio\/php\/wordpress\/?p=25335","url_meta":{"origin":24693,"position":3},"title":"Wie viel Anstand muss im Internet sein?","author":"Administrator","date":"October 16, 2019","format":false,"excerpt":"https:\/\/www.srf.ch\/radio-srf-1\/radio-srf-1\/hasskommentare-wie-viel-anstand-muss-im-internet-sein","rel":"","context":"In &quot;Deutsch&quot;","block_context":{"text":"Deutsch","link":"https:\/\/www.achimbrueckner.de\/dxradio\/php\/wordpress\/?cat=1"},"img":{"alt_text":"","src":"","width":0,"height":0},"classes":[]},{"id":774,"url":"https:\/\/www.achimbrueckner.de\/dxradio\/php\/wordpress\/?p=774","url_meta":{"origin":24693,"position":4},"title":"China Radio International &#8211; Deutsche Redaktion","author":"Administrator","date":"December 18, 2009","format":false,"excerpt":"Liebe Freunde von CRI, im April 2010 feiert die Deutsche Redaktion von Radio China International ihr 50-j\u00e4hriges Bestehen. Zu diesem Jubil\u00e4um d\u00fcrfen nat\u00fcrlich alte Freunde und Bekannte nicht fehlen! Anl\u00e4sslich dieses besonderen Jahrestages der Deutschen Redaktion wollen wir unter anderem einen Jubil\u00e4umsband \u00fcber die Entwicklung unserer Redaktion herausgegeben. Diese Entwicklung\u2026","rel":"","context":"In &quot;Deutsch&quot;","block_context":{"text":"Deutsch","link":"https:\/\/www.achimbrueckner.de\/dxradio\/php\/wordpress\/?cat=1"},"img":{"alt_text":"","src":"","width":0,"height":0},"classes":[]},{"id":2677,"url":"https:\/\/www.achimbrueckner.de\/dxradio\/php\/wordpress\/?p=2677","url_meta":{"origin":24693,"position":5},"title":"RMRC startet mit Sendungen \u00fcber WRMI aus Miami USA","author":"Administrator","date":"October 3, 2013","format":false,"excerpt":"Hallo Hobbyfreunde, der Rhein-Main-Radio-Club (RMRC) startet nun mit seinen im Vorfeld schon angek\u00fcndigten KW-Sendungen \u00fcber WRMI aus dem US-Sonnenstaat Florida. Beginn ist Samstag, der 5.Oktober 2013 um 23:15 - 23:45 UTC auf 9955kHz. In bestimmten Abst\u00e4nden, werden immer wieder die 30 Minuten langen Sendungen gef\u00fcllt sein mit Beitr\u00e4gen aus dem\u2026","rel":"","context":"In &quot;Deutsch&quot;","block_context":{"text":"Deutsch","link":"https:\/\/www.achimbrueckner.de\/dxradio\/php\/wordpress\/?cat=1"},"img":{"alt_text":"","src":"","width":0,"height":0},"classes":[]}],"_links":{"self":[{"href":"https:\/\/www.achimbrueckner.de\/dxradio\/php\/wordpress\/index.php?rest_route=\/wp\/v2\/posts\/24693","targetHints":{"allow":["GET"]}}],"collection":[{"href":"https:\/\/www.achimbrueckner.de\/dxradio\/php\/wordpress\/index.php?rest_route=\/wp\/v2\/posts"}],"about":[{"href":"https:\/\/www.achimbrueckner.de\/dxradio\/php\/wordpress\/index.php?rest_route=\/wp\/v2\/types\/post"}],"author":[{"embeddable":true,"href":"https:\/\/www.achimbrueckner.de\/dxradio\/php\/wordpress\/index.php?rest_route=\/wp\/v2\/users\/1"}],"replies":[{"embeddable":true,"href":"https:\/\/www.achimbrueckner.de\/dxradio\/php\/wordpress\/index.php?rest_route=%2Fwp%2Fv2%2Fcomments&post=24693"}],"version-history":[{"count":0,"href":"https:\/\/www.achimbrueckner.de\/dxradio\/php\/wordpress\/index.php?rest_route=\/wp\/v2\/posts\/24693\/revisions"}],"wp:attachment":[{"href":"https:\/\/www.achimbrueckner.de\/dxradio\/php\/wordpress\/index.php?rest_route=%2Fwp%2Fv2%2Fmedia&parent=24693"}],"wp:term":[{"taxonomy":"category","embeddable":true,"href":"https:\/\/www.achimbrueckner.de\/dxradio\/php\/wordpress\/index.php?rest_route=%2Fwp%2Fv2%2Fcategories&post=24693"},{"taxonomy":"post_tag","embeddable":true,"href":"https:\/\/www.achimbrueckner.de\/dxradio\/php\/wordpress\/index.php?rest_route=%2Fwp%2Fv2%2Ftags&post=24693"}],"curies":[{"name":"wp","href":"https:\/\/api.w.org\/{rel}","templated":true}]}}